{"id":8,"count":11,"description":"Wsp\u00f3lnota K\u00f3\u0142 \u017bywego R\u00f3\u017ca\u0144ca przy Parafii Matki Bo\u017cej istnieje od momentu erygowania tej\u017ce Parafii. Modlitwa r\u00f3\u017ca\u0144cowa w naszej \u015bwi\u0105tyni ma miejsce codziennie przed ostatni\u0105, wieczorn\u0105 Msz\u0105 \u015bwi\u0119t\u0105. T\u0105 modlitw\u0119 zawsze prowadz\u0105 dwa Ko\u0142a R\u00f3\u017ca\u0144cowe, kt\u00f3re na sta\u0142e s\u0105 zakorzenione w naszej Parafii, a ich obecna liczebno\u015b\u0107 to 40 os\u00f3b.\u00a0 Intencja r\u00f3\u017ca\u0144cowa ka\u017cdego miesi\u0105ca jest inna, a dotyczy zw\u0142aszcza spraw bie\u017c\u0105cych zwi\u0105zanych z Ko\u015bcio\u0142em powszechnym i lokalnym, a tak\u017ce problem\u00f3w naszej Ojczyzny czy pokoju na \u015bwiecie.\n\nWa\u017cnym elementem dzia\u0142a\u0144 wsp\u00f3lnot K\u00f3\u0142 \u017bywego R\u00f3\u017ca\u0144ca jest aktywne, a tak\u017ce zupe\u0142nie spo\u0142eczne w\u0142\u0105czenie si\u0119 w prace porz\u0105dkowe na terenie ko\u015bcielnym. Nie jest to tylko praca fizyczna, ale zawsze wa\u017cnym momentem jest integracja os\u00f3b nade wszystko przez modlitw\u0119, ale tak\u017ce zawsze przez regularne spotkania przy kawie i cie\u015bcie. Jest okazja do bli\u017cszego poznania si\u0119 os\u00f3b, kt\u00f3re codziennie przez ten sam akt modlitwy r\u00f3\u017ca\u0144cowej po\u015bwi\u0119caj\u0105 si\u0119 Sercu Naj\u015bwi\u0119tszej Dziewicy.\n\nPocz\u0105wszy od maja, a\u017c do pa\u017adziernika Ko\u0142a \u017bywego R\u00f3\u017ca\u0144ca pomagaj\u0105 Ksi\u0119dzu Proboszczowi przy organizacji procesji fatimskich, kt\u00f3re w naszej Parafii odbywaj\u0105 si\u0119 13-tego dnia miesi\u0105ca. Cz\u0142onkowie wsp\u00f3lnoty opr\u00f3cz odmawiania poszczeg\u00f3lnych modlitw zawsze nios\u0105 przyozdobion\u0105 figur\u0119 Matki Bo\u017cej Fatimskiej, a tak\u017ce \u015bwi\u0105teczny feretron, czy wielki r\u00f3\u017caniec.\n\nInnym istotnym aspektem funkcjonowania i formacji wsp\u00f3lnoty jest spotkanie z Jezusem Eucharystycznym. Ko\u0142a \u017bywego R\u00f3\u017ca\u0144ca codziennie, aktywnie uczestnicz\u0105 w Mszach \u015bwi\u0119tych wieczornych. Chc\u0105c za\u015b przed\u0142u\u017cy\u0107 rado\u015b\u0107 z obecno\u015bci Cia\u0142a Jezusa w\u015br\u00f3d nas prowadz\u0105 modlitwy podczas adoracji Naj\u015bwi\u0119tszego Sakramentu w pierwsze czwartki, pierwsze pi\u0105tki i pierwsze soboty miesi\u0105ca. Odmawiany jest wtedy nie tylko r\u00f3\u017caniec, ale tak\u017ce Litania do Serca Pana Jezusa, Litania Loreta\u0144ska do Naj\u015bwi\u0119tszej Maryi Panny czy Koronka do Bo\u017cego Mi\u0142osierdzia.\n\nOpiekunem K\u00f3\u0142 \u017bywego R\u00f3\u017ca\u0144ca w naszej Parafii jest Proboszcz \u2013 ks. pra\u0142. Tomasz Chcia\u0142owski. Przeprowadza on w ka\u017cd\u0105 pierwsz\u0105 niedziel\u0119 miesi\u0105ca spotkanie formacyjne oraz katechez\u0119 dla wszystkich os\u00f3b nale\u017c\u0105cych do tej wsp\u00f3lnoty. Najwa\u017cniejszym zadaniem podj\u0119tym przez Ko\u0142a \u017bywego R\u00f3\u017ca\u0144ca w naszej Parafii jest organizacja diecezjalnego spotkania dla wsp\u00f3lnot r\u00f3\u017ca\u0144cowych w maju 2019 roku.\n\n&nbsp;\n\n&nbsp;","link":"https:\/\/mbfatimska.ovh\/index.php\/category\/kola-rozancowe\/","name":"Ko\u0142a R\u00f3\u017ca\u0144cowe","slug":"kola-rozancowe","taxonomy":"category","parent":0,"meta":[],"_links":{"self":[{"href":"https:\/\/mbfatimska.ovh\/index.php\/wp-json\/wp\/v2\/categories\/8","targetHints":{"allow":["GET"]}}],"collection":[{"href":"https:\/\/mbfatimska.ovh\/index.php\/wp-json\/wp\/v2\/categories"}],"about":[{"href":"https:\/\/mbfatimska.ovh\/index.php\/wp-json\/wp\/v2\/taxonomies\/category"}],"wp:post_type":[{"href":"https:\/\/mbfatimska.ovh\/index.php\/wp-json\/wp\/v2\/posts?categories=8"}],"curies":[{"name":"wp","href":"https:\/\/api.w.org\/{rel}","templated":true}]}}