{"id":10178,"date":"2019-05-12T05:16:09","date_gmt":"2019-05-12T05:16:09","guid":{"rendered":"http:\/\/www.mbfatimska.pl\/?p=10178"},"modified":"2019-05-12T05:16:09","modified_gmt":"2019-05-12T05:16:09","slug":"iv-niedziela-wielkanocna-12-05-2019r","status":"publish","type":"post","link":"https:\/\/mbfatimska.ovh\/index.php\/2019\/05\/12\/iv-niedziela-wielkanocna-12-05-2019r\/","title":{"rendered":"IV Niedziela Wielkanocna &#8211; 12.05.2019r."},"content":{"rendered":"<ol>\n<li>\n<h4><span style=\"color: #000000;\">\u00a0Wczoraj grupa ponad 130 dzieci przyst\u0105pi\u0142a do Komunii \u015bw. rocznicowej. Dzieciom \u017cyczymy trwa\u0142ego zaprzyja\u017anienia si\u0119 z Chrystusem Eucharystycznym, a rodzicom by byli \u015bwiadkami wiary. Dzieci b\u0119d\u0105 prze\u017cywa\u0107 kr\u00f3tki mini bia\u0142y tydzie\u0144. Dzisiaj b\u0119d\u0105 uczestniczy\u0107 we Mszy \u015bw. o godz. 17.000, a w poniedzia\u0142ek, wtorek i \u015brod\u0119 o godz. 18.00.<\/span><\/h4>\n<\/li>\n<li>\n<h4><span style=\"color: #000000;\">\u00a0Dzisiaj i jutro go\u015bcimy w naszej Parafii Ordynariusza naszej Diecezji Jego Ekscelencj\u0119 Ksi\u0119dza Biskupa Romualda Kami\u0144skiego., kt\u00f3ry dokonuje wizytacji kanonicznej naszej Parafii. Na ka\u017cdej Mszy \u015bwi\u0119tej przedstawiciele grup parafialnych b\u0119d\u0105 sk\u0142ada\u0107 Ksi\u0119dzu Biskupowi sprawozdania z dzia\u0142alno\u015bci wsp\u00f3lnot. Jutro o godz. 9.00 w dniu odpustu nasz go\u015b\u0107 odprawi Msz\u0119 \u015bw. w intencji wszystkich, kt\u00f3rzy pomagali i pomagaj\u0105 w r\u00f3\u017cny spos\u00f3b w budowaniu naszej \u015bwi\u0105tyni i wsp\u00f3lnoty parafialnej. Jutro o godz. 15.00 w ko\u015bciele wsp\u00f3lnie zako\u0144czymy wizytacj\u0119 Koronk\u0105 do Bo\u017cego Mi\u0142osierdzia, na kt\u00f3r\u0105 serdecznie zapraszamy. <\/span><\/h4>\n<\/li>\n<li>\n<h4><span style=\"color: #000000;\">\u00a0Jutro, 13 maja uroczysto\u015b\u0107 odpustowa. O godz. 7.30 Msza \u015bwi\u0119ta w intencji przedsi\u0119biorc\u00f3w i pracownik\u00f3w z terenu legionowskiego, o godz. 9.00 Msza \u015bwi\u0119ta sprawowana przez Ksi\u0119dza Biskupa w intencji os\u00f3b, kt\u00f3re dbaj\u0105 o nasz\u0105 \u015bwi\u0105tyni\u0119 i teren przyko\u015bcielny, o godz. 18.00 &#8211; Bia\u0142y Tydzie\u0144, a o godz. 19.00 Msza \u015bwi\u0119ta z procesj\u0105 fatimsk\u0105 i r\u00f3\u017ca\u0144cem. Mszy \u015bwi\u0119tej przewodniczy\u0107 b\u0119dzie ks. Emil Parafiniuk &#8211; dyrektor ds. \u015awiatowych Dni M\u0142odzie\u017cy przy Konferencji Episkopatu Polski.\u00a0<\/span><\/h4>\n<\/li>\n<li>\n<h4><span style=\"color: #000000;\">\u00a0W tym tygodniu w Ko\u015bciele prze\u017cywamy Tydzie\u0144 Modlitw o powo\u0142ania. W trakcie tygodnia przypada:<\/span><\/h4>\n<h4><span style=\"color: #000000;\">&#8211; 14.05 &#8211; \u015bwi\u0119to \u015bw. Macieja Aposto\u0142a<\/span><\/h4>\n<h4><span style=\"color: #000000;\">&#8211; 16.05 &#8211; \u015bwi\u0119to \u015bw. Andrzeja Boboli &#8211; patrona Polski.<\/span><\/h4>\n<h4><span style=\"color: #000000;\">Pami\u0119tajmy w tych dniach za po\u015brednictwem \u015bwi\u0119tych Macieja i Andrzeja Boboli\u00a0 o sprawie\u00a0 powo\u0142a\u0144 do kap\u0142a\u0144stwa i \u017cycia zakonnego. <\/span><\/h4>\n<\/li>\n<li>\n<h4><span style=\"color: #000000;\">\u00a0W najbli\u017csz\u0105 sobot\u0119 o godz. 11.00 grupa 42 dzieci przyst\u0105pi do I-szej Komunii \u015bw. W pi\u0105tek dzieci z najbli\u017cszymi o godz. 16.30 przyst\u0105pi\u0105 do sakramentu pokuty. <\/span><\/h4>\n<\/li>\n<li>\n<h4><span style=\"color: #000000;\">\u00a0Odnowa w Duchu \u015awi\u0119tym przy Parafii Mi\u0142osierdzia Bo\u017cego w Legionowie organizuje wyjazd na ca\u0142odzienne, og\u00f3lnopolskie czuwanie Odnowy na wa\u0142ach Jasnej G\u00f3ry. Wyjazd ok. 5.00, powr\u00f3t ok. 22.00. Koszt 60 z\u0142. Zapisy: 501 298 019. <\/span><\/h4>\n<\/li>\n<li>\n<h4><span style=\"color: #000000;\">\u00a0W przysz\u0142\u0105 niedziel\u0119 po Mszy \u015bw. o godz. 11.00 wymiana tajemnic r\u00f3\u017ca\u0144cowych dla dzieci i rodzic\u00f3w nale\u017c\u0105cych do K\u00f3\u0142 \u017bywego R\u00f3\u017ca\u0144ca. <\/span><\/h4>\n<\/li>\n<li>\n<h4><span style=\"color: #000000;\">\u00a0Dnia 19 maja (niedziela) przy Arenie w Legionowie odb\u0119dzie si\u0119 piknik \u017co\u0142nierski pod patronatem Ministra Obrony Narodowej &#8211; pana Mariusza B\u0142aszczaka. Dok\u0142adny program wywieszony jest w gablocie.<\/span><\/h4>\n<\/li>\n<li>\n<h4><span style=\"color: #000000;\">\u00a0Serdecznie dzi\u0119kujemy za pe\u0142ne po\u015bwi\u0119cenia prace porz\u0105dkowe w czwartek i pi\u0105tek, zar\u00f3wno panom, jak i paniom. Na ch\u0119tnych czekamy r\u00f3wnie\u017c w czwartek i pi\u0105tek, by teren przygotowa\u0107 na uroczysto\u015b\u0107 I-szej Komunii \u015bw. <\/span><\/h4>\n<\/li>\n<li>\n<h4><span style=\"color: #000000;\">\u00a0Jak w ka\u017cd\u0105 niedziel\u0119 po Mszach \u015awi\u0119tych o 9.00, 11.00, 12.30 zapraszamy do naszej kawiarenki parafialnej na gofry, ciasto, kaw\u0119, herbat\u0119 i inne smako\u0142yki. Tradycyjnie zapraszamy do darmowej degustacji chleba domowego wypieku, a tak\u017ce wiejskiego smalcu.<\/span><\/h4>\n<\/li>\n<li>\n<h4><span style=\"color: #000000;\">\u00a0Zach\u0119camy do lektury diecezjalnego tygodnika \u201eIdziemy\u201d.<\/span><\/h4>\n<\/li>\n<\/ol>\n","protected":false},"excerpt":{"rendered":"<p>\u00a0Wczoraj grupa ponad 130 dzieci przyst\u0105pi\u0142a do Komunii \u015bw. rocznicowej. Dzieciom \u017cyczymy trwa\u0142ego zaprzyja\u017anienia si\u0119 z Chrystusem Eucharystycznym, a rodzicom by byli \u015bwiadkami wiary. Dzieci b\u0119d\u0105 prze\u017cywa\u0107 kr\u00f3tki mini bia\u0142y tydzie\u0144. Dzisiaj b\u0119d\u0105 uczestniczy\u0107 we Mszy \u015bw. o godz. 17.000, a w poniedzia\u0142ek, wtorek i \u015brod\u0119 o godz. 18.00. \u00a0Dzisiaj i jutro go\u015bcimy w naszej [&hellip;]<\/p>\n","protected":false},"author":1,"featured_media":481,"comment_status":"closed","ping_status":"closed","sticky":false,"template":"","format":"standard","meta":{"footnotes":""},"categories":[14],"tags":[],"class_list":["post-10178","post","type-post","status-publish","format-standard","has-post-thumbnail","hentry","category-ogloszenia-parafialne"],"_links":{"self":[{"href":"https:\/\/mbfatimska.ovh\/index.php\/wp-json\/wp\/v2\/posts\/10178","targetHints":{"allow":["GET"]}}],"collection":[{"href":"https:\/\/mbfatimska.ovh\/index.php\/wp-json\/wp\/v2\/posts"}],"about":[{"href":"https:\/\/mbfatimska.ovh\/index.php\/wp-json\/wp\/v2\/types\/post"}],"author":[{"embeddable":true,"href":"https:\/\/mbfatimska.ovh\/index.php\/wp-json\/wp\/v2\/users\/1"}],"replies":[{"embeddable":true,"href":"https:\/\/mbfatimska.ovh\/index.php\/wp-json\/wp\/v2\/comments?post=10178"}],"version-history":[{"count":0,"href":"https:\/\/mbfatimska.ovh\/index.php\/wp-json\/wp\/v2\/posts\/10178\/revisions"}],"wp:featuredmedia":[{"embeddable":true,"href":"https:\/\/mbfatimska.ovh\/index.php\/wp-json\/wp\/v2\/media\/481"}],"wp:attachment":[{"href":"https:\/\/mbfatimska.ovh\/index.php\/wp-json\/wp\/v2\/media?parent=10178"}],"wp:term":[{"taxonomy":"category","embeddable":true,"href":"https:\/\/mbfatimska.ovh\/index.php\/wp-json\/wp\/v2\/categories?post=10178"},{"taxonomy":"post_tag","embeddable":true,"href":"https:\/\/mbfatimska.ovh\/index.php\/wp-json\/wp\/v2\/tags?post=10178"}],"curies":[{"name":"wp","href":"https:\/\/api.w.org\/{rel}","templated":true}]}}