{"id":10766,"date":"2019-08-04T16:44:22","date_gmt":"2019-08-04T16:44:22","guid":{"rendered":"http:\/\/www.mbfatimska.pl\/?p=10766"},"modified":"2019-08-04T16:44:22","modified_gmt":"2019-08-04T16:44:22","slug":"xviii-niedziela-zwykla-04-08-2019r","status":"publish","type":"post","link":"https:\/\/mbfatimska.ovh\/index.php\/2019\/08\/04\/xviii-niedziela-zwykla-04-08-2019r\/","title":{"rendered":"XVIII Niedziela Zwyk\u0142a &#8211; 04.08.2019r."},"content":{"rendered":"<ol>\n<li>\n<h4><span style=\"color: #000000;\">\u00a0Dzisiaj z racji I-szej niedzieli miesi\u0105ca po Mszy \u015bwi\u0119tej o godz. 12.30 procesja eucharystyczna i mo\u017cliwo\u015b\u0107 adoracji do 19.00.<\/span><\/h4>\n<\/li>\n<li>\n<h4><span style=\"color: #000000;\">\u00a0R\u00f3wnie\u017c dzisiaj w Muzeum Historycznym na Piaskach o 15.00 odb\u0119dzie si\u0119 prelekcja pana dra Artura Bojarskiego pt&#8221; Powstanie 1944 w Legionowie&#8221;. <\/span><\/h4>\n<\/li>\n<li>\n<h4><span style=\"color: #000000;\">\u00a0Dnia 15 sierpnia o godz. 7.30 sprzed ko\u015bcio\u0142a \u015bw. J\u00f3zefa Oblubie\u0144ca NMP wyruszy kolejny raj rowerowy do Ossowa szlakiem Bitwy Warszawskiej 1920. Powr\u00f3t oko\u0142o 15.00 z p\u00f3l ossowskich. <\/span><\/h4>\n<\/li>\n<li>\n<h4><span style=\"color: #000000;\">\u00a0We wtorek, 6 sierpnia prze\u017cywa\u0107 b\u0119dziemy \u015bwi\u0119to Przemienia Pa\u0144skiego. Zapraszamy na Msze \u015bw. o 18.00 i 19.00.<\/span><\/h4>\n<\/li>\n<li>\n<h4><span style=\"color: #000000;\">\u00a0Rusza kolejna edycja akcji &#8222;We\u017a plecak &#8211; daj wyprawk\u0119. No pode\u015bcie scholi wy\u0142o\u017cone s\u0105 plecaki, kt\u00f3re nale\u017cy zabra\u0107 do domu i wype\u0142ni\u0107 przyborami szkolnymi &#8211; zeszytami, mazakami, pi\u00f3rnikami, a tak\u017ce tym wszystkim, co jest potrzebne dzieciom do szko\u0142y. Wype\u0142nione plecaki przynosimy do ko\u015bcio\u0142a do przysz\u0142ej niedzieli. Wyprawki trafi\u0105 do polskich dzieci na Litwie, kt\u00f3re znajduj\u0105 si\u0119 trudnej sytuacji materialnej. Prosimy, aby artyku\u0142y w plecakach by\u0142y nowe i nieu\u017cywane. <\/span><\/h4>\n<\/li>\n<li>\n<h4><span style=\"color: #000000;\">\u00a0Informujemy, \u017ce ks. Wojciech, kt\u00f3ry nam pomaga w pos\u0142udze duszpasterskiej, s\u0142u\u017cy w konfesjonale, sprawuje Eucharysti\u0119 przebywa w szpitalu i jego stan jest powa\u017cny. Prosimy wszystkich o modlitw\u0119 w jego intencji. <\/span><\/h4>\n<\/li>\n<\/ol>\n","protected":false},"excerpt":{"rendered":"<p>\u00a0Dzisiaj z racji I-szej niedzieli miesi\u0105ca po Mszy \u015bwi\u0119tej o godz. 12.30 procesja eucharystyczna i mo\u017cliwo\u015b\u0107 adoracji do 19.00. \u00a0R\u00f3wnie\u017c dzisiaj w Muzeum Historycznym na Piaskach o 15.00 odb\u0119dzie si\u0119 prelekcja pana dra Artura Bojarskiego pt&#8221; Powstanie 1944 w Legionowie&#8221;. \u00a0Dnia 15 sierpnia o godz. 7.30 sprzed ko\u015bcio\u0142a \u015bw. J\u00f3zefa Oblubie\u0144ca NMP wyruszy kolejny raj [&hellip;]<\/p>\n","protected":false},"author":1,"featured_media":481,"comment_status":"closed","ping_status":"closed","sticky":false,"template":"","format":"standard","meta":{"footnotes":""},"categories":[14],"tags":[],"class_list":["post-10766","post","type-post","status-publish","format-standard","has-post-thumbnail","hentry","category-ogloszenia-parafialne"],"_links":{"self":[{"href":"https:\/\/mbfatimska.ovh\/index.php\/wp-json\/wp\/v2\/posts\/10766","targetHints":{"allow":["GET"]}}],"collection":[{"href":"https:\/\/mbfatimska.ovh\/index.php\/wp-json\/wp\/v2\/posts"}],"about":[{"href":"https:\/\/mbfatimska.ovh\/index.php\/wp-json\/wp\/v2\/types\/post"}],"author":[{"embeddable":true,"href":"https:\/\/mbfatimska.ovh\/index.php\/wp-json\/wp\/v2\/users\/1"}],"replies":[{"embeddable":true,"href":"https:\/\/mbfatimska.ovh\/index.php\/wp-json\/wp\/v2\/comments?post=10766"}],"version-history":[{"count":0,"href":"https:\/\/mbfatimska.ovh\/index.php\/wp-json\/wp\/v2\/posts\/10766\/revisions"}],"wp:featuredmedia":[{"embeddable":true,"href":"https:\/\/mbfatimska.ovh\/index.php\/wp-json\/wp\/v2\/media\/481"}],"wp:attachment":[{"href":"https:\/\/mbfatimska.ovh\/index.php\/wp-json\/wp\/v2\/media?parent=10766"}],"wp:term":[{"taxonomy":"category","embeddable":true,"href":"https:\/\/mbfatimska.ovh\/index.php\/wp-json\/wp\/v2\/categories?post=10766"},{"taxonomy":"post_tag","embeddable":true,"href":"https:\/\/mbfatimska.ovh\/index.php\/wp-json\/wp\/v2\/tags?post=10766"}],"curies":[{"name":"wp","href":"https:\/\/api.w.org\/{rel}","templated":true}]}}