{"id":10819,"date":"2019-08-04T11:16:36","date_gmt":"2019-08-04T11:16:36","guid":{"rendered":"http:\/\/www.mbfatimska.pl\/?p=10819"},"modified":"2019-08-04T11:16:36","modified_gmt":"2019-08-04T11:16:36","slug":"10819-2","status":"publish","type":"post","link":"https:\/\/mbfatimska.ovh\/index.php\/2019\/08\/04\/10819-2\/","title":{"rendered":"Szkaplerz i obietnice Matki Bo\u017cej"},"content":{"rendered":"<p>Szkaplerz\u00a0w znaczeniu religijnym oznacza str\u00f3j, kt\u00f3ry jest znakiem zewn\u0119trznym przynale\u017cno\u015bci do bractwa, zwi\u0105zanego z jakim\u015b konkretnym zakonem.\u00a0Znak przynale\u017cno\u015bci do Maryi.<br \/>\nOd siedmiu wiek\u00f3w szkaplerz Dziewicy Maryi z G\u00f3ry Karmel jest znakiem zaaprobowanym przez Ko\u015bci\u00f3\u0142 i przyj\u0119tym przez zakon karmelita\u0144ski jako zewn\u0119trzny wyraz mi\u0142o\u015bci do Maryi, dzieci\u0119cego zaufania Jej oraz zaanga\u017cowania si\u0119 w na\u015bladowanie \u017cycia Matki Pana.Przyj\u0119cia do Szkaplerza dokonuje si\u0119 tylko jeden raz. Gdy zniszczy si\u0119 sukienny Szkaplerz albo zgubi si\u0119 medalik, nabywa si\u0119 nowy i nak\u0142ada si\u0119 prywatnie. Nie jest wymagane po\u015bwiecenie nowego szkaplerza. Gdyby jednak tego pragn\u0105\u0142 zainteresowany, mo\u017ce to uczyni\u0107 ka\u017cdy kap\u0142an lub diakon.<br \/>\nOsoby nosz\u0105ce Szkaplerz powinny:<br \/>\nNa\u015bladowa\u0107 cnoty Matki Naj\u015bwi\u0119tszej i szerzy\u0107 Jej cze\u015b\u0107.<br \/>\nDniem i noc\u0105 nosi\u0107 na sobie Szkaplerz<br \/>\nOdmawia\u0107 codziennie modlitw\u0119 naznaczon\u0105 w dniu przyj\u0119cia do Szkaplerza.<br \/>\nCzyni\u0107 dobrze bli\u017anim.<br \/>\nPrzynajmniej raz w miesi\u0105cu, je\u017celi pozwol\u0105 na to warunki, oraz w \u015bwi\u0119ta Matki Bo\u017cej przyst\u0119powa\u0107 do spowiedzi i Komunii \u015bwi\u0119tej.<br \/>\nNawiedza\u0107 cz\u0119sto ko\u015bci\u00f3\u0142 i przynajmniej przez kilka minut modli\u0107 si\u0119 do Matki Bo\u017cej.<br \/>\nOd czasu do czasu z mi\u0142o\u015bci do Matki Bo\u017cej wyrzec si\u0119 czego\u015b dozwolonego.<\/p>\n<p>Matka Naj\u015bwi\u0119tsza w swoich objawieniach z\u0142o\u017cy\u0142a obietnic\u0119, \u017ce wszyscy, kt\u00f3rzy b\u0119d\u0105 nosi\u0107 szkaplerz, unikn\u0105 kary pot\u0119pienia. Wielk\u0105 mi\u0142o\u015bci\u0105 nabo\u017ce\u0144stwo szkaplerzne obdarza\u0142 \u015bw. Jan Pawe\u0142 II, kt\u00f3ry znak opieki Matki Bo\u017cej przyj\u0105\u0142 w m\u0142odo\u015bci w Wadowicach.<br \/>\n16 lipca, w liturgiczne wspomnienie Naj\u015bwi\u0119tszej Maryi Panny z G\u00f3ry Karmel, czyli Matki Bo\u017cej Szkaplerznej, wielu wiernych przyjmuje szkaplerz karmelita\u0144ski. R\u00f3wnie\u017c i w naszej parafii, podczas Mszy \u015bw. o godz. 19.00, odby\u0142 si\u0119 obrz\u0119d po\u015bwi\u0119cenia i za\u0142o\u017cenia szkaplerza na 12 os\u00f3b, kt\u00f3re wyrazi\u0142y pragnienie jego noszenia.<\/p>\n","protected":false},"excerpt":{"rendered":"<p>Szkaplerz\u00a0w znaczeniu religijnym oznacza str\u00f3j, kt\u00f3ry jest znakiem zewn\u0119trznym przynale\u017cno\u015bci do bractwa, zwi\u0105zanego z jakim\u015b konkretnym zakonem.\u00a0Znak przynale\u017cno\u015bci do Maryi. Od siedmiu wiek\u00f3w szkaplerz Dziewicy Maryi z G\u00f3ry Karmel jest znakiem zaaprobowanym przez Ko\u015bci\u00f3\u0142 i przyj\u0119tym przez zakon karmelita\u0144ski jako zewn\u0119trzny wyraz mi\u0142o\u015bci do Maryi, dzieci\u0119cego zaufania Jej oraz zaanga\u017cowania si\u0119 w na\u015bladowanie \u017cycia Matki [&hellip;]<\/p>\n","protected":false},"author":1,"featured_media":10820,"comment_status":"closed","ping_status":"closed","sticky":false,"template":"","format":"standard","meta":{"footnotes":""},"categories":[2],"tags":[],"class_list":["post-10819","post","type-post","status-publish","format-standard","has-post-thumbnail","hentry","category-aktualnosci"],"_links":{"self":[{"href":"https:\/\/mbfatimska.ovh\/index.php\/wp-json\/wp\/v2\/posts\/10819","targetHints":{"allow":["GET"]}}],"collection":[{"href":"https:\/\/mbfatimska.ovh\/index.php\/wp-json\/wp\/v2\/posts"}],"about":[{"href":"https:\/\/mbfatimska.ovh\/index.php\/wp-json\/wp\/v2\/types\/post"}],"author":[{"embeddable":true,"href":"https:\/\/mbfatimska.ovh\/index.php\/wp-json\/wp\/v2\/users\/1"}],"replies":[{"embeddable":true,"href":"https:\/\/mbfatimska.ovh\/index.php\/wp-json\/wp\/v2\/comments?post=10819"}],"version-history":[{"count":0,"href":"https:\/\/mbfatimska.ovh\/index.php\/wp-json\/wp\/v2\/posts\/10819\/revisions"}],"wp:featuredmedia":[{"embeddable":true,"href":"https:\/\/mbfatimska.ovh\/index.php\/wp-json\/wp\/v2\/media\/10820"}],"wp:attachment":[{"href":"https:\/\/mbfatimska.ovh\/index.php\/wp-json\/wp\/v2\/media?parent=10819"}],"wp:term":[{"taxonomy":"category","embeddable":true,"href":"https:\/\/mbfatimska.ovh\/index.php\/wp-json\/wp\/v2\/categories?post=10819"},{"taxonomy":"post_tag","embeddable":true,"href":"https:\/\/mbfatimska.ovh\/index.php\/wp-json\/wp\/v2\/tags?post=10819"}],"curies":[{"name":"wp","href":"https:\/\/api.w.org\/{rel}","templated":true}]}}