{"id":11047,"date":"2019-10-12T21:43:55","date_gmt":"2019-10-12T21:43:55","guid":{"rendered":"http:\/\/www.mbfatimska.pl\/?p=11047"},"modified":"2019-10-12T21:43:55","modified_gmt":"2019-10-12T21:43:55","slug":"xxviii-niedziela-zwykla-13-10-2019r","status":"publish","type":"post","link":"https:\/\/mbfatimska.ovh\/index.php\/2019\/10\/12\/xxviii-niedziela-zwykla-13-10-2019r\/","title":{"rendered":"XXVIII Niedziela Zwyk\u0142a &#8211; 13.10.2019r."},"content":{"rendered":"<ol>\n<li>\n<h4><span style=\"color: #000000;\">\u00a0Dzisiaj obchodzimy Dziewi\u0119tnasty Dzie\u0144 Papieski pod has\u0142em: &#8222;Wstawajcie &#8211; chod\u017amy&#8221;. Pod ko\u015bcio\u0142em mo\u017cemy z\u0142o\u017cy\u0107 do koszyk\u00f3w swoj\u0105 ofiar\u0119 na stypendia dla m\u0142odzie\u017cy i biedniejszych rodzin wsi i miast. W ten spos\u00f3b budujemy \u017cywy pomnik \u015bw. Janowi Paw\u0142owi II. <\/span><\/h4>\n<\/li>\n<li>\n<h4><span style=\"color: #000000;\">\u00a0R\u00f3wnie\u017c dzisiaj, 13 pa\u017adziernika &#8211; ostatnie w tym roku nabo\u017ce\u0144stwo fatimskie. Zapraszamy na Msze \u015bwi\u0119t\u0105 o godz. 18.00, a nast\u0119pnie na r\u00f3\u017caniec fatimski z procesj\u0105 fatimsk\u0105. Dzisiaj wyj\u0105tkowo nie b\u0119dzie r\u00f3\u017ca\u0144ca o 17.15.<\/span><\/h4>\n<\/li>\n<li>\n<h4><span style=\"color: #000000;\">\u00a0Dzisiaj o godz. 10.25 katecheza dla dzieci klas III SP przed uroczysto\u015bci\u0105 Pierwszej Komunii \u015awi\u0119tej. <\/span><\/h4>\n<\/li>\n<li>\n<h4><span style=\"color: #000000;\">\u00a0Jutro, w poniedzia\u0142ek o godz. 19.00 w ko\u015bciele odb\u0119dzie si\u0119 spotkanie formacyjno &#8211; informacyjne dla dzieci komunijnych.<\/span><\/h4>\n<\/li>\n<li>\n<h4><span style=\"color: #000000;\">\u00a0R\u00f3wnie\u017c jutro o godz. 7.30 rano w ko\u015bciele b\u0119dzie odprawiona Msza \u015bwi\u0119ta w intencji firm z naszego legionowskiego rejonu polecaj\u0105c w\u0142a\u015bcicieli, pracownik\u00f3w, kontrahent\u00f3w i ich rodziny.<\/span><\/h4>\n<\/li>\n<li>\n<h4><span style=\"color: #000000;\">\u00a0Tak\u017ce jutro kap\u0142ani odwiedz\u0105 chorych Parafian z pos\u0142ug\u0105 sakramentaln\u0105 wed\u0142ug tradycyjnego planu &#8211; grupa pierwsza od 9.00 rano, a grupa druga od 11.00. Nowych chorych mo\u017cemy zg\u0142osi\u0107 dzisiaj w zakrystii. <\/span><\/h4>\n<\/li>\n<li>\n<h4><span style=\"color: #000000;\">\u00a0W przysz\u0142\u0105 niedziel\u0119 o godz. 10.25 w ko\u015bciele odb\u0119dzie si\u0119 konferencja &#8211; katecheza dla dzieci klas IV przed uroczysto\u015bci\u0105 Rocznicy Komunii \u015bwi\u0119tej. <\/span><\/h4>\n<\/li>\n<li>\n<h4><span style=\"color: #000000;\">\u00a0R\u00f3wnie\u017c za tydzie\u0144 w niedziel\u0119, o godz. 16.00 w ko\u015bciele spotkanie dla m\u0142odzie\u017cy, kt\u00f3ra w tym roku rozpocz\u0119\u0142a swoje przygotowanie do sakramentu Bierzmowania. <\/span><\/h4>\n<\/li>\n<li>\n<h4><span style=\"color: #000000;\">\u00a0 Prezydent miasta Legionowo zaprasza do udzia\u0142u w konferencji pt. &#8222;Trafna Interwencja&#8221; dotycz\u0105cej profesjonalnego podj\u0119cia interwencji w stosunku do dziecka i jego najbli\u017cszej rodziny, kt\u00f3ra mierzy si\u0119 z depresj\u0105 czy kryzysami psychicznymi o nieznanym pod\u0142o\u017cu &#8211; termin: 21 pa\u017adziernika 2019r., godz. 10.00, sala widowiskowa Urz\u0119du Miasta w Legionowie<\/span><\/h4>\n<\/li>\n<li>\n<h4><span style=\"color: #000000;\">\u00a0W niedziel\u0119, 27 pa\u017adziernika Ko\u0142o Pomocy Specjalnej Troski przy TPD Legionowo po ka\u017cdej Mszy \u015bwi\u0119tej b\u0119d\u0105 rozprowadza\u0107 znaczki z Logo znaczki z logo TPD. Zebrane fundusze b\u0119d\u0105 przeznaczone na dofinansowanie paczek \u015bwi\u0105tecznych dla podopiecznych.\u00a0 <\/span><\/h4>\n<\/li>\n<\/ol>\n","protected":false},"excerpt":{"rendered":"<p>\u00a0Dzisiaj obchodzimy Dziewi\u0119tnasty Dzie\u0144 Papieski pod has\u0142em: &#8222;Wstawajcie &#8211; chod\u017amy&#8221;. Pod ko\u015bcio\u0142em mo\u017cemy z\u0142o\u017cy\u0107 do koszyk\u00f3w swoj\u0105 ofiar\u0119 na stypendia dla m\u0142odzie\u017cy i biedniejszych rodzin wsi i miast. W ten spos\u00f3b budujemy \u017cywy pomnik \u015bw. Janowi Paw\u0142owi II. \u00a0R\u00f3wnie\u017c dzisiaj, 13 pa\u017adziernika &#8211; ostatnie w tym roku nabo\u017ce\u0144stwo fatimskie. Zapraszamy na Msze \u015bwi\u0119t\u0105 o godz. [&hellip;]<\/p>\n","protected":false},"author":1,"featured_media":481,"comment_status":"closed","ping_status":"closed","sticky":false,"template":"","format":"standard","meta":{"footnotes":""},"categories":[14],"tags":[],"class_list":["post-11047","post","type-post","status-publish","format-standard","has-post-thumbnail","hentry","category-ogloszenia-parafialne"],"_links":{"self":[{"href":"https:\/\/mbfatimska.ovh\/index.php\/wp-json\/wp\/v2\/posts\/11047","targetHints":{"allow":["GET"]}}],"collection":[{"href":"https:\/\/mbfatimska.ovh\/index.php\/wp-json\/wp\/v2\/posts"}],"about":[{"href":"https:\/\/mbfatimska.ovh\/index.php\/wp-json\/wp\/v2\/types\/post"}],"author":[{"embeddable":true,"href":"https:\/\/mbfatimska.ovh\/index.php\/wp-json\/wp\/v2\/users\/1"}],"replies":[{"embeddable":true,"href":"https:\/\/mbfatimska.ovh\/index.php\/wp-json\/wp\/v2\/comments?post=11047"}],"version-history":[{"count":0,"href":"https:\/\/mbfatimska.ovh\/index.php\/wp-json\/wp\/v2\/posts\/11047\/revisions"}],"wp:featuredmedia":[{"embeddable":true,"href":"https:\/\/mbfatimska.ovh\/index.php\/wp-json\/wp\/v2\/media\/481"}],"wp:attachment":[{"href":"https:\/\/mbfatimska.ovh\/index.php\/wp-json\/wp\/v2\/media?parent=11047"}],"wp:term":[{"taxonomy":"category","embeddable":true,"href":"https:\/\/mbfatimska.ovh\/index.php\/wp-json\/wp\/v2\/categories?post=11047"},{"taxonomy":"post_tag","embeddable":true,"href":"https:\/\/mbfatimska.ovh\/index.php\/wp-json\/wp\/v2\/tags?post=11047"}],"curies":[{"name":"wp","href":"https:\/\/api.w.org\/{rel}","templated":true}]}}