{"id":11408,"date":"2019-12-08T05:30:10","date_gmt":"2019-12-08T05:30:10","guid":{"rendered":"http:\/\/www.mbfatimska.pl\/?p=11408"},"modified":"2019-12-08T05:30:10","modified_gmt":"2019-12-08T05:30:10","slug":"08-12-2019-uroczystosc-niepokalanego-poczecia-nmp","status":"publish","type":"post","link":"https:\/\/mbfatimska.ovh\/index.php\/2019\/12\/08\/08-12-2019-uroczystosc-niepokalanego-poczecia-nmp\/","title":{"rendered":"08.12.2019 &#8211; Uroczysto\u015b\u0107 Niepokalanego Pocz\u0119cia NMP"},"content":{"rendered":"<ol>\n<li>\n<h4><span style=\"color: #000000;\">\u00a0Dzisiaj odb\u0119d\u0105 si\u0119 nast\u0119puj\u0105ce spotkania:<\/span><\/h4>\n<h4><span style=\"color: #000000;\">&#8211; o 10.25 dla dzieci klas III SP przed I-sz\u0105 Komuni\u0105 \u015bw.,<\/span><\/h4>\n<h4><span style=\"color: #000000;\">&#8211; o 16.45 dla m\u0142odzie\u017cy klas VIII SP przed sakramentem Bierzmowania,<\/span><\/h4>\n<h4><span style=\"color: #000000;\">&#8211; o 17.30 dla wolontariuszy, os\u00f3b ch\u0119tnych do zbierania \u017cywno\u015bci w pi\u0105tek, sobot\u0119 i w niedziel\u0119 w legionowskich marketach.<\/span><\/h4>\n<\/li>\n<li>\n<h4><span style=\"color: #000000;\">\u00a0W Adwencie zach\u0119camy do uczestniczenia w Roratach: w poniedzia\u0142ki, \u015brody i pi\u0105tki o 6.45 rano, a we wtorki, czwartki i soboty o 18.00.<\/span><\/h4>\n<\/li>\n<li>\n<h4><span style=\"color: #000000;\">\u00a0Jeszcze dzisiaj z racji Uroczysto\u015bci Niepokalanego Pocz\u0119cia Naj\u015bwi\u0119tszej Maryi Panny zapraszamy na Godzin\u0119 \u0141aski mi\u0119dzy 12 a 13. O godz. 12.00 b\u0119dziemy modli\u0107 si\u0119 modlitw\u0105 r\u00f3\u017ca\u0144cow\u0105, a o godz. 12.30 rozpocznie si\u0119 Msza \u015bwi\u0119ta.<\/span><\/h4>\n<\/li>\n<li>\n<h4><span style=\"color: #000000;\">\u00a0W przysz\u0142\u0105 niedziel\u0119 o godz. 10.25 katecheza dla dzieci klas IV przed Komuni\u0105 \u015bwi\u0119t\u0105 rocznicow\u0105. <\/span><\/h4>\n<\/li>\n<li>\n<h4><span style=\"color: #000000;\">R\u00f3wnie\u017c w przysz\u0142\u0105 niedziel\u0119 po Mszy \u015bw. o godz. 11.00 wymiana tajemnic r\u00f3\u017ca\u0144cowych dla dzieci i rodzic\u00f3w. <\/span><\/h4>\n<\/li>\n<li>\n<h4><span style=\"color: #000000;\">\u00a0Jutro o godz. 19.00 w ko\u015bciele spotkanie formacyjno &#8211; informacyjne dla rodzic\u00f3w dzieci przygotowuj\u0105cych si\u0119 do I-szej Komunii \u015bwi\u0119tej.<\/span><\/h4>\n<\/li>\n<li>\n<h4><span style=\"color: #000000;\">\u00a0Przed ko\u015bcio\u0142em s\u0105 do kupienia \u015bwiece na st\u00f3\u0142 wigilijny oraz op\u0142atki.<\/span><\/h4>\n<\/li>\n<li>\n<h4><span style=\"color: #000000;\">\u00a0Dnia 18 grudnia (\u015broda) od godz. 8.00 w Przychodni Lekarskiej &#8222;Legio &#8211; Med&#8221; przy ul. Husarskiej 14 w Legionowie oraz w tym samym dniu od godz. 13.00 w Przychodni Lekarskiej &#8222;Medica Perfect&#8221; przy ul. Zwyci\u0119stwa 2 odb\u0119d\u0105 si\u0119 badania USG Doppler przep\u0142yw\u00f3w szyjnych i ko\u0144czyn dolnych, USG tarczycy, USG nerek, USG p\u0142uc, USG staw\u00f3w, USG piersi oraz echo serca. Badania s\u0105 odp\u0142atne. Cena jednego badania to 55 z\u0142. Bli\u017csze informacje w przychodni i na plakacie w gablocie. <\/span><\/h4>\n<\/li>\n<li>\n<h4><span style=\"color: #000000;\">\u00a0W ubieg\u0142ym tygodniu 177 paczek \u015bwi\u0105tecznych zosta\u0142o zawiezionych do polskich dzieci z biedniejszych rodzin na Wile\u0144szczy\u017anie. Dzieci i rodzice sk\u0142adaj\u0105 ogromne podzi\u0119kowanie tym, kt\u00f3rzy przyczynili si\u0119 do ufundowania paczek od \u015bw. Miko\u0142aja. Pod o\u0142tarzem s\u0105 czekoladki i koperty z podzi\u0119kowaniami dla tych, kt\u00f3rzy uczestniczyli w robieniu paczek. Relacj\u0119 z przekazania paczek mo\u017cemy zobaczy\u0107 w TVP Wilno. Klikaj\u0105c w internecie &#8222;Prezenty dla uczni\u00f3w Gimnazjum na Litwie&#8221; zobaczymy kr\u00f3tki reporta\u017c o tym wydarzeniu. R\u00f3wnie\u017c podzi\u0119kowania s\u0105 zamieszczone na tablicy og\u0142osze\u0144. <\/span><\/h4>\n<\/li>\n<li>\n<h4><span style=\"color: #000000;\">\u00a0W pi\u0105tek, sobot\u0119 i niedziel\u0119 w Kauflandzie i Biedronce na Piaskach wolontariusze i osoby niepe\u0142nosprawne, seniorzy oraz m\u0142odzie\u017c b\u0119d\u0105 zbiera\u0107 \u017cywno\u015b\u0107 o przed\u0142u\u017conym terminie przydatno\u015bci: m\u0105k\u0119, cukier, olej, makarony, puszki mi\u0119sne i rybne, s\u0142odycze, herbat\u0119, kaw\u0119 i inne z my\u015bl\u0105 o ubo\u017cszej cz\u0119\u015bci naszego miasta, jak r\u00f3wnie\u017c Wile\u0144szczyzny. robi\u0105c tam zakupy kupmy troch\u0119 wi\u0119cej tych produkt\u00f3w i za kasami przeka\u017cmy je wolontariuszom. Jeszcze przed \u015bwi\u0119tami paczki \u017cywno\u015bciowe dotr\u0105 do zainteresowanych.<\/span><\/h4>\n<\/li>\n<li>\n<h4><span style=\"color: #000000;\">\u00a0Rekolekcje adwentowe w naszej Parafii od 19 do 21 grudnia (czwartek, pi\u0105tek, sobota).<\/span><\/h4>\n<\/li>\n<li>\n<h4><span style=\"color: #000000;\">\u00a0Zach\u0119camy do czytania prasy katolickiej. <\/span><\/h4>\n<\/li>\n<\/ol>\n","protected":false},"excerpt":{"rendered":"<p>\u00a0Dzisiaj odb\u0119d\u0105 si\u0119 nast\u0119puj\u0105ce spotkania: &#8211; o 10.25 dla dzieci klas III SP przed I-sz\u0105 Komuni\u0105 \u015bw., &#8211; o 16.45 dla m\u0142odzie\u017cy klas VIII SP przed sakramentem Bierzmowania, &#8211; o 17.30 dla wolontariuszy, os\u00f3b ch\u0119tnych do zbierania \u017cywno\u015bci w pi\u0105tek, sobot\u0119 i w niedziel\u0119 w legionowskich marketach. \u00a0W Adwencie zach\u0119camy do uczestniczenia w Roratach: w [&hellip;]<\/p>\n","protected":false},"author":1,"featured_media":481,"comment_status":"closed","ping_status":"closed","sticky":false,"template":"","format":"standard","meta":{"footnotes":""},"categories":[14],"tags":[],"class_list":["post-11408","post","type-post","status-publish","format-standard","has-post-thumbnail","hentry","category-ogloszenia-parafialne"],"_links":{"self":[{"href":"https:\/\/mbfatimska.ovh\/index.php\/wp-json\/wp\/v2\/posts\/11408","targetHints":{"allow":["GET"]}}],"collection":[{"href":"https:\/\/mbfatimska.ovh\/index.php\/wp-json\/wp\/v2\/posts"}],"about":[{"href":"https:\/\/mbfatimska.ovh\/index.php\/wp-json\/wp\/v2\/types\/post"}],"author":[{"embeddable":true,"href":"https:\/\/mbfatimska.ovh\/index.php\/wp-json\/wp\/v2\/users\/1"}],"replies":[{"embeddable":true,"href":"https:\/\/mbfatimska.ovh\/index.php\/wp-json\/wp\/v2\/comments?post=11408"}],"version-history":[{"count":0,"href":"https:\/\/mbfatimska.ovh\/index.php\/wp-json\/wp\/v2\/posts\/11408\/revisions"}],"wp:featuredmedia":[{"embeddable":true,"href":"https:\/\/mbfatimska.ovh\/index.php\/wp-json\/wp\/v2\/media\/481"}],"wp:attachment":[{"href":"https:\/\/mbfatimska.ovh\/index.php\/wp-json\/wp\/v2\/media?parent=11408"}],"wp:term":[{"taxonomy":"category","embeddable":true,"href":"https:\/\/mbfatimska.ovh\/index.php\/wp-json\/wp\/v2\/categories?post=11408"},{"taxonomy":"post_tag","embeddable":true,"href":"https:\/\/mbfatimska.ovh\/index.php\/wp-json\/wp\/v2\/tags?post=11408"}],"curies":[{"name":"wp","href":"https:\/\/api.w.org\/{rel}","templated":true}]}}