{"id":11673,"date":"2020-01-17T18:07:54","date_gmt":"2020-01-17T18:07:54","guid":{"rendered":"http:\/\/www.mbfatimska.pl\/?p=11673"},"modified":"2020-01-17T18:07:54","modified_gmt":"2020-01-17T18:07:54","slug":"gosc-z-maroka-odwiedzil-nasza-parafie-2","status":"publish","type":"post","link":"https:\/\/mbfatimska.ovh\/index.php\/2020\/01\/17\/gosc-z-maroka-odwiedzil-nasza-parafie-2\/","title":{"rendered":"Go\u015b\u0107 z Maroka odwiedzi\u0142 nasz\u0105 parafi\u0119"},"content":{"rendered":"<p>W dniu dzisiejszym nasz\u0105 parafi\u0119 odwiedzi\u0142 go\u015b\u0107 z Afryki a konkretnie z Maroka. Amine bo o nim mowa jest m\u0142odym cz\u0142owiekiem mieszkaj\u0105cym w Agadirze. Jego rodzina jest dobrze znana jednej z naszych parafianek i dlatego te\u017c, na jej zaproszenie odwiedzi\u0142 nasz jak\u017ce dla niego egzotyczny kraj. Inny klimat, inny j\u0119zyk, inne tradycje i zwyczaje. Amine go\u015bci\u0142 dzisiaj mi\u0119dzy innymi w Klubie Seniora Amicus a potem WTZ \u015bw. Rity. Pozna\u0142 w ten spos\u00f3b cz\u0119\u015b\u0107 inicjatyw prowadzonych przez Legionowskie Stowarzyszenie Amicus. Nasz m\u0142ody go\u015b\u0107 by\u0142 \u017cywo zainteresowany problematyk\u0105 pomocy osobom starszym oraz osobom niepe\u0142nosprawnym, mimo pewnych barier j\u0119zykowych szybko zdoby\u0142 serca naszych senior\u00f3w oraz uczestnik\u00f3w WTZ kadry oczywi\u015bcie tak\u017ce! Mimo tak kr\u00f3tkiej wizyty mamy nadziej\u0119, i\u017c chocia\u017c odrobin\u0119 pozna\u0142 nasze, polskie sposoby na pomoc osobom potrzebuj\u0105cym oraz zazna\u0142 naszej s\u0142ynnej polskiej go\u015bcinno\u015bci. Mi\u0142y, cichy, u\u015bmiechni\u0119ty taki jest Amine! U nas ma zawsze drzwi otwarte!<\/p>\n<p><a href=\"http:\/\/www.mbfatimska.pl\/gosc-z-maroka-odwiedzil-nasza-parafie\/\" target=\"_blank\" rel=\"noopener noreferrer\">Kilka zdj\u0119\u0107 z wizyty w WTZ!<\/a><\/p>\n","protected":false},"excerpt":{"rendered":"<p>W dniu dzisiejszym nasz\u0105 parafi\u0119 odwiedzi\u0142 go\u015b\u0107 z Afryki a konkretnie z Maroka. Amine bo o nim mowa jest m\u0142odym cz\u0142owiekiem mieszkaj\u0105cym w Agadirze. Jego rodzina jest dobrze znana jednej z naszych parafianek i dlatego te\u017c, na jej zaproszenie odwiedzi\u0142 nasz jak\u017ce dla niego egzotyczny kraj. Inny klimat, inny j\u0119zyk, inne tradycje i zwyczaje. Amine [&hellip;]<\/p>\n","protected":false},"author":1,"featured_media":11664,"comment_status":"closed","ping_status":"closed","sticky":false,"template":"","format":"standard","meta":{"footnotes":""},"categories":[2],"tags":[],"class_list":["post-11673","post","type-post","status-publish","format-standard","has-post-thumbnail","hentry","category-aktualnosci"],"_links":{"self":[{"href":"https:\/\/mbfatimska.ovh\/index.php\/wp-json\/wp\/v2\/posts\/11673","targetHints":{"allow":["GET"]}}],"collection":[{"href":"https:\/\/mbfatimska.ovh\/index.php\/wp-json\/wp\/v2\/posts"}],"about":[{"href":"https:\/\/mbfatimska.ovh\/index.php\/wp-json\/wp\/v2\/types\/post"}],"author":[{"embeddable":true,"href":"https:\/\/mbfatimska.ovh\/index.php\/wp-json\/wp\/v2\/users\/1"}],"replies":[{"embeddable":true,"href":"https:\/\/mbfatimska.ovh\/index.php\/wp-json\/wp\/v2\/comments?post=11673"}],"version-history":[{"count":0,"href":"https:\/\/mbfatimska.ovh\/index.php\/wp-json\/wp\/v2\/posts\/11673\/revisions"}],"wp:featuredmedia":[{"embeddable":true,"href":"https:\/\/mbfatimska.ovh\/index.php\/wp-json\/wp\/v2\/media\/11664"}],"wp:attachment":[{"href":"https:\/\/mbfatimska.ovh\/index.php\/wp-json\/wp\/v2\/media?parent=11673"}],"wp:term":[{"taxonomy":"category","embeddable":true,"href":"https:\/\/mbfatimska.ovh\/index.php\/wp-json\/wp\/v2\/categories?post=11673"},{"taxonomy":"post_tag","embeddable":true,"href":"https:\/\/mbfatimska.ovh\/index.php\/wp-json\/wp\/v2\/tags?post=11673"}],"curies":[{"name":"wp","href":"https:\/\/api.w.org\/{rel}","templated":true}]}}