{"id":11709,"date":"2020-01-24T20:39:02","date_gmt":"2020-01-24T20:39:02","guid":{"rendered":"http:\/\/www.mbfatimska.pl\/?p=11709"},"modified":"2020-01-24T20:39:02","modified_gmt":"2020-01-24T20:39:02","slug":"2-wieliszewski-koledowy-przeglad-scholi-parafialnych-2","status":"publish","type":"post","link":"https:\/\/mbfatimska.ovh\/index.php\/2020\/01\/24\/2-wieliszewski-koledowy-przeglad-scholi-parafialnych-2\/","title":{"rendered":"2 Wieliszewski Kol\u0119dowy Przegl\u0105d Scholi Parafialnych."},"content":{"rendered":"<p>19 stycznia tego roku odby\u0142 si\u0119 2 Wieliszewski Kol\u0119dowy Przegl\u0105d Scholi Parafialnych. Schola Fatima Canta wzi\u0119\u0142a udzia\u0142 w przegl\u0105dzie wykonuj\u0105c trzy, specjalnie na t\u0119 okazj\u0119 zaaran\u017cowane utwory: \u201eA kiedy wigilii przyjdzie czas\u201d, \u201eDziecina ma\u0142a\u201d oraz \u201eGloria\u201d. Serdecznie gratulujemy wszystkim uczestnikom przegl\u0105du. Scholi Fatima Canta dzi\u0119kujemy za reprezentowanie naszej parafii podczas przegl\u0105du oraz oczywi\u015bcie za co niedzieln\u0105 opraw\u0119 muzyczn\u0105 Mszy \u015awi\u0119tych o godzinie 11:00!<\/p>\n<p><a href=\"http:\/\/www.mbfatimska.pl\/2-wieliszewski-koledowy-przeglad-scholi-parafialnych\/\" target=\"_blank\" rel=\"noopener noreferrer\">zdj\u0119cia z www. gazetapowiatowa.pl<\/a><\/p>\n<p><a href=\"https:\/\/gazetapowiatowa.pl\/wiadomosci\/wieliszew\/czytelnikow-ii-wieliszewski-koledowy-przeglad-scholi-parafialnych-galeria-wideo\/\" target=\"_blank\" rel=\"noopener noreferrer\">Wi\u0119cej na www.gazetapowiatowa.pl<\/a><\/p>\n","protected":false},"excerpt":{"rendered":"<p>19 stycznia tego roku odby\u0142 si\u0119 2 Wieliszewski Kol\u0119dowy Przegl\u0105d Scholi Parafialnych. Schola Fatima Canta wzi\u0119\u0142a udzia\u0142 w przegl\u0105dzie wykonuj\u0105c trzy, specjalnie na t\u0119 okazj\u0119 zaaran\u017cowane utwory: \u201eA kiedy wigilii przyjdzie czas\u201d, \u201eDziecina ma\u0142a\u201d oraz \u201eGloria\u201d. Serdecznie gratulujemy wszystkim uczestnikom przegl\u0105du. Scholi Fatima Canta dzi\u0119kujemy za reprezentowanie naszej parafii podczas przegl\u0105du oraz oczywi\u015bcie za co [&hellip;]<\/p>\n","protected":false},"author":1,"featured_media":11706,"comment_status":"closed","ping_status":"closed","sticky":false,"template":"","format":"standard","meta":{"footnotes":""},"categories":[2],"tags":[],"class_list":["post-11709","post","type-post","status-publish","format-standard","has-post-thumbnail","hentry","category-aktualnosci"],"_links":{"self":[{"href":"https:\/\/mbfatimska.ovh\/index.php\/wp-json\/wp\/v2\/posts\/11709","targetHints":{"allow":["GET"]}}],"collection":[{"href":"https:\/\/mbfatimska.ovh\/index.php\/wp-json\/wp\/v2\/posts"}],"about":[{"href":"https:\/\/mbfatimska.ovh\/index.php\/wp-json\/wp\/v2\/types\/post"}],"author":[{"embeddable":true,"href":"https:\/\/mbfatimska.ovh\/index.php\/wp-json\/wp\/v2\/users\/1"}],"replies":[{"embeddable":true,"href":"https:\/\/mbfatimska.ovh\/index.php\/wp-json\/wp\/v2\/comments?post=11709"}],"version-history":[{"count":0,"href":"https:\/\/mbfatimska.ovh\/index.php\/wp-json\/wp\/v2\/posts\/11709\/revisions"}],"wp:featuredmedia":[{"embeddable":true,"href":"https:\/\/mbfatimska.ovh\/index.php\/wp-json\/wp\/v2\/media\/11706"}],"wp:attachment":[{"href":"https:\/\/mbfatimska.ovh\/index.php\/wp-json\/wp\/v2\/media?parent=11709"}],"wp:term":[{"taxonomy":"category","embeddable":true,"href":"https:\/\/mbfatimska.ovh\/index.php\/wp-json\/wp\/v2\/categories?post=11709"},{"taxonomy":"post_tag","embeddable":true,"href":"https:\/\/mbfatimska.ovh\/index.php\/wp-json\/wp\/v2\/tags?post=11709"}],"curies":[{"name":"wp","href":"https:\/\/api.w.org\/{rel}","templated":true}]}}