{"id":11711,"date":"2020-01-24T20:42:21","date_gmt":"2020-01-24T20:42:21","guid":{"rendered":"http:\/\/www.mbfatimska.pl\/?p=11711"},"modified":"2020-01-24T20:42:21","modified_gmt":"2020-01-24T20:42:21","slug":"spotkanie-z-dziecmi-uczestniczacymi-w-grudniowych-mszach-roratnich","status":"publish","type":"post","link":"https:\/\/mbfatimska.ovh\/index.php\/2020\/01\/24\/spotkanie-z-dziecmi-uczestniczacymi-w-grudniowych-mszach-roratnich\/","title":{"rendered":"Spotkanie z dzie\u0107mi uczestnicz\u0105cymi w grudniowych mszach roratnich"},"content":{"rendered":"<p>W minion\u0105 niedziel\u0119, po Mszy \u015awi\u0119tej o godzinie 11 odby\u0142o si\u0119 spotkanie z dzie\u0107mi uczestnicz\u0105cymi w grudniowych roratach. Roraty odbywa\u0142y si\u0119 sze\u015b\u0107 razy w tygodniu, od poniedzia\u0142ku do \u015brody o 6:45 rano a od czwartku do soboty o 18:00 po po\u0142udniu. Podczas rorat dzieci poznawa\u0142y histori\u0119 \u017cycia kandydata na b\u0142ogos\u0142awionego, Kardyna\u0142a Stefana Wyszy\u0144skiego a opr\u00f3cz tego podczas ka\u017cdej mszy \u015bwi\u0119tej otrzymywa\u0142y naklejki, kt\u00f3re nast\u0119pnie wkleja\u0142y do specjalnych album\u00f3w. W roratach pilnie uczestniczy\u0142o oko\u0142o osiemdziesi\u0119cioro dzieci. Podczas tego, niedzielnego spotkania wszystkie dzieci otrzyma\u0142y prezenty w postaci quizu rodzinnego na temat historii Polski. Dzi\u0119kujemy dzieciom za udzia\u0142 w roratach, dzi\u0119kujemy tak\u017ce, a mo\u017ce przede wszystkim ich rodzicom, babciom, dziadkom i opiekunom za zach\u0119t\u0119 i pomoc maluchom w dotarciu do ko\u015bcio\u0142a nawet o tak wczesnych godzinach porannych.<\/p>\n<p><a href=\"http:\/\/www.mbfatimska.pl\/spotkanie-z-dziecmi-uczestniczacymi-w-grudniowych-mszach-roratnich-2\/\" target=\"_blank\" rel=\"noopener noreferrer\">Obejrzyj zdj\u0119cia!<\/a><\/p>\n","protected":false},"excerpt":{"rendered":"<p>W minion\u0105 niedziel\u0119, po Mszy \u015awi\u0119tej o godzinie 11 odby\u0142o si\u0119 spotkanie z dzie\u0107mi uczestnicz\u0105cymi w grudniowych roratach. Roraty odbywa\u0142y si\u0119 sze\u015b\u0107 razy w tygodniu, od poniedzia\u0142ku do \u015brody o 6:45 rano a od czwartku do soboty o 18:00 po po\u0142udniu. Podczas rorat dzieci poznawa\u0142y histori\u0119 \u017cycia kandydata na b\u0142ogos\u0142awionego, Kardyna\u0142a Stefana Wyszy\u0144skiego a opr\u00f3cz [&hellip;]<\/p>\n","protected":false},"author":1,"featured_media":11837,"comment_status":"closed","ping_status":"closed","sticky":false,"template":"","format":"standard","meta":{"footnotes":""},"categories":[2],"tags":[],"class_list":["post-11711","post","type-post","status-publish","format-standard","has-post-thumbnail","hentry","category-aktualnosci"],"_links":{"self":[{"href":"https:\/\/mbfatimska.ovh\/index.php\/wp-json\/wp\/v2\/posts\/11711","targetHints":{"allow":["GET"]}}],"collection":[{"href":"https:\/\/mbfatimska.ovh\/index.php\/wp-json\/wp\/v2\/posts"}],"about":[{"href":"https:\/\/mbfatimska.ovh\/index.php\/wp-json\/wp\/v2\/types\/post"}],"author":[{"embeddable":true,"href":"https:\/\/mbfatimska.ovh\/index.php\/wp-json\/wp\/v2\/users\/1"}],"replies":[{"embeddable":true,"href":"https:\/\/mbfatimska.ovh\/index.php\/wp-json\/wp\/v2\/comments?post=11711"}],"version-history":[{"count":0,"href":"https:\/\/mbfatimska.ovh\/index.php\/wp-json\/wp\/v2\/posts\/11711\/revisions"}],"wp:featuredmedia":[{"embeddable":true,"href":"https:\/\/mbfatimska.ovh\/index.php\/wp-json\/wp\/v2\/media\/11837"}],"wp:attachment":[{"href":"https:\/\/mbfatimska.ovh\/index.php\/wp-json\/wp\/v2\/media?parent=11711"}],"wp:term":[{"taxonomy":"category","embeddable":true,"href":"https:\/\/mbfatimska.ovh\/index.php\/wp-json\/wp\/v2\/categories?post=11711"},{"taxonomy":"post_tag","embeddable":true,"href":"https:\/\/mbfatimska.ovh\/index.php\/wp-json\/wp\/v2\/tags?post=11711"}],"curies":[{"name":"wp","href":"https:\/\/api.w.org\/{rel}","templated":true}]}}