{"id":11713,"date":"2020-01-24T20:49:53","date_gmt":"2020-01-24T20:49:53","guid":{"rendered":"http:\/\/www.mbfatimska.pl\/?p=11713"},"modified":"2020-01-24T20:49:53","modified_gmt":"2020-01-24T20:49:53","slug":"solo-dios-basta","status":"publish","type":"post","link":"https:\/\/mbfatimska.ovh\/index.php\/2020\/01\/24\/solo-dios-basta\/","title":{"rendered":"Solo Dios Basta"},"content":{"rendered":"<p>Kilka dni temu nasz\u0105 parafi\u0119 odwiedzi\u0142 przedstawiciel Fundacji Solo Dios Basta (B\u00f3g sam wystarczy), kt\u00f3ra by\u0142a tw\u00f3rc\u0105 takich akcji, jak \u201eR\u00f3\u017caniec do granic\u201d czy \u201ePolska pod krzy\u017cem\u201d. Nasz mi\u0142y go\u015b\u0107 powiedzia\u0142 kilka s\u0142\u00f3w o swoim \u017cyciu oraz przybli\u017cy\u0142 cele przy\u015bwiecaj\u0105ce Fundacji, gor\u0105co namawia\u0142 tak\u017ce do zawierzenia siebie i swego \u017cycia Niepokalanemu Sercu Maryi, Kr\u00f3lowej Polski. O godzinie 19:00 obejrzeli\u015bmy film &#8222;Ostatnie wezwanie&#8221; poruszaj\u0105cy kwesti\u0119 objawie\u0144 Matki Boskiej w Medjugorie. Po filmie wszyscy wzi\u0119li\u015bmy udzia\u0142 we Mszy \u015awi\u0119tej, nast\u0119pnie adoracja Naj\u015bwi\u0119tszego Sakramentu a potem akt zawierzenia Parafii Matki Bo\u017cej Fatimskiej Niepokalanemu Sercu Maryi, Kr\u00f3lowej Polski.<\/p>\n","protected":false},"excerpt":{"rendered":"<p>Kilka dni temu nasz\u0105 parafi\u0119 odwiedzi\u0142 przedstawiciel Fundacji Solo Dios Basta (B\u00f3g sam wystarczy), kt\u00f3ra by\u0142a tw\u00f3rc\u0105 takich akcji, jak \u201eR\u00f3\u017caniec do granic\u201d czy \u201ePolska pod krzy\u017cem\u201d. Nasz mi\u0142y go\u015b\u0107 powiedzia\u0142 kilka s\u0142\u00f3w o swoim \u017cyciu oraz przybli\u017cy\u0142 cele przy\u015bwiecaj\u0105ce Fundacji, gor\u0105co namawia\u0142 tak\u017ce do zawierzenia siebie i swego \u017cycia Niepokalanemu Sercu Maryi, Kr\u00f3lowej Polski. [&hellip;]<\/p>\n","protected":false},"author":1,"featured_media":9831,"comment_status":"closed","ping_status":"closed","sticky":false,"template":"","format":"standard","meta":{"footnotes":""},"categories":[2],"tags":[],"class_list":["post-11713","post","type-post","status-publish","format-standard","has-post-thumbnail","hentry","category-aktualnosci"],"_links":{"self":[{"href":"https:\/\/mbfatimska.ovh\/index.php\/wp-json\/wp\/v2\/posts\/11713","targetHints":{"allow":["GET"]}}],"collection":[{"href":"https:\/\/mbfatimska.ovh\/index.php\/wp-json\/wp\/v2\/posts"}],"about":[{"href":"https:\/\/mbfatimska.ovh\/index.php\/wp-json\/wp\/v2\/types\/post"}],"author":[{"embeddable":true,"href":"https:\/\/mbfatimska.ovh\/index.php\/wp-json\/wp\/v2\/users\/1"}],"replies":[{"embeddable":true,"href":"https:\/\/mbfatimska.ovh\/index.php\/wp-json\/wp\/v2\/comments?post=11713"}],"version-history":[{"count":0,"href":"https:\/\/mbfatimska.ovh\/index.php\/wp-json\/wp\/v2\/posts\/11713\/revisions"}],"wp:featuredmedia":[{"embeddable":true,"href":"https:\/\/mbfatimska.ovh\/index.php\/wp-json\/wp\/v2\/media\/9831"}],"wp:attachment":[{"href":"https:\/\/mbfatimska.ovh\/index.php\/wp-json\/wp\/v2\/media?parent=11713"}],"wp:term":[{"taxonomy":"category","embeddable":true,"href":"https:\/\/mbfatimska.ovh\/index.php\/wp-json\/wp\/v2\/categories?post=11713"},{"taxonomy":"post_tag","embeddable":true,"href":"https:\/\/mbfatimska.ovh\/index.php\/wp-json\/wp\/v2\/tags?post=11713"}],"curies":[{"name":"wp","href":"https:\/\/api.w.org\/{rel}","templated":true}]}}