{"id":11744,"date":"2020-01-24T21:06:13","date_gmt":"2020-01-24T21:06:13","guid":{"rendered":"http:\/\/www.mbfatimska.pl\/?p=11744"},"modified":"2020-01-24T21:06:13","modified_gmt":"2020-01-24T21:06:13","slug":"dzien-babci-i-dzien-dziadka-w-prezencie-jaselka-2","status":"publish","type":"post","link":"https:\/\/mbfatimska.ovh\/index.php\/2020\/01\/24\/dzien-babci-i-dzien-dziadka-w-prezencie-jaselka-2\/","title":{"rendered":"Dzie\u0144 Babci i Dzie\u0144 Dziadka. W prezencie Jase\u0142ka"},"content":{"rendered":"<p>W niedziel\u0119 20 stycznia o godzinie 16:30 dzieci, uczniowie klasy 2B oraz 3C ze Szko\u0142y Podstawowej nr 8 oraz Ch\u00f3r Szkolny ofiarowa\u0142y wspania\u0142y prezent swoim babciom i dziadkom. Z okazji ich \u015bwi\u0119ta, w naszym ko\u015bciele wystawione zosta\u0142y jase\u0142ka. By\u0142 to spektakl specjalnie dla nich przygotowany. Opiek\u0119 nad przygotowaniami oraz prowadzenie obj\u0119\u0142y panie: Anita Rodak oraz Dorota Fr\u0105czkowska. Dzieciom i paniom nauczycielkom serdecznie dzi\u0119kujemy za wspania\u0142e prze\u017cycia oraz chwile wzrusze\u0144. Dziadkom i babciom gratulujemy tak wspania\u0142ych wnuk\u00f3w i \u017cyczymy wielu, wielu lat \u017cycia w zdrowiu oraz otoczeniu tych\u017ce wnucz\u0105t!<\/p>\n<p><a href=\"http:\/\/www.mbfatimska.pl\/dzien-babci-i-dzien-dziadka-w-prezencie-jaselka\/\" target=\"_blank\" rel=\"noopener noreferrer\">Zdj\u0119cia<\/a><\/p>\n","protected":false},"excerpt":{"rendered":"<p>W niedziel\u0119 20 stycznia o godzinie 16:30 dzieci, uczniowie klasy 2B oraz 3C ze Szko\u0142y Podstawowej nr 8 oraz Ch\u00f3r Szkolny ofiarowa\u0142y wspania\u0142y prezent swoim babciom i dziadkom. Z okazji ich \u015bwi\u0119ta, w naszym ko\u015bciele wystawione zosta\u0142y jase\u0142ka. By\u0142 to spektakl specjalnie dla nich przygotowany. Opiek\u0119 nad przygotowaniami oraz prowadzenie obj\u0119\u0142y panie: Anita Rodak oraz [&hellip;]<\/p>\n","protected":false},"author":1,"featured_media":11733,"comment_status":"closed","ping_status":"closed","sticky":false,"template":"","format":"standard","meta":{"footnotes":""},"categories":[2],"tags":[],"class_list":["post-11744","post","type-post","status-publish","format-standard","has-post-thumbnail","hentry","category-aktualnosci"],"_links":{"self":[{"href":"https:\/\/mbfatimska.ovh\/index.php\/wp-json\/wp\/v2\/posts\/11744","targetHints":{"allow":["GET"]}}],"collection":[{"href":"https:\/\/mbfatimska.ovh\/index.php\/wp-json\/wp\/v2\/posts"}],"about":[{"href":"https:\/\/mbfatimska.ovh\/index.php\/wp-json\/wp\/v2\/types\/post"}],"author":[{"embeddable":true,"href":"https:\/\/mbfatimska.ovh\/index.php\/wp-json\/wp\/v2\/users\/1"}],"replies":[{"embeddable":true,"href":"https:\/\/mbfatimska.ovh\/index.php\/wp-json\/wp\/v2\/comments?post=11744"}],"version-history":[{"count":0,"href":"https:\/\/mbfatimska.ovh\/index.php\/wp-json\/wp\/v2\/posts\/11744\/revisions"}],"wp:featuredmedia":[{"embeddable":true,"href":"https:\/\/mbfatimska.ovh\/index.php\/wp-json\/wp\/v2\/media\/11733"}],"wp:attachment":[{"href":"https:\/\/mbfatimska.ovh\/index.php\/wp-json\/wp\/v2\/media?parent=11744"}],"wp:term":[{"taxonomy":"category","embeddable":true,"href":"https:\/\/mbfatimska.ovh\/index.php\/wp-json\/wp\/v2\/categories?post=11744"},{"taxonomy":"post_tag","embeddable":true,"href":"https:\/\/mbfatimska.ovh\/index.php\/wp-json\/wp\/v2\/tags?post=11744"}],"curies":[{"name":"wp","href":"https:\/\/api.w.org\/{rel}","templated":true}]}}