{"id":11830,"date":"2020-02-11T13:25:44","date_gmt":"2020-02-11T13:25:44","guid":{"rendered":"http:\/\/www.mbfatimska.pl\/?p=11830"},"modified":"2020-02-11T13:25:44","modified_gmt":"2020-02-11T13:25:44","slug":"dzien-chorych-msza-swieta-2","status":"publish","type":"post","link":"https:\/\/mbfatimska.ovh\/index.php\/2020\/02\/11\/dzien-chorych-msza-swieta-2\/","title":{"rendered":"Dzie\u0144 chorych. Msza \u015bwi\u0119ta"},"content":{"rendered":"<p>Dzisiaj 11 lutego przypada dzie\u0144 chorego ustanowiony w 1992 roku przez papie\u017ca Jana Paw\u0142a II. W naszym ko\u015bciele specjalna msza dla chorych odprawiona zosta\u0142a o godzinie 9:00 przez proboszcza parafii ksi\u0119dza, pra\u0142ata Tomasza Chcia\u0142owskiego. Oczywi\u015bcie my r\u00f3wnie\u017c wzi\u0119li\u015bmy udzia\u0142 we mszy, Piotr odczyta\u0142 ewangeli\u0119 a potem przyst\u0105pili\u015bmy do sakramentu namaszczenia. Po mszy \u015bwi\u0119tej wr\u00f3cili\u015bmy do naszych zaj\u0119\u0107.<\/p>\n<p><a href=\"http:\/\/www.mbfatimska.pl\/dzien-chorych-msza-swieta\/\" target=\"_blank\" rel=\"noopener noreferrer\">Zobacz zdj\u0119cia!<\/a><\/p>\n","protected":false},"excerpt":{"rendered":"<p>Dzisiaj 11 lutego przypada dzie\u0144 chorego ustanowiony w 1992 roku przez papie\u017ca Jana Paw\u0142a II. W naszym ko\u015bciele specjalna msza dla chorych odprawiona zosta\u0142a o godzinie 9:00 przez proboszcza parafii ksi\u0119dza, pra\u0142ata Tomasza Chcia\u0142owskiego. Oczywi\u015bcie my r\u00f3wnie\u017c wzi\u0119li\u015bmy udzia\u0142 we mszy, Piotr odczyta\u0142 ewangeli\u0119 a potem przyst\u0105pili\u015bmy do sakramentu namaszczenia. Po mszy \u015bwi\u0119tej wr\u00f3cili\u015bmy do [&hellip;]<\/p>\n","protected":false},"author":1,"featured_media":11781,"comment_status":"closed","ping_status":"closed","sticky":false,"template":"","format":"standard","meta":{"footnotes":""},"categories":[20],"tags":[],"class_list":["post-11830","post","type-post","status-publish","format-standard","has-post-thumbnail","hentry","category-wtz-rity"],"_links":{"self":[{"href":"https:\/\/mbfatimska.ovh\/index.php\/wp-json\/wp\/v2\/posts\/11830","targetHints":{"allow":["GET"]}}],"collection":[{"href":"https:\/\/mbfatimska.ovh\/index.php\/wp-json\/wp\/v2\/posts"}],"about":[{"href":"https:\/\/mbfatimska.ovh\/index.php\/wp-json\/wp\/v2\/types\/post"}],"author":[{"embeddable":true,"href":"https:\/\/mbfatimska.ovh\/index.php\/wp-json\/wp\/v2\/users\/1"}],"replies":[{"embeddable":true,"href":"https:\/\/mbfatimska.ovh\/index.php\/wp-json\/wp\/v2\/comments?post=11830"}],"version-history":[{"count":0,"href":"https:\/\/mbfatimska.ovh\/index.php\/wp-json\/wp\/v2\/posts\/11830\/revisions"}],"wp:featuredmedia":[{"embeddable":true,"href":"https:\/\/mbfatimska.ovh\/index.php\/wp-json\/wp\/v2\/media\/11781"}],"wp:attachment":[{"href":"https:\/\/mbfatimska.ovh\/index.php\/wp-json\/wp\/v2\/media?parent=11830"}],"wp:term":[{"taxonomy":"category","embeddable":true,"href":"https:\/\/mbfatimska.ovh\/index.php\/wp-json\/wp\/v2\/categories?post=11830"},{"taxonomy":"post_tag","embeddable":true,"href":"https:\/\/mbfatimska.ovh\/index.php\/wp-json\/wp\/v2\/tags?post=11830"}],"curies":[{"name":"wp","href":"https:\/\/api.w.org\/{rel}","templated":true}]}}