{"id":11861,"date":"2020-02-24T22:33:54","date_gmt":"2020-02-24T22:33:54","guid":{"rendered":"http:\/\/www.mbfatimska.pl\/?p=11861"},"modified":"2020-02-24T22:33:54","modified_gmt":"2020-02-24T22:33:54","slug":"sroda-popielcowa-26-02-2020-znaczenie-i-godziny-mszy-swietych","status":"publish","type":"post","link":"https:\/\/mbfatimska.ovh\/index.php\/2020\/02\/24\/sroda-popielcowa-26-02-2020-znaczenie-i-godziny-mszy-swietych\/","title":{"rendered":"\u015aroda Popielcowa &#8211; 26.02.2020"},"content":{"rendered":"<h2><span style=\"color: #800080;\"><strong>\u015aroda Popielcowa w naszej Parafii:<\/strong><a href=\"http:\/\/www.mbfatimska.pl\/wp-content\/uploads\/2018\/02\/krzy\u017cowa.jpg\"><img decoding=\"async\" class=\" wp-image-6921 alignright\" src=\"http:\/\/www.mbfatimska.pl\/wp-content\/uploads\/2018\/02\/krzy\u017cowa-300x169.jpg\" alt=\"\" width=\"284\" height=\"160\" \/><\/a><\/span><\/h2>\n<h2><span style=\"color: #000000;\"><strong><a href=\"http:\/\/www.mbfatimska.pl\/sroda-popielcowa-msza-swieta-o-godzinie-900\/\">GALERIA ZDJ\u0118\u0106<\/a><\/strong><br \/>\n<\/span><\/h2>\n<p>&nbsp;<\/p>\n<h2><strong><span style=\"color: #800080;\">Znaczenie \u015arody Popielcowej:<\/span><\/strong><\/h2>\n<h4><span style=\"color: #000000;\">Okres Wielkiego Postu w ko\u015bciele katolickim rozpoczyna \u015aroda Popielcowa. Jest czasem szczeg\u00f3lnej refleksji nad \u017cyciem chrze\u015bcija\u0144skim w odniesieniu do m\u0119ki, \u015bmierci i zmartwychwstania Chrystusa. Jest wyrazem wiary w Odkupienie.<\/span><\/h4>\n<h4><span style=\"color: #000000;\">Ko\u015bci\u00f3\u0142 katolicki przygotowuje si\u0119 do \u015bwi\u0105t wielkanocnych przez okres Wielkiego Postu, trwaj\u0105cego 40 dni. Czas ten rozpoczyna si\u0119 szczeg\u00f3lnym dniem tj. \u015brod\u0105 popielcow\u0105, a ko\u0144czy obchodami tzw. Triduum Paschalnego, czyli prze\u017cywaniem m\u0119ki, \u015bmierci i zmartwychwstania Chrystusa. W \u015arod\u0119 Popielcow\u0105 wierni nawiedzaj\u0105 ko\u015bcio\u0142y, gdzie na znak rozpoczynaj\u0105cego si\u0119 czasu pokuty, odbywa si\u0119 obrz\u0119d posypania g\u0142\u00f3w popio\u0142em. Popi\u00f3\u0142 jest uzyskiwany ze spalenia po\u015bwi\u0119conych poprzedniego roku palm z Niedzieli Palmowej. \u015aroda Popielcowa stanowi warto\u015bciowy i znacz\u0105cy dzie\u0144 w liturgicznym \u017cyciu Ko\u015bcio\u0142a katolickiego.<\/span><\/h4>\n<h4><span style=\"color: #000000;\">\u015aroda Popielcowa jako dzie\u0144 rozpoczynaj\u0105cy liturgiczny okres pokuty przyj\u0105\u0142 si\u0119 w VII w., a za wskazaniem papie\u017ca Urbana II ceremonia posypywania popio\u0142em. Przemijalno\u015b\u0107 \u017cycia ludzkiego by\u0142a akcentowana du\u017co wcze\u015bniej. W\u0142a\u015bnie wtedy popi\u00f3\u0142 uwa\u017cano za symbol i znak \u017ca\u0142oby i pokuty. Praktykowali to nie tylko Izraelici, lecz r\u00f3wnie\u017c Egipcjanie, Arabowie i Grecy. W ka\u017cdym razie chodzi\u0142o o wyra\u017cenie skruchy i podj\u0119ciu pokuty ze wzgl\u0119du na ludzkie s\u0142abo\u015bci i fakt przygodno\u015bci bytu ludzkiego.<\/span><\/h4>\n<h4><span style=\"color: #000000;\">Obecnie obrz\u0119d posypywania g\u0142\u00f3w popio\u0142em w liturgii \u015arody Popielcowej ma u\u015bwiadomi\u0107 cz\u0142owiekowi przynajmniej dwie sprawy: po pierwsze, przemijalno\u015b\u0107 \u017cycia ludzkiego (z prochu powsta\u0142e\u015b i w proch si\u0119 obr\u00f3cisz) oraz po drugie, potrzeb\u0119 przemiany i nawr\u00f3cenia do Boga (nawracajcie si\u0119 i wierzcie w Ewangeli\u0119). Te dwie kwestie stanowi\u0105 istot\u0119 dobrego prze\u017cycia ca\u0142ego Wielkiego Postu, by p\u00f3\u017aniej z prawdziwie godn\u0105 postaw\u0105 chrze\u015bcijanina prze\u017cy\u0107 uroczysto\u015bci paschalne. Nale\u017cy jednak zauwa\u017cy\u0107, \u017ce celem prze\u017cywania tego okresu liturgicznego w \u017cyciu Ko\u015bcio\u0142a jest nie tylko Wielkanoc, ale przede wszystkim przygotowanie do ostatecznego spotkania z Bogiem w wieczno\u015bci. Jest to fundamentalne w chrze\u015bcija\u0144stwie, gdy\u017c ka\u017cdy ochrzczony zmierza na spotkanie z Bogiem. Chrystus, jak g\u0142osi wiara katolicka, przez swoj\u0105 m\u0119k\u0119, \u015bmier\u0107 i zmartwychwstanie, wyzwoli\u0142 ludzko\u015b\u0107 od \u015bmierci i grzechu. Dlatego w\u0142a\u015bnie przypomina si\u0119 ten\u017ce fakt w r\u00f3\u017cnych nabo\u017ce\u0144stwach pasyjnych, a szczeg\u00f3lnie w sakramencie Eucharystii.<\/span><\/h4>\n<h4><span style=\"color: #000000;\">\u015aroda Popielcowa jako szczeg\u00f3lny dzie\u0144 w \u017cyciu Ko\u015bcio\u0142a, stanowi dla chrze\u015bcijanina okre\u015blon\u0105, pozytywn\u0105 warto\u015b\u0107 w duchowym odrodzeniu i powrocie do Boga. Dlatego te\u017c, ca\u0142y okres Wielkiego Postu zach\u0119ca do refleksji nad \u017cyciem osobistym w odniesieniu do Boga i ludzi, pog\u0142\u0119bionej zadumy nad relacjami mi\u0119dzyosobowymi w rodzinie, do u\u015bwiadomienia sobie w\u0142asnego stosunku do otaczaj\u0105cej przyrody, itd. Chodzi wi\u0119c o specyficzny rachunek sumienia, kt\u00f3ry w ko\u0144cowej fazie ma doprowadzi\u0107 do pojednania z Bogiem i lud\u017ami, do odrodzenia duchowego chrze\u015bcijanina.<\/span><\/h4>\n<p><a href=\"http:\/\/www.mbfatimska.pl\/sroda-popielcowa-msza-swieta-o-godzinie-900\/\" target=\"_blank\" rel=\"noopener noreferrer\">Obejrzyj zdj\u0119cia<\/a><\/p>\n","protected":false},"excerpt":{"rendered":"<p>\u015aroda Popielcowa w naszej Parafii: GALERIA ZDJ\u0118\u0106 &nbsp; Znaczenie \u015arody Popielcowej: Okres Wielkiego Postu w ko\u015bciele katolickim rozpoczyna \u015aroda Popielcowa. Jest czasem szczeg\u00f3lnej refleksji nad \u017cyciem chrze\u015bcija\u0144skim w odniesieniu do m\u0119ki, \u015bmierci i zmartwychwstania Chrystusa. Jest wyrazem wiary w Odkupienie. Ko\u015bci\u00f3\u0142 katolicki przygotowuje si\u0119 do \u015bwi\u0105t wielkanocnych przez okres Wielkiego Postu, trwaj\u0105cego 40 dni. Czas [&hellip;]<\/p>\n","protected":false},"author":1,"featured_media":11906,"comment_status":"closed","ping_status":"closed","sticky":false,"template":"","format":"standard","meta":{"footnotes":""},"categories":[2],"tags":[],"class_list":["post-11861","post","type-post","status-publish","format-standard","has-post-thumbnail","hentry","category-aktualnosci"],"_links":{"self":[{"href":"https:\/\/mbfatimska.ovh\/index.php\/wp-json\/wp\/v2\/posts\/11861","targetHints":{"allow":["GET"]}}],"collection":[{"href":"https:\/\/mbfatimska.ovh\/index.php\/wp-json\/wp\/v2\/posts"}],"about":[{"href":"https:\/\/mbfatimska.ovh\/index.php\/wp-json\/wp\/v2\/types\/post"}],"author":[{"embeddable":true,"href":"https:\/\/mbfatimska.ovh\/index.php\/wp-json\/wp\/v2\/users\/1"}],"replies":[{"embeddable":true,"href":"https:\/\/mbfatimska.ovh\/index.php\/wp-json\/wp\/v2\/comments?post=11861"}],"version-history":[{"count":0,"href":"https:\/\/mbfatimska.ovh\/index.php\/wp-json\/wp\/v2\/posts\/11861\/revisions"}],"wp:featuredmedia":[{"embeddable":true,"href":"https:\/\/mbfatimska.ovh\/index.php\/wp-json\/wp\/v2\/media\/11906"}],"wp:attachment":[{"href":"https:\/\/mbfatimska.ovh\/index.php\/wp-json\/wp\/v2\/media?parent=11861"}],"wp:term":[{"taxonomy":"category","embeddable":true,"href":"https:\/\/mbfatimska.ovh\/index.php\/wp-json\/wp\/v2\/categories?post=11861"},{"taxonomy":"post_tag","embeddable":true,"href":"https:\/\/mbfatimska.ovh\/index.php\/wp-json\/wp\/v2\/tags?post=11861"}],"curies":[{"name":"wp","href":"https:\/\/api.w.org\/{rel}","templated":true}]}}