{"id":11997,"date":"2020-04-04T23:06:41","date_gmt":"2020-04-04T23:06:41","guid":{"rendered":"http:\/\/www.mbfatimska.pl\/?p=11997"},"modified":"2020-04-04T23:06:41","modified_gmt":"2020-04-04T23:06:41","slug":"niedziela-palmowa-meki-panskiej-05-04-2020-2","status":"publish","type":"post","link":"https:\/\/mbfatimska.ovh\/index.php\/2020\/04\/04\/niedziela-palmowa-meki-panskiej-05-04-2020-2\/","title":{"rendered":"NIEDZIELA PALMOWA M\u0118KI PA\u0143SKIEJ &#8211; 05.04.2020"},"content":{"rendered":"<ul>\n<li>\n<h4><span style=\"color: #000000;\">Msze \u015awi\u0119te dzisiaj odprawimy o: 7.<strong>30. 9.00, 10.15, 11.00, 12.30, 15.00, 18.00<\/strong>. Przypominamy, \u017ce w ko\u015bciele powinno przebywa\u0107 maksymalnie pi\u0119ciu wiernych &#8211; nie licz\u0105c ksi\u0119\u017cy, pracownik\u00f3w Parafii i S\u0142u\u017cby Liturgicznej. Przypominamy o mo\u017cliwo\u015bci skorzystania z dyspensy na ten czas &#8211; wtedy uczestniczymy w Mszach \u015bwi\u0119tych za pomoc\u0105 medi\u00f3w. W\u0142\u0105czone s\u0105 g\u0142o\u015bniki na zewn\u0105trz i tam r\u00f3wnie\u017c mo\u017cemy uczestniczy\u0107 w liturgiach.<\/span><\/h4>\n<\/li>\n<li>\n<h4><span style=\"color: #000000;\"><strong>Spowied\u017a w Wielkim Tygodniu:<br \/>\n<\/strong>&#8211; poniedzia\u0142ek, wtorek, \u015broda od 17.00 do 19.30;<\/span><br \/>\n<span style=\"color: #000000;\">&#8211; czwartek, pi\u0105tek, sobota \u2013 od 16.00 do 17.40;<\/span><\/h4>\n<\/li>\n<\/ul>\n<ul>\n<li>\n<h4><span style=\"color: #000000;\"><strong>Liturgie <\/strong>Wielkiego Czwartku, Pi\u0105tku i Soboty o godz. 18.00. Z powod\u00f3w oczywistych przypominamy o mo\u017cliwo\u015bci uczestniczenia w liturgiach za pomoc\u0105 medi\u00f3w.<\/span><\/h4>\n<\/li>\n<li>\n<h4><span style=\"color: #000000;\"><strong>Adoracje Pana Jezusa:<br \/>\n<\/strong>&#8211; Wielki Czwartek w Ciemnicy od 19.30 do 23.00<\/span><br \/>\n<span style=\"color: #000000;\">&#8211; Wielki Pi\u0105tek w Ciemnicy od 8.00 do 17.30 oraz p\u00f3\u017aniej w Grobie od 19.30 do 23.00.<\/span><br \/>\n<span style=\"color: #000000;\">&#8211; Wielka Sobota w Grobie od 8.00 do 17.30. Tego dnia ko\u015bci\u00f3\u0142 b\u0119dzie otwarty do 22.00 (modlitwa prywatna).<\/span><\/h4>\n<\/li>\n<li>\n<h4><span style=\"color: #000000;\"><strong>Msze \u015awi\u0119te w Niedziel\u0119 Wielkanocn\u0105<\/strong>: 6.30 (Rezurekcja), 10.15, 11.00, 12.30, 15.00, 18.00.<\/span><\/h4>\n<\/li>\n<li>\n<h4><span style=\"color: #000000;\"><strong>Msze \u015awi\u0119te w Poniedzia\u0142ek Wielkanocny<\/strong>: 7.30, 9.00, 10.15, 11.00, 12.30, 15.00, 18.00.<\/span><\/h4>\n<\/li>\n<li>\n<h4><span style=\"color: #000000;\"><strong>Transmisje Mszy \u015bwi\u0119tych i liturgii <\/strong>na parafialnym Facebook\u2019u z naszego ko\u015bcio\u0142a:<\/span><br \/>\n<span style=\"color: #000000;\">05.04.2020 (Niedziela Palmowa) \u2013 godz. 9.00 i 15.00<\/span><br \/>\n<span style=\"color: #000000;\">09.04.2020 (Wielki Czwartek) \u2013 godz. 18.00<\/span><br \/>\n<span style=\"color: #000000;\">10.04.2020 (Wielki Pi\u0105tek) \u2013 godz. 18.00<\/span><br \/>\n<span style=\"color: #000000;\">11.04.2020 (Wielka Sobota) \u2013 godz. 18.00<\/span><br \/>\n<span style=\"color: #000000;\">12.04.2020 (Wielkanoc) \u2013 godz. 6.30 i 15.00<\/span><br \/>\n<span style=\"color: #000000;\">13.04.2020 (Poniedzia\u0142ek Wielk.) \u2013 godz. 9.00 i 15.00<\/span><br \/>\n<span style=\"color: #000000;\"><strong>LINK DO TRANSMISJI:<\/strong> <a style=\"color: #000000;\" href=\"https:\/\/www.facebook.com\/Parafia.Legionowo\/\">https:\/\/www.facebook.com\/Parafia.Legionowo\/<\/a><\/span><\/h4>\n<\/li>\n<li>\n<h4><span style=\"color: #000000;\">Zgodnie z dekretem Ksi\u0119dza Biskupa przed \u015bwi\u0119tami z pos\u0142ug\u0105 sakramentaln\u0105 do os\u00f3b chorych i starszych kap\u0142ani udadz\u0105 si\u0119 tylko w <strong>sytuacjach zagro\u017cenia \u017cycia<\/strong> (namaszczenie, Wiatyk). Zg\u0142oszenia przyjmujemy telefonicznie:<\/span><br \/>\n<span style=\"color: #000000;\">&#8211; Ks. Proboszcz:\u00a0 692 480 148<\/span><br \/>\n<span style=\"color: #000000;\">&#8211; Ks. Wikariusz:\u00a0 516\u00a0157\u00a0796.<\/span><\/h4>\n<\/li>\n<li>\n<h4><span style=\"color: #000000;\">W zwi\u0105zku z epidemi\u0105 nasz diecezjalny tygodnik Idziemy dost\u0119pny jest <strong>NIEODP\u0141ATNIE<\/strong> na stronie <a style=\"color: #000000;\" href=\"http:\/\/www.idziemy.pl\">idziemy.pl<\/a> Tam klikamy ikonk\u0119 do pobrania tygodnika. Zach\u0119camy do korzystania!<\/span><\/h4>\n<\/li>\n<li>\n<h4><strong><span style=\"color: #000000;\">W minionych latach Parafia Matki Bo\u017cej Fatimskiej i Legionowskie Stowarzyszenie Amicus na \u015bwi\u0119ta wspiera\u0142y materialnie ponad 200 os\u00f3b paczkami \u017cywno\u015bciowymi, a nawet wysy\u0142a\u0142y paczki \u017cywno\u015bciowe na Litw\u0119 do polskich rodzin borykaj\u0105cych si\u0119 z problemami materialnymi. Dzisiaj \u017cyjemy w innych warunkach, jest epidemia. Pod koniec marca 20 os\u00f3b po 80 roku \u017cycia i osoby niepe\u0142nosprawne otrzyma\u0142y talony \u017cywno\u015bciowe na \u015bwi\u0119ta o warto\u015bci 150 z\u0142 ka\u017cdy. Dzisiaj w kooperacji z Caritas Polska 15 os\u00f3b po 60. roku \u017cycia, kt\u00f3rych doch\u00f3d miesi\u0119czny nie przekracza 1100 z\u0142otych netto otrzyma, b\u0105d\u017a ju\u017c otrzyma\u0142a karty na zakupy do Biedronki od 01.04.2020 do 01.01.2021 po 150 z\u0142 na miesi\u0105c. W minionym czasie nasza Parafia i Legionowskie Stowarzyszenie\u00a0 Amicus ofiarowa\u0142y w\u0142asnor\u0119cznie uszyte maseczki w liczbie kilkuset sztuk i p\u0142yn do dezynfekcji miejscowemu restauratorowi Micha\u0142owi i jego zespo\u0142owi oraz bia\u0142emu personelowi z Nowego Dworu Mazowieckiego. R\u00f3wnie\u017c z w\u0142a\u015bcicielem firmy gastronomicznej Gruba Ka\u015bka fundujemy posi\u0142ki dla zespo\u0142\u00f3w ratunkowych z Legionowa. Dla ci\u0119\u017cko chorych, maj\u0105cych problemy z oddychaniem nieodp\u0142atnie oferujemy koncentratory tlenu.<\/span><\/strong><\/h4>\n<\/li>\n<\/ul>\n<p>&nbsp;<\/p>\n<p>&nbsp;<\/p>\n<p><a href=\"http:\/\/www.mbfatimska.pl\/wp-content\/uploads\/2020\/04\/91746960_1383201121881001_8975303607830183936_n-min_Easy-Resize.com_-1.jpg\"><img fetchpriority=\"high\" decoding=\"async\" class=\"alignnone size-medium wp-image-12200\" src=\"http:\/\/www.mbfatimska.pl\/wp-content\/uploads\/2020\/04\/91746960_1383201121881001_8975303607830183936_n-min_Easy-Resize.com_-1-225x300.jpg\" alt=\"\" width=\"225\" height=\"300\" srcset=\"https:\/\/mbfatimska.ovh\/wp-content\/uploads\/2020\/04\/91746960_1383201121881001_8975303607830183936_n-min_Easy-Resize.com_-1-225x300.jpg 225w, https:\/\/mbfatimska.ovh\/wp-content\/uploads\/2020\/04\/91746960_1383201121881001_8975303607830183936_n-min_Easy-Resize.com_-1-768x1024.jpg 768w, https:\/\/mbfatimska.ovh\/wp-content\/uploads\/2020\/04\/91746960_1383201121881001_8975303607830183936_n-min_Easy-Resize.com_-1.jpg 960w\" sizes=\"(max-width: 225px) 100vw, 225px\" \/><\/a> <a href=\"http:\/\/www.mbfatimska.pl\/wp-content\/uploads\/2020\/04\/91821057_2821692971282864_98378575261990912_n-min_Easy-Resize.com_-1.jpg\"><img decoding=\"async\" class=\"alignnone size-medium wp-image-12201\" src=\"http:\/\/www.mbfatimska.pl\/wp-content\/uploads\/2020\/04\/91821057_2821692971282864_98378575261990912_n-min_Easy-Resize.com_-1-225x300.jpg\" alt=\"\" width=\"225\" height=\"300\" srcset=\"https:\/\/mbfatimska.ovh\/wp-content\/uploads\/2020\/04\/91821057_2821692971282864_98378575261990912_n-min_Easy-Resize.com_-1-225x300.jpg 225w, https:\/\/mbfatimska.ovh\/wp-content\/uploads\/2020\/04\/91821057_2821692971282864_98378575261990912_n-min_Easy-Resize.com_-1-768x1024.jpg 768w, https:\/\/mbfatimska.ovh\/wp-content\/uploads\/2020\/04\/91821057_2821692971282864_98378575261990912_n-min_Easy-Resize.com_-1.jpg 960w\" sizes=\"(max-width: 225px) 100vw, 225px\" \/><\/a> <a href=\"http:\/\/www.mbfatimska.pl\/wp-content\/uploads\/2020\/04\/91869942_1541600196006270_5436276360089698304_n-min_Easy-Resize.com_-1.jpg\"><img decoding=\"async\" class=\"alignnone size-medium wp-image-12202\" src=\"http:\/\/www.mbfatimska.pl\/wp-content\/uploads\/2020\/04\/91869942_1541600196006270_5436276360089698304_n-min_Easy-Resize.com_-1-300x225.jpg\" alt=\"\" width=\"300\" height=\"225\" srcset=\"https:\/\/mbfatimska.ovh\/wp-content\/uploads\/2020\/04\/91869942_1541600196006270_5436276360089698304_n-min_Easy-Resize.com_-1-300x225.jpg 300w, https:\/\/mbfatimska.ovh\/wp-content\/uploads\/2020\/04\/91869942_1541600196006270_5436276360089698304_n-min_Easy-Resize.com_-1-1024x768.jpg 1024w, https:\/\/mbfatimska.ovh\/wp-content\/uploads\/2020\/04\/91869942_1541600196006270_5436276360089698304_n-min_Easy-Resize.com_-1-768x576.jpg 768w, https:\/\/mbfatimska.ovh\/wp-content\/uploads\/2020\/04\/91869942_1541600196006270_5436276360089698304_n-min_Easy-Resize.com_-1.jpg 1280w\" sizes=\"(max-width: 300px) 100vw, 300px\" \/><\/a> <a href=\"http:\/\/www.mbfatimska.pl\/wp-content\/uploads\/2020\/04\/91725784_633814540508282_2600796847429648384_n-min_Easy-Resize.com_-1.jpg\"><img loading=\"lazy\" decoding=\"async\" class=\"alignnone size-medium wp-image-12203\" src=\"http:\/\/www.mbfatimska.pl\/wp-content\/uploads\/2020\/04\/91725784_633814540508282_2600796847429648384_n-min_Easy-Resize.com_-1-225x300.jpg\" alt=\"\" width=\"225\" height=\"300\" srcset=\"https:\/\/mbfatimska.ovh\/wp-content\/uploads\/2020\/04\/91725784_633814540508282_2600796847429648384_n-min_Easy-Resize.com_-1-225x300.jpg 225w, https:\/\/mbfatimska.ovh\/wp-content\/uploads\/2020\/04\/91725784_633814540508282_2600796847429648384_n-min_Easy-Resize.com_-1-768x1024.jpg 768w, https:\/\/mbfatimska.ovh\/wp-content\/uploads\/2020\/04\/91725784_633814540508282_2600796847429648384_n-min_Easy-Resize.com_-1.jpg 960w\" sizes=\"(max-width: 225px) 100vw, 225px\" \/><\/a><\/p>\n<p>&nbsp;<\/p>\n","protected":false},"excerpt":{"rendered":"<p>Msze \u015awi\u0119te dzisiaj odprawimy o: 7.30. 9.00, 10.15, 11.00, 12.30, 15.00, 18.00. Przypominamy, \u017ce w ko\u015bciele powinno przebywa\u0107 maksymalnie pi\u0119ciu wiernych &#8211; nie licz\u0105c ksi\u0119\u017cy, pracownik\u00f3w Parafii i S\u0142u\u017cby Liturgicznej. Przypominamy o mo\u017cliwo\u015bci skorzystania z dyspensy na ten czas &#8211; wtedy uczestniczymy w Mszach \u015bwi\u0119tych za pomoc\u0105 medi\u00f3w. W\u0142\u0105czone s\u0105 g\u0142o\u015bniki na zewn\u0105trz i tam [&hellip;]<\/p>\n","protected":false},"author":1,"featured_media":7246,"comment_status":"closed","ping_status":"closed","sticky":false,"template":"","format":"standard","meta":{"footnotes":""},"categories":[2],"tags":[],"class_list":["post-11997","post","type-post","status-publish","format-standard","has-post-thumbnail","hentry","category-aktualnosci"],"_links":{"self":[{"href":"https:\/\/mbfatimska.ovh\/index.php\/wp-json\/wp\/v2\/posts\/11997","targetHints":{"allow":["GET"]}}],"collection":[{"href":"https:\/\/mbfatimska.ovh\/index.php\/wp-json\/wp\/v2\/posts"}],"about":[{"href":"https:\/\/mbfatimska.ovh\/index.php\/wp-json\/wp\/v2\/types\/post"}],"author":[{"embeddable":true,"href":"https:\/\/mbfatimska.ovh\/index.php\/wp-json\/wp\/v2\/users\/1"}],"replies":[{"embeddable":true,"href":"https:\/\/mbfatimska.ovh\/index.php\/wp-json\/wp\/v2\/comments?post=11997"}],"version-history":[{"count":0,"href":"https:\/\/mbfatimska.ovh\/index.php\/wp-json\/wp\/v2\/posts\/11997\/revisions"}],"wp:featuredmedia":[{"embeddable":true,"href":"https:\/\/mbfatimska.ovh\/index.php\/wp-json\/wp\/v2\/media\/7246"}],"wp:attachment":[{"href":"https:\/\/mbfatimska.ovh\/index.php\/wp-json\/wp\/v2\/media?parent=11997"}],"wp:term":[{"taxonomy":"category","embeddable":true,"href":"https:\/\/mbfatimska.ovh\/index.php\/wp-json\/wp\/v2\/categories?post=11997"},{"taxonomy":"post_tag","embeddable":true,"href":"https:\/\/mbfatimska.ovh\/index.php\/wp-json\/wp\/v2\/tags?post=11997"}],"curies":[{"name":"wp","href":"https:\/\/api.w.org\/{rel}","templated":true}]}}