{"id":12249,"date":"2020-05-23T21:06:23","date_gmt":"2020-05-23T21:06:23","guid":{"rendered":"http:\/\/www.mbfatimska.pl\/?p=12249"},"modified":"2020-05-23T21:06:23","modified_gmt":"2020-05-23T21:06:23","slug":"niedziela-wniebowstapienia-panskiego-24-05-2020-r","status":"publish","type":"post","link":"https:\/\/mbfatimska.ovh\/index.php\/2020\/05\/23\/niedziela-wniebowstapienia-panskiego-24-05-2020-r\/","title":{"rendered":"Niedziela Wniebowst\u0105pienia Pa\u0144skiego &#8211; 24.05.2020 r."},"content":{"rendered":"<ul>\n<li>\n<h4><span style=\"color: #000000;\">\u00a0Jeszcze dzisiaj o godzinie 20.00 kolejne spotkanie modlitewno &#8211; formacyjne dla narzeczonych w ramach kursu przedma\u0142\u017ce\u0144skiego. <\/span><\/h4>\n<\/li>\n<li>\n<h4><span style=\"color: #000000;\">\u00a0W sierpniu planujemy zorganizowa\u0107 (7-dniowy) wyjazd na Mazury dla dzieci. W programie zwiedzanie Bia\u0142egostoku, Studzienicznej, klasztoru w Wigrach, Wilna, Druskiennik. Ch\u0119tnych zapraszamy na spotkanie organizacyjne w poniedzia\u0142ek na godzin\u0119 17.00 do ko\u015bcio\u0142a. <\/span><\/h4>\n<\/li>\n<li>\n<h4><span style=\"color: #000000;\">\u00a0W pi\u0105tek o godzinie 19.00 zostanie odprawiona Msza \u015awi\u0119ta wypominkowa za naszych bliskich zmar\u0142ych. Nabo\u017ce\u0144stwo majowe tego dnia o godzinie 18.30. Nie b\u0119dzie r\u00f3wnie\u017c w pi\u0105tek adoracji Naj\u015bwi\u0119tszego Sakramentu w godzinach 20.00 &#8211; 21.00. <\/span><\/h4>\n<\/li>\n<li>\n<h4><span style=\"color: #000000;\">\u00a0W pi\u0105tek o godzinie 20.00 w ko\u015bciele odb\u0119dzie si\u0119 spotkanie modlitewno &#8211; informacyjne dla rodzic\u00f3w dzieci komunijnych w zwi\u0105zku z uroczysto\u015bci\u0105 Pierwszej Komunii \u015awi\u0119tej. <\/span><\/h4>\n<\/li>\n<li>\n<h4><span style=\"color: #000000;\">\u00a0W sobot\u0119 o godz. 10.00 grupa 15 dzieci przyst\u0105pi do Komunii \u015awi\u0119tej Rocznicowej. W \u015brod\u0119, 27 maja o godz. 16.30 dzieci wezm\u0105 udzia\u0142 w pr\u00f3bie przygotowuj\u0105cej do uroczysto\u015bci, a w pi\u0105tek 29 maja o godz. 17.00 przyst\u0105pi\u0105 do sakramentu pokuty. <\/span><\/h4>\n<\/li>\n<li>\n<h4><span style=\"color: #000000;\">\u00a0Ko\u0144czymy Okres Wielkanocny w kt\u00f3rym nale\u017ca\u0142o przyst\u0105pi\u0107 do sakrament\u00f3w Pokuty (Spowiedzi) i Komunii \u015bwi\u0119tej. Kto jeszcze nie skorzysta\u0142\u00a0 tych sakrament\u00f3w to zapraszamy, aby ich nie odk\u0142ada\u0107 na przysz\u0142o\u015b\u0107. W niedziel\u0119 spowiadamy podczas ka\u017cdej Mszy \u015awi\u0119tej. W dni powszednie spowiadamy 15 minut przed rozpocz\u0119ciem Mszy \u015awi\u0119tej. Dodatkowo w pi\u0105tek b\u0119dziemy spowiada\u0107 od godziny 17.30 do 19.30. <\/span><\/h4>\n<\/li>\n<li>\n<h4><span style=\"color: #000000;\">\u00a0Za tydzie\u0144 obchodzi\u0107 b\u0119dziemy uroczysto\u015b\u0107 Zes\u0142ania Ducha \u015awi\u0119tego (Zielone \u015awi\u0105tki), kt\u00f3ra ko\u0144czy Okres Wielkanocy. <\/span><\/h4>\n<\/li>\n<li>\n<h4><span style=\"color: #000000;\">\u00a0We wtorek obchodzi\u0107 b\u0119dziemy Dzie\u0144 Matki. Ju\u017c dzisiaj wszystkim Mamom sk\u0142adamy najserdeczniejsze \u017cyczenia &#8211; zdrowia, si\u0142, ludzkiej \u017cyczliwo\u015bci i Bo\u017cego b\u0142ogos\u0142awie\u0144stwa. <\/span><\/h4>\n<\/li>\n<li>\n<h4><span style=\"color: #000000;\">\u00a0W czwartek obchodzi\u0107 b\u0119dziemy rocznic\u0119 \u015bmierci S\u0142ugi Bo\u017cego Kard. Stefana Wyszy\u0144skiego. <\/span><\/h4>\n<\/li>\n<li>\n<h4><span style=\"color: #000000;\">\u00a0W przysz\u0142\u0105 niedziel\u0119 o godz. 17.00 w ko\u015bciele spotkanie modlitewno &#8211; formacyjne dla m\u0142odzie\u017cy przygotowuj\u0105cej si\u0119 do Sakramentu Bierzmowania. <\/span><\/h4>\n<\/li>\n<li>\n<h4><span style=\"color: #000000;\">\u00a0Dzi\u0119kujemy za prace porz\u0105dkowe na naszym parafialnym terenie w minionym tygodniu. Z racji, \u017ce w sobot\u0119 prze\u017cywa\u0107 b\u0119dziemy Rocznic\u0119 Pierwszej Komunii \u015awi\u0119tej do prac porz\u0105dkowych w tym tygodniu zapraszamy w pi\u0105tek na godz. 8.00. Zapraszamy r\u00f3wnie\u017c rodzic\u00f3w dzieci rocznicowych do wsp\u00f3lnego uporz\u0105dkowania terenu przed uroczysto\u015bci\u0105. <\/span><\/h4>\n<\/li>\n<\/ul>\n","protected":false},"excerpt":{"rendered":"<p>\u00a0Jeszcze dzisiaj o godzinie 20.00 kolejne spotkanie modlitewno &#8211; formacyjne dla narzeczonych w ramach kursu przedma\u0142\u017ce\u0144skiego. \u00a0W sierpniu planujemy zorganizowa\u0107 (7-dniowy) wyjazd na Mazury dla dzieci. W programie zwiedzanie Bia\u0142egostoku, Studzienicznej, klasztoru w Wigrach, Wilna, Druskiennik. Ch\u0119tnych zapraszamy na spotkanie organizacyjne w poniedzia\u0142ek na godzin\u0119 17.00 do ko\u015bcio\u0142a. \u00a0W pi\u0105tek o godzinie 19.00 zostanie odprawiona [&hellip;]<\/p>\n","protected":false},"author":1,"featured_media":463,"comment_status":"closed","ping_status":"closed","sticky":false,"template":"","format":"standard","meta":{"footnotes":""},"categories":[14],"tags":[],"class_list":["post-12249","post","type-post","status-publish","format-standard","has-post-thumbnail","hentry","category-ogloszenia-parafialne"],"_links":{"self":[{"href":"https:\/\/mbfatimska.ovh\/index.php\/wp-json\/wp\/v2\/posts\/12249","targetHints":{"allow":["GET"]}}],"collection":[{"href":"https:\/\/mbfatimska.ovh\/index.php\/wp-json\/wp\/v2\/posts"}],"about":[{"href":"https:\/\/mbfatimska.ovh\/index.php\/wp-json\/wp\/v2\/types\/post"}],"author":[{"embeddable":true,"href":"https:\/\/mbfatimska.ovh\/index.php\/wp-json\/wp\/v2\/users\/1"}],"replies":[{"embeddable":true,"href":"https:\/\/mbfatimska.ovh\/index.php\/wp-json\/wp\/v2\/comments?post=12249"}],"version-history":[{"count":0,"href":"https:\/\/mbfatimska.ovh\/index.php\/wp-json\/wp\/v2\/posts\/12249\/revisions"}],"wp:featuredmedia":[{"embeddable":true,"href":"https:\/\/mbfatimska.ovh\/index.php\/wp-json\/wp\/v2\/media\/463"}],"wp:attachment":[{"href":"https:\/\/mbfatimska.ovh\/index.php\/wp-json\/wp\/v2\/media?parent=12249"}],"wp:term":[{"taxonomy":"category","embeddable":true,"href":"https:\/\/mbfatimska.ovh\/index.php\/wp-json\/wp\/v2\/categories?post=12249"},{"taxonomy":"post_tag","embeddable":true,"href":"https:\/\/mbfatimska.ovh\/index.php\/wp-json\/wp\/v2\/tags?post=12249"}],"curies":[{"name":"wp","href":"https:\/\/api.w.org\/{rel}","templated":true}]}}