{"id":12713,"date":"2020-07-05T05:28:20","date_gmt":"2020-07-05T05:28:20","guid":{"rendered":"http:\/\/www.mbfatimska.pl\/?p=12713"},"modified":"2020-07-05T05:28:20","modified_gmt":"2020-07-05T05:28:20","slug":"xiv-niedziela-zwykla-05-07-2020","status":"publish","type":"post","link":"https:\/\/mbfatimska.ovh\/index.php\/2020\/07\/05\/xiv-niedziela-zwykla-05-07-2020\/","title":{"rendered":"XIV Niedziela Zwyk\u0142a &#8211; 05.07.2020"},"content":{"rendered":"<ul>\n<li>\n<h4><span style=\"color: #000000;\">\u00a0Dzisiaj z racji Pierwszej Niedzieli Miesi\u0105ca po Mszy \u015awi\u0119tej o godz. 12.30 wystawienie Naj\u015bwi\u0119tszego Sakramentu i mo\u017cliwo\u015b\u0107 adoracji do 18.45.<\/span><\/h4>\n<\/li>\n<li>\n<h4><span style=\"color: #000000;\">\u00a0Rozpocz\u0119li\u015bmy wakacje. W czasie wakacji kancelaria parafialna jest czynna w poniedzia\u0142ki, wtorki i \u015brody od 19.30 do 20.15 i w soboty od godz. 9.00 do 10.00 (z wyj\u0105tkiem \u015bwi\u0105t ko\u015bcielnych, pa\u0144stwowych oraz parafialnych, takich jak nabo\u017ce\u0144stwo fatimskie 13 lipca i sierpnia). Spowied\u017a w dni powszednie 15 minut przed rozpocz\u0119ciem Mszy \u015awi\u0119tej, w niedziele do po\u0142udnia podczas Mszy \u015bwi\u0119tych, natomiast w niedzielne popo\u0142udnie od 18.30.<\/span><\/h4>\n<\/li>\n<li>\n<h4><span style=\"color: #000000;\">Uk\u0142ad Mszy \u015awi\u0119tych w wakacje bez zmian:<\/span><\/h4>\n<h4><span style=\"color: #000000;\">&#8211; dni powszednie: 18.00 i 19.00<\/span><\/h4>\n<h4><span style=\"color: #000000;\">&#8211; niedziele: 7.30, 9.00, 11.00, 12.30, 19.00.<\/span><\/h4>\n<\/li>\n<li>\n<h4><span style=\"color: #000000;\">\u00a0Przez ca\u0142e wakacje we wtorki po Mszy \u015awi\u0119tej o godz. 19.00 mo\u017cliwo\u015b\u0107 adoracji Naj\u015bwi\u0119tszego Sakramentu do godz. 21.00. Adoracja ko\u0144czy\u0107 si\u0119 b\u0119dzie b\u0142ogos\u0142awie\u0144stwem eucharystycznym i Apelem Jasnog\u00f3rskim. <\/span><\/h4>\n<\/li>\n<li>\n<h4><span style=\"color: #000000;\">\u00a0We wtorek organizujemy wyjazd dla dzieci do ZOO, a w czwartek do Rodzinnego Parku Rozrywki w Julinku k. Leszna. Zach\u0119camy do wzi\u0119cia udzia\u0142u w wyje\u017adzie dzieci powy\u017cej 7 lat. <\/span><\/h4>\n<\/li>\n<li>\n<h4><span style=\"color: #000000;\">\u00a0Zapraszamy do skorzystania przez dzieci z \u015bwietlicy parafialnej, kt\u00f3ra jest czynna od poniedzia\u0142ku do pi\u0105tku w godz. 9.00 &#8211; 14.00 (pomieszczenia pod plebani\u0105).<\/span><\/h4>\n<\/li>\n<li>\n<h4><span style=\"color: #000000;\">\u00a0W minionym tygodniu na wniosek Parafii od Urz\u0119du Miasta Legionowo w celu ochrony zdrowia i \u017cycia wiernych, uczestnik\u00f3w Warsztatu Terapii Zaj\u0119ciowej czy Klubu Seniora otrzymali\u015bmy defibrylator, kt\u00f3ry zosta\u0142 zawieszony w korytarzu obok kancelarii. Dzi\u0119kujemy Wydzia\u0142owi Zdrowia Publicznego i Spraw Spo\u0142ecznych Gminy Miejskiej Legionowo za sfinansowanie tego jak\u017ce potrzebnego urz\u0105dzenia. <\/span><\/h4>\n<\/li>\n<li>\n<h4><span style=\"color: #000000;\">\u00a0Dzi\u0119kujemy za wtorkowe, pi\u0105tkowe i sobotnie prace porz\u0105dkowe na naszym terenie ko\u015bcielnym po ostatnich nawa\u0142nicach. <\/span><\/h4>\n<\/li>\n<li>\n<h4><span style=\"color: #000000;\">\u00a0W czwartki w godz. 13.00 &#8211; 14.00 w pomieszczeniach przy gara\u017cach b\u0119dzie wydawana \u017cywno\u015b\u0107, kt\u00f3ra b\u0119dzie pochodzi\u0142a ze sklep\u00f3w &#8222;Biedronka&#8221; i ko\u0144czy jej si\u0119 okres przydatno\u015bci do spo\u017cycia. Akcj\u0119 prowadzi Legionowskie Stowarzyszenie AMICUS i nasza Parafia. Zywno\u015b\u0107 mog\u0105 pobra\u0107 osoby, kt\u00f3rych renta, emerytura, \u015bwiadczenie nie przekraczaj\u0105 1200 z\u0142otych netto. Nale\u017cy mie\u0107 z sob\u0105 dow\u00f3d osobisty i dokument stwierdzaj\u0105cy wysoko\u015b\u0107 dochodu. <\/span><\/h4>\n<\/li>\n<\/ul>\n","protected":false},"excerpt":{"rendered":"<p>\u00a0Dzisiaj z racji Pierwszej Niedzieli Miesi\u0105ca po Mszy \u015awi\u0119tej o godz. 12.30 wystawienie Naj\u015bwi\u0119tszego Sakramentu i mo\u017cliwo\u015b\u0107 adoracji do 18.45. \u00a0Rozpocz\u0119li\u015bmy wakacje. W czasie wakacji kancelaria parafialna jest czynna w poniedzia\u0142ki, wtorki i \u015brody od 19.30 do 20.15 i w soboty od godz. 9.00 do 10.00 (z wyj\u0105tkiem \u015bwi\u0105t ko\u015bcielnych, pa\u0144stwowych oraz parafialnych, takich jak [&hellip;]<\/p>\n","protected":false},"author":1,"featured_media":463,"comment_status":"closed","ping_status":"closed","sticky":false,"template":"","format":"standard","meta":{"footnotes":""},"categories":[14],"tags":[],"class_list":["post-12713","post","type-post","status-publish","format-standard","has-post-thumbnail","hentry","category-ogloszenia-parafialne"],"_links":{"self":[{"href":"https:\/\/mbfatimska.ovh\/index.php\/wp-json\/wp\/v2\/posts\/12713","targetHints":{"allow":["GET"]}}],"collection":[{"href":"https:\/\/mbfatimska.ovh\/index.php\/wp-json\/wp\/v2\/posts"}],"about":[{"href":"https:\/\/mbfatimska.ovh\/index.php\/wp-json\/wp\/v2\/types\/post"}],"author":[{"embeddable":true,"href":"https:\/\/mbfatimska.ovh\/index.php\/wp-json\/wp\/v2\/users\/1"}],"replies":[{"embeddable":true,"href":"https:\/\/mbfatimska.ovh\/index.php\/wp-json\/wp\/v2\/comments?post=12713"}],"version-history":[{"count":0,"href":"https:\/\/mbfatimska.ovh\/index.php\/wp-json\/wp\/v2\/posts\/12713\/revisions"}],"wp:featuredmedia":[{"embeddable":true,"href":"https:\/\/mbfatimska.ovh\/index.php\/wp-json\/wp\/v2\/media\/463"}],"wp:attachment":[{"href":"https:\/\/mbfatimska.ovh\/index.php\/wp-json\/wp\/v2\/media?parent=12713"}],"wp:term":[{"taxonomy":"category","embeddable":true,"href":"https:\/\/mbfatimska.ovh\/index.php\/wp-json\/wp\/v2\/categories?post=12713"},{"taxonomy":"post_tag","embeddable":true,"href":"https:\/\/mbfatimska.ovh\/index.php\/wp-json\/wp\/v2\/tags?post=12713"}],"curies":[{"name":"wp","href":"https:\/\/api.w.org\/{rel}","templated":true}]}}