{"id":12728,"date":"2020-08-01T22:23:26","date_gmt":"2020-08-01T22:23:26","guid":{"rendered":"http:\/\/www.mbfatimska.pl\/?p=12728"},"modified":"2020-08-01T22:23:26","modified_gmt":"2020-08-01T22:23:26","slug":"duchowa-pielgrzymka-w-naszym-kosciele-harmonogram","status":"publish","type":"post","link":"https:\/\/mbfatimska.ovh\/index.php\/2020\/08\/01\/duchowa-pielgrzymka-w-naszym-kosciele-harmonogram\/","title":{"rendered":"DUCHOWA PIELGRZYMKA w naszym ko\u015bciele [harmonogram]"},"content":{"rendered":"<h1 style=\"text-align: center;\"><strong><span style=\"color: #ff0000;\">D U C H O W A\u00a0\u00a0 \u00a0 P I E L G R Z Y M K A<\/span> <\/strong><\/h1>\n<h3 style=\"text-align: center;\"><span style=\"color: #000080;\"><strong>rozk\u0142ad nabo\u017ce\u0144stw w naszym ko\u015bciele<\/strong><\/span><\/h3>\n<p style=\"text-align: center;\"><span style=\"color: #000000;\"><em>ka\u017cdego dnia r\u00f3\u017caniec, koronka do Bo\u017cego Mi\u0142osierdzia, <\/em><\/span><br \/>\n<span style=\"color: #000000;\"><em>rozwa\u017canie \u015bw. Jana Paw\u0142a II i S\u0142ugi Bo\u017cego kard. Stefana Wyszy\u0144skiego<\/em><\/span><\/p>\n<p>&nbsp;<\/p>\n<h3 style=\"text-align: center;\"><span style=\"color: #000000;\">05.08.2020 \u00a0<em>(\u015broda):<\/em> \u00a0<span style=\"color: #800000;\"><strong>16.30 \u2013 18.00<\/strong><\/span><\/span><\/h3>\n<h3 style=\"text-align: center;\"><span style=\"color: #000000;\">06.08.2020 \u00a0<em>(czwartek):<\/em> <span style=\"color: #800000;\">\u00a0<strong>19.30 \u2013 22.00<\/strong><\/span><\/span><\/h3>\n<h3 style=\"text-align: center;\"><span style=\"color: #000000;\">07.08.2020 \u00a0<em>(pi\u0105tek): \u00a0<\/em><span style=\"color: #800000;\"><strong>16.30 \u2013 18.00<br \/>\n<\/strong><\/span><\/span><\/h3>\n<h3 style=\"text-align: center;\"><span style=\"color: #000000;\">08.08.2020 \u00a0<em>(sobota): <\/em>\u00a0<span style=\"color: #800000;\"><strong>19.30 \u2013 22.00<\/strong><\/span><\/span><\/h3>\n<h3 style=\"text-align: center;\"><span style=\"color: #000000;\">09.08.2020 \u00a0<em>(niedziela):<\/em> \u00a0<span style=\"color: #800000;\"><strong>17.00 \u2013 19.00<\/strong><\/span><\/span><\/h3>\n<h3 style=\"text-align: center;\"><span style=\"color: #000000;\">10.08.2020 \u00a0<em>(poniedzia\u0142ek):<\/em> \u00a0<span style=\"color: #800000;\"><strong>16.30 \u2013 18.00<\/strong><\/span><\/span><\/h3>\n<h3 style=\"text-align: center;\"><span style=\"color: #000000;\">11.08.2020 \u00a0<em>(wtorek): \u00a0<\/em><span style=\"color: #800000;\"><strong>16.30 \u2013 18.00<\/strong><\/span><\/span><\/h3>\n<h3 style=\"text-align: center;\"><span style=\"color: #000000;\">12.08.2020 \u00a0<em>(\u015broda): \u00a0<\/em><span style=\"color: #800000;\"><strong>19.30 &#8211; 21.00<br \/>\n<\/strong><\/span><\/span><\/h3>\n<h3 style=\"text-align: center;\"><span style=\"color: #000000;\">13.08.2020 \u00a0<em>(czwartek):<\/em> \u00a0<span style=\"color: #800000;\"><strong>nab. fatimskie<\/strong> <strong>19.00 \u2013 21.00<\/strong><\/span><\/span><\/h3>\n<h3 style=\"text-align: center;\"><span style=\"color: #000000;\">14.08.2020 \u00a0<em>(pi\u0105tek): \u00a0<\/em><span style=\"color: #800000;\"><strong>16.30 \u2013 18.00<\/strong><\/span><\/span><\/h3>\n<h3 style=\"text-align: center;\"><span style=\"color: #000000;\">15.08.2020 \u00a0<em>(sobota):<\/em> \u00a0<span style=\"color: #800000;\"><strong>18.00 \u2013 19.00<\/strong><\/span><\/span><\/h3>\n<h2 style=\"text-align: center;\"><strong><span style=\"color: #ff0000;\">Pi\u0105tek, 7 sierpnia to jednocze\u015bnie Pierwszy Pi\u0105tek Miesi\u0105ca.<br \/>\nKap\u0142ani b\u0119d\u0105 s\u0142u\u017cyli w konfesjona\u0142ach od 17.30 do 19.30.<br \/>\nMsze \u015awi\u0119te o 18.00 i 19.00.<\/span> <\/strong><\/h2>\n","protected":false},"excerpt":{"rendered":"<p>D U C H O W A\u00a0\u00a0 \u00a0 P I E L G R Z Y M K A rozk\u0142ad nabo\u017ce\u0144stw w naszym ko\u015bciele ka\u017cdego dnia r\u00f3\u017caniec, koronka do Bo\u017cego Mi\u0142osierdzia, rozwa\u017canie \u015bw. Jana Paw\u0142a II i S\u0142ugi Bo\u017cego kard. Stefana Wyszy\u0144skiego &nbsp; 05.08.2020 \u00a0(\u015broda): \u00a016.30 \u2013 18.00 06.08.2020 \u00a0(czwartek): \u00a019.30 \u2013 22.00 07.08.2020 \u00a0(pi\u0105tek): [&hellip;]<\/p>\n","protected":false},"author":1,"featured_media":6930,"comment_status":"closed","ping_status":"closed","sticky":false,"template":"","format":"standard","meta":{"footnotes":""},"categories":[2],"tags":[],"class_list":["post-12728","post","type-post","status-publish","format-standard","has-post-thumbnail","hentry","category-aktualnosci"],"_links":{"self":[{"href":"https:\/\/mbfatimska.ovh\/index.php\/wp-json\/wp\/v2\/posts\/12728","targetHints":{"allow":["GET"]}}],"collection":[{"href":"https:\/\/mbfatimska.ovh\/index.php\/wp-json\/wp\/v2\/posts"}],"about":[{"href":"https:\/\/mbfatimska.ovh\/index.php\/wp-json\/wp\/v2\/types\/post"}],"author":[{"embeddable":true,"href":"https:\/\/mbfatimska.ovh\/index.php\/wp-json\/wp\/v2\/users\/1"}],"replies":[{"embeddable":true,"href":"https:\/\/mbfatimska.ovh\/index.php\/wp-json\/wp\/v2\/comments?post=12728"}],"version-history":[{"count":0,"href":"https:\/\/mbfatimska.ovh\/index.php\/wp-json\/wp\/v2\/posts\/12728\/revisions"}],"wp:featuredmedia":[{"embeddable":true,"href":"https:\/\/mbfatimska.ovh\/index.php\/wp-json\/wp\/v2\/media\/6930"}],"wp:attachment":[{"href":"https:\/\/mbfatimska.ovh\/index.php\/wp-json\/wp\/v2\/media?parent=12728"}],"wp:term":[{"taxonomy":"category","embeddable":true,"href":"https:\/\/mbfatimska.ovh\/index.php\/wp-json\/wp\/v2\/categories?post=12728"},{"taxonomy":"post_tag","embeddable":true,"href":"https:\/\/mbfatimska.ovh\/index.php\/wp-json\/wp\/v2\/tags?post=12728"}],"curies":[{"name":"wp","href":"https:\/\/api.w.org\/{rel}","templated":true}]}}