{"id":12731,"date":"2020-08-01T23:09:05","date_gmt":"2020-08-01T23:09:05","guid":{"rendered":"http:\/\/www.mbfatimska.pl\/?p=12731"},"modified":"2020-08-01T23:09:05","modified_gmt":"2020-08-01T23:09:05","slug":"xviii-niedziela-zwykla-02-08-2020r","status":"publish","type":"post","link":"https:\/\/mbfatimska.ovh\/index.php\/2020\/08\/01\/xviii-niedziela-zwykla-02-08-2020r\/","title":{"rendered":"XVIII Niedziela Zwyk\u0142a &#8211; 02.08.2020r."},"content":{"rendered":"<ul>\n<li>\n<h4><span style=\"color: #000000;\">\u00a0Dzisiaj z racji I-szej Niedzieli Miesi\u0105ca po Mszy \u015awi\u0119tej o godz. 12.30 procesja Eucharystyczna i adoracja Naj\u015bwi\u0119tszego Sakramentu do godz. 18.30.<\/span><\/h4>\n<\/li>\n<li>\n<h4><span style=\"color: #000000;\">\u00a0Dzisiaj grupa 45 dzieci udaje si\u0119 na tygodniowy wyjazd wakacyjny do Sumowa k. Sejn. \u017byczymy im du\u017co pozytywnych wra\u017ce\u0144, nowych znajomo\u015bci, odpoczynku i szcz\u0119\u015bliwej drogi. Niech \u015bwi\u0119ty Krzysztof bezpiecznie ich prowadzi, a Matka Bo\u017ca Fatimska niech ma ich w swojej opiece. <\/span><\/h4>\n<\/li>\n<li>\n<h4><span style=\"color: #000000;\">\u00a0We wtorek od 19.30 do 21.00 mo\u017cliwo\u015b\u0107 adoracji Pana Jezusa w Naj\u015bwi\u0119tszym Sakramencie. Nasz\u0105 adoracj\u0119 zaczniemy Koronk\u0105 do Bo\u017cego Mi\u0142osierdzia, a zako\u0144czymy Apelem Jasnog\u00f3rskim. <\/span><\/h4>\n<\/li>\n<li>\n<h4><span style=\"color: #000000;\">\u00a0W tym tygodniu przypada:<br \/>\n<\/span><span style=\"color: #000000;\">&#8211; I &#8211; szy czwartek miesi\u0105ca &#8211; adoracja od 19.30 do 22.00;<br \/>\n<\/span><span style=\"color: #000000;\">&#8211; I &#8211; szy pi\u0105tek miesi\u0105ca &#8211; spowied\u017a od 17.30 do 19.30;<\/span><\/h4>\n<\/li>\n<li>\n<h4><span style=\"color: #000000;\">\u00a0Najbli\u017cszy czwartek to r\u00f3wnie\u017c \u015bwi\u0119to Przemienia Pa\u0144skiego. Zapraszamy na Msze \u015awi\u0119te o 18.00 i 19.00.<\/span><\/h4>\n<\/li>\n<li>\n<h4><span style=\"color: #000000;\">\u00a0W najbli\u017cszy pi\u0105tek o godz. 20.00 w ko\u015bciele konferencja dla rodzic\u00f3w przed chrztem dziecka i dla kandydat\u00f3w na rodzic\u00f3w chrzestnych z naszej Parafii.<\/span><\/h4>\n<\/li>\n<li>\n<h4><span style=\"color: #000000;\">\u00a0Od 5 do 15 sierpnia w czasie gdy na Jasn\u0105 G\u00f3r\u0119 wyruszaj\u0105 piesze pielgrzymki, a dzisiaj z racji pandemii jest to utrudnione zapraszamy do duchowego pielgrzymowania. W tych dniach w naszym ko\u015bciele b\u0119dziemy gromadzi\u0107 si\u0119 na wsp\u00f3lnej modlitwie:<\/span><\/h4>\n<h4><span style=\"color: #000000;\">05.08.2020 \u00a0<em>(\u015broda):<\/em> \u00a0<strong>16.30 \u2013 18.00<\/strong><\/span><\/h4>\n<h4><span style=\"color: #000000;\">06.08.2020 \u00a0<em>(czwartek):<\/em> \u00a0<strong>19.30 \u2013 22.00<\/strong><\/span><\/h4>\n<h4><span style=\"color: #000000;\">07.08.2020 \u00a0<em>(pi\u0105tek): \u00a0<\/em><strong>16.30 \u2013 18.00 <\/strong>(spowied\u017a od 17.30 do 19.30)<strong><br \/>\n<\/strong><\/span><\/h4>\n<h4><span style=\"color: #000000;\">08.08.2020 \u00a0<em>(sobota): <\/em>\u00a0<strong>19.30 \u2013 22.00<\/strong><\/span><\/h4>\n<h4><span style=\"color: #000000;\">09.08.2020 \u00a0<em>(niedziela):<\/em> \u00a0<strong>17.00 \u2013 19.00<\/strong><\/span><\/h4>\n<h4><span style=\"color: #000000;\">10.08.2020 \u00a0<em>(poniedzia\u0142ek):<\/em> \u00a0<strong>16.30 \u2013 18.00<\/strong><\/span><\/h4>\n<h4><span style=\"color: #000000;\">11.08.2020 \u00a0<em>(wtorek): \u00a0<\/em><strong>16.30 \u2013 18.00<\/strong><\/span><\/h4>\n<h4><span style=\"color: #000000;\">12.08.2020 \u00a0<em>(\u015broda):\u00a0 <\/em><strong>19.30-21.00<\/strong><\/span><\/h4>\n<h4><span style=\"color: #000000;\">13.08.2020 \u00a0<em>(czwartek):<\/em> \u00a0<strong>nab. fatimskie<\/strong> <strong>19.00 \u2013 21.00<\/strong><\/span><\/h4>\n<h4><span style=\"color: #000000;\">14.08.2020 \u00a0<em>(pi\u0105tek): \u00a0<\/em><strong>16.30 \u2013 18.00<\/strong><\/span><\/h4>\n<h4><span style=\"color: #000000;\">15.08.2020 \u00a0<em>(sobota):<\/em> \u00a0<strong>18.00 \u2013 19.00<\/strong><\/span><\/h4>\n<h4><span style=\"color: #000000;\">W czasie naszej duchowej pielgrzymki b\u0119dziemy modli\u0107 si\u0119 Koronk\u0105 do Bo\u017cego Mi\u0142osierdzia i R\u00f3\u017ca\u0144cem. B\u0119dziemy tak\u017ce rozwa\u017ca\u0107 my\u015bli \u015bw. Jana Paw\u0142a II i Kardyna\u0142a Stefana Wyszy\u0144skiego.<\/span><\/h4>\n<h4><span style=\"color: #000000;\">Ministranci b\u0119d\u0105 dzisiaj przed ko\u015bcio\u0142em rozdawa\u0107 program Duchowej Pielgrzymki w naszym ko\u015bciele. Zapraszamy do zapoznania si\u0119. <\/span><\/h4>\n<\/li>\n<li>\n<h4><span style=\"color: #000000;\">W ostatnich dniach policja ponownie odnotowa\u0142a przypadki oszust\u00f3w wy\u0142udzaj\u0105cych pieni\u0105dze od starszych, samotnie mieszkaj\u0105cych os\u00f3b. Sprawcy kontaktuj\u0105 si\u0119 telefonicznie ze swoj\u0105 ofiar\u0105 podaj\u0105c si\u0119 za policjanta czy prokuratora i wykorzystuj\u0105c \u0142atwowierno\u015b\u0107 starszych os\u00f3b wy\u0142udzaj\u0105 od nich znaczne kwoty pieni\u0119dzy. Je\u017celi kto\u015b dzwoni do Pa\u0144stwa i podaje si\u0119 za policjanta, CB\u015aP czy prokuratora i prosi o przekazanie pieni\u0119dzy na pewno jest to oszust. Je\u017celi podejrzewamy, \u017ce kto\u015b pr\u00f3buje nas oszuka\u0107 powinni\u015bmy natychmiast zako\u0144czy\u0107 rozmow\u0119 z oszustem i zadzwoni\u0107 pod numer 112.\u00a0 Nie dajmy si\u0119 okra\u015b\u0107!<\/span><\/h4>\n<\/li>\n<li>\n<h4><span style=\"color: #000000;\">\u00a0Jak og\u0142aszali\u015bmy tydzie\u0144 temu dzisiejsz\u0105 niedziel\u0105 rozpoczynamy akcj\u0119: &#8222;We\u017a plecak, daj wyprawk\u0119&#8221;. Na pode\u015bcie scholi s\u0105 wy\u0142o\u017cone plecaki szkolne, kt\u00f3re nale\u017cy zabra\u0107 ze sob\u0105 do domu i wype\u0142ni\u0107 przyborami szkolnymi: kredki, d\u0142ugopisy, mazaki, pi\u00f3rniki, zeszyty i inne artyku\u0142y papiernicze. Tak zrobione wyprawki szkolne nale\u017cy przynie\u015b\u0107 do ko\u015bcio\u0142a najp\u00f3\u017aniej do dnia 12 sierpnia. Po 15 sierpnia wyprawki zostan\u0105 zawiezione do biedniejszych polskich dzieci z teren\u00f3w dzisiejszej Litwy &#8211; dok\u0142adnie do Turmont, Ja\u0142\u00f3wki, Kowalczuk. Zach\u0119camy do w\u0142\u0105czenia si\u0119 w akcj\u0119 dzielenia si\u0119 mi\u0142o\u015bci\u0105 z drugim, biedniejszym cz\u0142owiekiem. <\/span><\/h4>\n<\/li>\n<li>\n<h4><span style=\"color: #000000;\">\u00a0Przypominamy, \u017ce sierpie\u0144 jest miesi\u0105cem trze\u017awo\u015bci. Niech w naszych domach, rodzinach b\u0119dzie mniej alkoholu, a mo\u017ce w og\u00f3le. <\/span><\/h4>\n<\/li>\n<li>\n<h4><span style=\"color: #000000;\">\u00a0W ubieg\u0142ym tygodniu na naszym boisku zosta\u0142a wymieniona nawierzchnia. Zmienione zosta\u0142y te\u017c siatki chwytaj\u0105ce pi\u0142k\u0119. By\u0142o to mo\u017cliwe przy wydatnym wsparciu Urz\u0119du Miasta Legionowo, za co wraz z osobami korzystaj\u0105cymi z boiska jeste\u015bmy wdzi\u0119czni. <\/span><\/h4>\n<\/li>\n<li>\n<h4><span style=\"color: #000000;\">\u00a0Informacja dla os\u00f3b poszukuj\u0105cych pracy &#8211; poszukiwana krawcowa do zak\u0142adu poprawek krawieckich w Legionowie. Czas pracy do uzgodnienia. Dobre warunki pracy. Bli\u017csze informacje w zakrystii. <\/span><\/h4>\n<\/li>\n<li>\n<h4><span style=\"color: #000000;\">\u00a0Na 100 rocznic\u0119 Bitwy Warszawskiej z Legionowa do Ossowa wyruszy rajd rowerowy. Wyjazd 15 sierpnia o godz. 7.00 z ko\u015bcio\u0142a garnizonowego. <\/span><\/h4>\n<\/li>\n<li>\n<h4><span style=\"color: #000000;\">\u00a0R\u00f3\u017ca\u0144cowe Legiony Maryi &#8211; pielgrzymka m\u0119\u017cczyzn na trasie z Legionowa na miejsce objawienia Maryi oraz &#8222;Cudu nad Wis\u0142\u0105&#8221; w Radzyminie, gdzie zostanie ods\u0142oni\u0119ta i po\u015bwi\u0119cona figura Matki Bo\u017cej \u0141askawej. Zapraszamy na t\u0119 &#8222;wojenn\u0105&#8221; wypraw\u0119 ojc\u00f3w z ich dzie\u0107mi &#8211; szczeg\u00f3lnie z synami! Inicjatywa ma na celu upami\u0119tnienie setnej rocznicy &#8222;Cudu nad Wis\u0142\u0105&#8221;, czyli zwyci\u0119stwa Polak\u00f3w nad bolszewikami w 1920 roku. Legionowo by\u0142o &#8222;domem&#8221; Legion\u00f3w ruszaj\u0105cych st\u0105d do Radzymina, by walczy\u0107 o wolno\u015b\u0107 Ojczyzny. W zwi\u0105zku z ograniczeniami epidemicznymi przemarsz odb\u0119dzie si\u0119 w ma\u0142ych, kilkuosobowych, autonomicznych grupach (15 sierpnia). D\u0142ugo\u015b\u0107\u00a0 trasy od Parafii Naj\u015bwi\u0119tszego Cia\u0142a i Krwi Chrystusa w Legionowie do Cmentarza \u017bo\u0142nierzy Polskich poleg\u0142ych w 1920 roku w Radzyminie to 25 km. Odleg\u0142o\u015b\u0107 t\u0119 mo\u017cna pokona\u0107 tak\u017ce w grupach rowerowych. Trasa wiedzie drogami, chodnikami, a tak\u017ce \u015bcie\u017ckami rowerowymi oraz drogami polnymi, aby zapewni\u0107 maksymalne bezpiecze\u0144stwo uczestnikom. Bli\u017csze informacje w gablocie. <\/span><\/h4>\n<\/li>\n<\/ul>\n","protected":false},"excerpt":{"rendered":"<p>\u00a0Dzisiaj z racji I-szej Niedzieli Miesi\u0105ca po Mszy \u015awi\u0119tej o godz. 12.30 procesja Eucharystyczna i adoracja Naj\u015bwi\u0119tszego Sakramentu do godz. 18.30. \u00a0Dzisiaj grupa 45 dzieci udaje si\u0119 na tygodniowy wyjazd wakacyjny do Sumowa k. Sejn. \u017byczymy im du\u017co pozytywnych wra\u017ce\u0144, nowych znajomo\u015bci, odpoczynku i szcz\u0119\u015bliwej drogi. Niech \u015bwi\u0119ty Krzysztof bezpiecznie ich prowadzi, a Matka Bo\u017ca [&hellip;]<\/p>\n","protected":false},"author":1,"featured_media":463,"comment_status":"closed","ping_status":"closed","sticky":false,"template":"","format":"standard","meta":{"footnotes":""},"categories":[14],"tags":[],"class_list":["post-12731","post","type-post","status-publish","format-standard","has-post-thumbnail","hentry","category-ogloszenia-parafialne"],"_links":{"self":[{"href":"https:\/\/mbfatimska.ovh\/index.php\/wp-json\/wp\/v2\/posts\/12731","targetHints":{"allow":["GET"]}}],"collection":[{"href":"https:\/\/mbfatimska.ovh\/index.php\/wp-json\/wp\/v2\/posts"}],"about":[{"href":"https:\/\/mbfatimska.ovh\/index.php\/wp-json\/wp\/v2\/types\/post"}],"author":[{"embeddable":true,"href":"https:\/\/mbfatimska.ovh\/index.php\/wp-json\/wp\/v2\/users\/1"}],"replies":[{"embeddable":true,"href":"https:\/\/mbfatimska.ovh\/index.php\/wp-json\/wp\/v2\/comments?post=12731"}],"version-history":[{"count":0,"href":"https:\/\/mbfatimska.ovh\/index.php\/wp-json\/wp\/v2\/posts\/12731\/revisions"}],"wp:featuredmedia":[{"embeddable":true,"href":"https:\/\/mbfatimska.ovh\/index.php\/wp-json\/wp\/v2\/media\/463"}],"wp:attachment":[{"href":"https:\/\/mbfatimska.ovh\/index.php\/wp-json\/wp\/v2\/media?parent=12731"}],"wp:term":[{"taxonomy":"category","embeddable":true,"href":"https:\/\/mbfatimska.ovh\/index.php\/wp-json\/wp\/v2\/categories?post=12731"},{"taxonomy":"post_tag","embeddable":true,"href":"https:\/\/mbfatimska.ovh\/index.php\/wp-json\/wp\/v2\/tags?post=12731"}],"curies":[{"name":"wp","href":"https:\/\/api.w.org\/{rel}","templated":true}]}}