{"id":12888,"date":"2020-09-13T07:53:54","date_gmt":"2020-09-13T07:53:54","guid":{"rendered":"http:\/\/www.mbfatimska.pl\/?p=12888"},"modified":"2020-09-13T07:53:54","modified_gmt":"2020-09-13T07:53:54","slug":"24-niedziela-zwykla-13-09-2020-r","status":"publish","type":"post","link":"https:\/\/mbfatimska.ovh\/index.php\/2020\/09\/13\/24-niedziela-zwykla-13-09-2020-r\/","title":{"rendered":"24 Niedziela Zwyk\u0142a &#8211; 13.09.2020 r."},"content":{"rendered":"<ol>\n<li>Obecnie w Ko\u015bciele rozpoczynamy kolejny tydzie\u0144 wychowania. B\u0119dziemy modli\u0107 si\u0119 w intencji dzieci i m\u0142odzie\u017cy oraz wychowawc\u00f3w.<\/li>\n<li>Przez ca\u0142y wrzesie\u0144 trwaj\u0105 zapisy na nowy cykl katechez przed I Komuni\u0105 \u015awi\u0119t\u0105 oraz Bierzmowaniem. Szczeg\u00f3\u0142y w zakrystii.<\/li>\n<li>Zapraszamy do kawiarenki parafialnej na kaw\u0119, herbat\u0119, gofry, popcorn, ciasto, czekolad\u0119 czy chleb ze smalcem<\/li>\n<li>Dzisiaj o godz. 17.15 w ko\u015bciele zebranie dla rodzic\u00f3w Liturgicznej S\u0142u\u017cby O\u0142tarza (bielanek, scholi, lektor\u00f3w i ministrant\u00f3w) w zwi\u0105zku z nowym rokiem formacyjnym.<\/li>\n<li>R\u00f3wnie\u017c dzisiaj o godz. 19.00 zostanie odprawiona Msza \u015aw. Fatimska, a po niej procesja i R\u00f3\u017caniec Fatimski. Serdecznie zapraszamy.<\/li>\n<li>W dniu dzisiejszym na ka\u017cdej Mszy \u015aw. odbywa sie obrz\u0119d po\u015bwi\u0119cenia Krzy\u017cy, kt\u00f3re b\u0119dziemy mogli naby\u0107 przed ko\u015bcio\u0142em i zawiesi\u0107 w naszych domach, mieszkaniach i zak\u0142adach pracy.<\/li>\n<li>W poniedzia\u0142ek obchodzi\u0107 b\u0119dziemy \u015awi\u0119to Podwy\u017cszenia Krzy\u017ca \u015awi\u0119tego.<br \/>\nO godz. 7:30 zapraszamy na Eucharysti\u0119 w intencji firm dzia\u0142aj\u0105cych na naszym, legionowskim rynku. Po Mszy \u015aw. wieczornej (ok. 19:30) odb\u0119dzie si\u0119 nabo\u017ce\u0144stwo adoracji krzy\u017ca do godz. 21.00.<\/li>\n<li>Na wtorek na godz. 17 do ko\u015bcio\u0142a zapraszamy rodzic\u00f3w dzieci kl. IV SP przed rocznic\u0105 Komunii \u015aw. B\u0119dzie mo\u017cliwo\u015b\u0107 odebrania pami\u0105tkowego zdj\u0119cia z Uroczysto\u015bci I Komunii, je\u015bli kto\u015b jeszcze nie odebra\u0142.<\/li>\n<li>Na pi\u0105tek na godz. 17 zapraszamy osoby, kt\u00f3re w tym roku rozpoczynaj\u0105 swoje przygotowanie do Sakramentu Bierzmowania. W spotkaniu bor\u0105 udzia\u0142 zar\u00f3wno te osoby, kt\u00f3re ju\u017c by\u0142y na pierwszym spotkaniu, jak i nowe.<\/li>\n<li>W przysz\u0142\u0105 niedziel\u0119 ofiary sk\u0142adane na tac\u0119 przeznaczone s\u0105 na nasze diecezjalne seminarium.<\/li>\n<li>Za tydzie\u0144 w niedziel\u0119 o godz. 17.00 odb\u0119dzie si\u0119 spotkanie dla m\u0142odzie\u017cy, kt\u00f3ra w ubieg\u0142ym roku rozpocz\u0119\u0142a swoje przygotowanie do Sakramentu Bierzmowania.<\/li>\n<li>Wsp\u00f3lnota Odnowy w Duchu \u015awi\u0119tym &#8222;Serce Jezusa&#8221; ze Stanis\u0142awowa Pierwszego zaprasza na Rekolekcje Odnowy w Duchu \u015awi\u0119tym w naszej \u015bwi\u0105tyni co czwartek od 24 wrze\u015bnia w godz. 19-21. Szczeg\u00f3\u0142owe informacje przedstawi za tydzie\u0144 na ka\u017cdej Mszy \u015aw. osoba wsp\u00f3\u0142organizuj\u0105ca cykl 10 spotka\u0144.<\/li>\n<li>W dniu 3 pa\u017adziernika br. Ko\u0142a \u017bywego R\u00f3\u017ca\u0144ca zapraszaj\u0105 na pielgrzymk\u0119 autokarow\u0105 na Jasn\u0105 G\u00f3r\u0119. Wyjazd o godz. 5.00 &#8211; powr\u00f3t po 20.00. Koszt &#8211; 60 z\u0142. Zapisy w zakrystii<\/li>\n<\/ol>\n","protected":false},"excerpt":{"rendered":"<p>Obecnie w Ko\u015bciele rozpoczynamy kolejny tydzie\u0144 wychowania. B\u0119dziemy modli\u0107 si\u0119 w intencji dzieci i m\u0142odzie\u017cy oraz wychowawc\u00f3w. Przez ca\u0142y wrzesie\u0144 trwaj\u0105 zapisy na nowy cykl katechez przed I Komuni\u0105 \u015awi\u0119t\u0105 oraz Bierzmowaniem. Szczeg\u00f3\u0142y w zakrystii. Zapraszamy do kawiarenki parafialnej na kaw\u0119, herbat\u0119, gofry, popcorn, ciasto, czekolad\u0119 czy chleb ze smalcem Dzisiaj o godz. 17.15 w [&hellip;]<\/p>\n","protected":false},"author":1,"featured_media":30657,"comment_status":"closed","ping_status":"closed","sticky":false,"template":"","format":"standard","meta":{"footnotes":""},"categories":[14],"tags":[],"class_list":["post-12888","post","type-post","status-publish","format-standard","has-post-thumbnail","hentry","category-ogloszenia-parafialne"],"_links":{"self":[{"href":"https:\/\/mbfatimska.ovh\/index.php\/wp-json\/wp\/v2\/posts\/12888","targetHints":{"allow":["GET"]}}],"collection":[{"href":"https:\/\/mbfatimska.ovh\/index.php\/wp-json\/wp\/v2\/posts"}],"about":[{"href":"https:\/\/mbfatimska.ovh\/index.php\/wp-json\/wp\/v2\/types\/post"}],"author":[{"embeddable":true,"href":"https:\/\/mbfatimska.ovh\/index.php\/wp-json\/wp\/v2\/users\/1"}],"replies":[{"embeddable":true,"href":"https:\/\/mbfatimska.ovh\/index.php\/wp-json\/wp\/v2\/comments?post=12888"}],"version-history":[{"count":0,"href":"https:\/\/mbfatimska.ovh\/index.php\/wp-json\/wp\/v2\/posts\/12888\/revisions"}],"wp:featuredmedia":[{"embeddable":true,"href":"https:\/\/mbfatimska.ovh\/index.php\/wp-json\/wp\/v2\/media\/30657"}],"wp:attachment":[{"href":"https:\/\/mbfatimska.ovh\/index.php\/wp-json\/wp\/v2\/media?parent=12888"}],"wp:term":[{"taxonomy":"category","embeddable":true,"href":"https:\/\/mbfatimska.ovh\/index.php\/wp-json\/wp\/v2\/categories?post=12888"},{"taxonomy":"post_tag","embeddable":true,"href":"https:\/\/mbfatimska.ovh\/index.php\/wp-json\/wp\/v2\/tags?post=12888"}],"curies":[{"name":"wp","href":"https:\/\/api.w.org\/{rel}","templated":true}]}}