{"id":12891,"date":"2020-09-12T21:05:15","date_gmt":"2020-09-12T21:05:15","guid":{"rendered":"http:\/\/www.mbfatimska.pl\/?p=12891"},"modified":"2020-09-12T21:05:15","modified_gmt":"2020-09-12T21:05:15","slug":"wspolnota-mlodziezowa-ruchu-swiatlo-zycie-potocznie-zwana-oaza","status":"publish","type":"post","link":"https:\/\/mbfatimska.ovh\/index.php\/2020\/09\/12\/wspolnota-mlodziezowa-ruchu-swiatlo-zycie-potocznie-zwana-oaza\/","title":{"rendered":"Wsp\u00f3lnota m\u0142odzie\u017cowa Ruchu \u015awiat\u0142o-\u017bycie, potocznie zwana Oaz\u0105"},"content":{"rendered":"<p>Na chwil\u0119 obecn\u0105, opiekunem naszej grupy jest ksi\u0105dz Marcin Wojtczak. Spotykamy si\u0119 w ka\u017cdy pi\u0105tkowy wiecz\u00f3r na Eucharystii o godzinie 18.00. Po niej udajemy si\u0119 do salki pod ko\u015bcio\u0142em, gdzie w modlitwie powierzamy swoje \u017cycie oraz wszystkie bliskie nam sprawy Bogu, prosz\u0105c go, b\u0105d\u017a dzi\u0119kuj\u0105c za otrzymane \u0142aski i dary. Nast\u0119pnie w mniejszych grupach formacyjnych pod opiek\u0105 animator\u00f3w rozwa\u017camy S\u0142owo, kt\u00f3re B\u00f3g kieruje do nas, dzielimy si\u0119 te\u017c do\u015bwiadczeniem Jego obecno\u015bci w naszym \u017cyciu. Zwie\u0144czeniem ka\u017cdego roku formacji s\u0105 pi\u0119tnastodniowe rekolekcje wakacyjne.<br \/>\nAle Oaza to nie tylko wsp\u00f3lna modlitwa &#8211; to tak\u017ce zabawa. Licznie uczestniczymy w imprezach tanecznych czy zawodach sportowych organizowanych dla podobnych wsp\u00f3lnot na terenie diecezji. Staramy si\u0119 bra\u0107 czynny udzia\u0142 w \u017cyciu naszej parafii.<\/p>\n<p><strong>Je\u017celi jeste\u015b osob\u0105, kt\u00f3ra chce pog\u0142\u0119bia\u0107 swoj\u0105 wi\u0119\u017a z Bogiem b\u0105d\u017a te\u017c chce go odnale\u017a\u0107, a zarazem pozna\u0107 wiele ciekawych os\u00f3b \u2013 ta wsp\u00f3lnota jest dla Ciebie!<img fetchpriority=\"high\" decoding=\"async\" src=\"http:\/\/www.parafiaminsk.pl\/uploads\/images\/zdjoaza2.jpg\" alt=\"\" width=\"360\" height=\"270\" \/><\/strong><\/p>\n<p><em>Formacja w Ruchu \u015awiat\u0142o \u2013 \u017bycie sprawi\u0142a, \u017ce wiara jest cz\u0119\u015bci\u0105 mojego \u017cycia. To dzi\u0119ki oazie pozna\u0142am Boga \u017cywego, kt\u00f3ry faktycznie jest obecny w moim \u017cyciu i troszczy si\u0119 o nie, pozna\u0142am Boga, kt\u00f3ry si\u0119 nie narzuca, gdy ja m\u00f3wi\u0119 \u201enie\u201d ale jednocze\u015bnie nie zostawia mnie samej. Oaza jest miejscem, gdzie uczy\u0142am si\u0119 modlitwy i rozumienia Eucharystii. Jest te\u017c miejscem, gdzie pozna\u0142am wspania\u0142ych ludzi. Ruch uczy mnie odpowiedzialno\u015bci za siebie i za drugiego cz\u0142owieka, uczy mnie budowania relacji z drugim cz\u0142owiekiem, pomaga mi w odkrywaniu talent\u00f3w i dzielenia si\u0119 nimi z innymi. Formacja w Ruchu pobudzi\u0142a mnie do prawdziwego \u017cycia, sprawi\u0142a, \u017ce nie stoj\u0119 w miejscu tylko id\u0119 wci\u0105\u017c do przodu! Chwa\u0142a Panu! <\/em>Magda<\/p>\n<p>Oaza spotyka si\u0119 w ka\u017cdy pi\u0105tek o godz. 19.00. Zapraszamy!<\/p>\n","protected":false},"excerpt":{"rendered":"<p>Na chwil\u0119 obecn\u0105, opiekunem naszej grupy jest ksi\u0105dz Marcin Wojtczak. Spotykamy si\u0119 w ka\u017cdy pi\u0105tkowy wiecz\u00f3r na Eucharystii o godzinie 18.00. Po niej udajemy si\u0119 do salki pod ko\u015bcio\u0142em, gdzie w modlitwie powierzamy swoje \u017cycie oraz wszystkie bliskie nam sprawy Bogu, prosz\u0105c go, b\u0105d\u017a dzi\u0119kuj\u0105c za otrzymane \u0142aski i dary. Nast\u0119pnie w mniejszych grupach formacyjnych [&hellip;]<\/p>\n","protected":false},"author":1,"featured_media":30657,"comment_status":"closed","ping_status":"closed","sticky":false,"template":"","format":"standard","meta":{"footnotes":""},"categories":[12],"tags":[],"class_list":["post-12891","post","type-post","status-publish","format-standard","has-post-thumbnail","hentry","category-oaza"],"_links":{"self":[{"href":"https:\/\/mbfatimska.ovh\/index.php\/wp-json\/wp\/v2\/posts\/12891","targetHints":{"allow":["GET"]}}],"collection":[{"href":"https:\/\/mbfatimska.ovh\/index.php\/wp-json\/wp\/v2\/posts"}],"about":[{"href":"https:\/\/mbfatimska.ovh\/index.php\/wp-json\/wp\/v2\/types\/post"}],"author":[{"embeddable":true,"href":"https:\/\/mbfatimska.ovh\/index.php\/wp-json\/wp\/v2\/users\/1"}],"replies":[{"embeddable":true,"href":"https:\/\/mbfatimska.ovh\/index.php\/wp-json\/wp\/v2\/comments?post=12891"}],"version-history":[{"count":0,"href":"https:\/\/mbfatimska.ovh\/index.php\/wp-json\/wp\/v2\/posts\/12891\/revisions"}],"wp:featuredmedia":[{"embeddable":true,"href":"https:\/\/mbfatimska.ovh\/index.php\/wp-json\/wp\/v2\/media\/30657"}],"wp:attachment":[{"href":"https:\/\/mbfatimska.ovh\/index.php\/wp-json\/wp\/v2\/media?parent=12891"}],"wp:term":[{"taxonomy":"category","embeddable":true,"href":"https:\/\/mbfatimska.ovh\/index.php\/wp-json\/wp\/v2\/categories?post=12891"},{"taxonomy":"post_tag","embeddable":true,"href":"https:\/\/mbfatimska.ovh\/index.php\/wp-json\/wp\/v2\/tags?post=12891"}],"curies":[{"name":"wp","href":"https:\/\/api.w.org\/{rel}","templated":true}]}}