{"id":12893,"date":"2020-09-12T21:14:20","date_gmt":"2020-09-12T21:14:20","guid":{"rendered":"http:\/\/www.mbfatimska.pl\/?p=12893"},"modified":"2020-09-12T21:14:20","modified_gmt":"2020-09-12T21:14:20","slug":"lso","status":"publish","type":"post","link":"https:\/\/mbfatimska.ovh\/index.php\/2020\/09\/12\/lso\/","title":{"rendered":"Statut Liturgicznej S\u0142u\u017cby O\u0142tarza"},"content":{"rendered":"<h2><img fetchpriority=\"high\" decoding=\"async\" class=\"size-medium wp-image-12361 alignright\" src=\"http:\/\/www.mbfatimska.pl\/wp-content\/uploads\/2020\/06\/DSC_0057-e1599945583457-300x233.jpg\" alt=\"\" width=\"300\" height=\"233\" \/>I\u00a0 UWAGI OG\u00d3LNE<\/h2>\n<ol>\n<li>Niniejszy statut definiuje najwa\u017cniejsze zasady funkcjonowania S\u0142u\u017cby Liturgicznej. Pozosta\u0142e ustalenia s\u0105 przekazywane wewn\u0105trz wsp\u00f3lnoty. W szczeg\u00f3lnych przypadkach zarz\u0105d LSO mo\u017ce dopu\u015bci\u0107 ust\u0119pstwa od statutu.<\/li>\n<li>Pos\u0142uga ministranta to zaj\u0119cie jedno z najpi\u0119kniejszych i najcenniejszych. Kap\u0142an zast\u0119puje miejsce Jezusa Chrystusa, wi\u0119c te\u017c i ministrant nie jemu, ale Jezusowi Chrystusowi us\u0142uguje podczas mszy i nabo\u017ce\u0144stw. Ka\u017cdy ministrant jako chrze\u015bcijanin ma obowi\u0105zek s\u0142u\u017cy\u0107 w ka\u017cd\u0105 niedziel\u0119, natomiast przyj\u0119cie pos\u0142ugi ministranta wymaga od niego wi\u0119kszego umi\u0142owania Eucharystii, co wi\u0105\u017ce si\u0119 ze s\u0142u\u017cb\u0105 w tygodniu wedle przyj\u0119tych zasad we wsp\u00f3lnocie LSO.<\/li>\n<li>Ministranci i lektorzy s\u0142u\u017c\u0105cy przy o\u0142tarzu, powinni by\u0107 w stanie \u0142aski u\u015bwi\u0119caj\u0105cej, aby m\u00f3c zawsze przyj\u0105\u0107 Pana Jezusa do swego serca!<\/li>\n<li>W ko\u015bciele, kt\u00f3ry jest miejscem \u015bwi\u0119tym, w czasie mszy \u015bwi\u0119tej i poza ni\u0105 obowi\u0105zuje postawa pe\u0142na czci i szacunku.<\/li>\n<li>Miejsce ministranta jest w prezbiterium, a nie w nawie.<\/li>\n<li>By\u0107 ministrantem to nie tylko s\u0142u\u017cba przy o\u0142tarzu, ale tak\u017ce \u015bwiadectwo chrze\u015bcija\u0144skiej postawy w domu, w szkole, na dworzu i w miejscu pracy.<\/li>\n<\/ol>\n<h3>II FUNKCJONOWANIE WSP\u00d3LNOTY<\/h3>\n<ol>\n<li>Na czele wsp\u00f3lnoty stoj\u0105 Prezes i ks. Opiekun, b\u0119d\u0105cy ze sob\u0105 w sta\u0142ym kontakcie.<\/li>\n<li>Prezesa wybiera ca\u0142e grono ministrant\u00f3w na jednej z wrze\u015bniowych zbi\u00f3rek zgodnie z ustalon\u0105 procedur\u0105. Zbi\u00f3rk\u0119 t\u0105 nale\u017cy poprzedzi\u0107 Msz\u0105 \u015awi\u0119t\u0105 w intencji: \u201eO Bo\u017ce B\u0142ogos\u0142awie\u0144stwo dla Liturgicznej S\u0142u\u017cby O\u0142tarza oraz w\u0142a\u015bciwy wyb\u00f3r Prezesa LSO\u201d.<\/li>\n<li>Do wsp\u00f3\u0142pracy Prezes dobiera sobie Wiceprezesa i Sekretarza.<\/li>\n<li>Na czele podzielonej na grupy wsp\u00f3lnoty stoj\u0105 szefowie grup &#8211; Animatorzy, b\u0119d\u0105cy odpowiedzialni przed prezesem i opiekunem.<\/li>\n<li>Osoby we wsp\u00f3lnocie ministranckiej i ich pos\u0142ugi.<\/li>\n<li><strong>a) Ksi\u0105dz Opiekun<\/strong> \u2013 g\u0142oszenie S\u0142owa Bo\u017cego, sprawowanie sakrament\u00f3w oraz opieka nad ministrantami i lektorami (podobnie jak w szkole wychowawca klasy); koordynowanie funkcjonowania wsp\u00f3lnoty; podliczanie punktacji; prowadzenie strony internetowej (we wsp\u00f3\u0142pracy z Ministrem Strony Internetowej).<\/li>\n<\/ol>\n<p>Kadencja: bezterminowa (tzn. do czasu zako\u0144czenia kierowania wsp\u00f3lnot\u0105).<\/p>\n<ol>\n<li><strong>b) Prezes<\/strong> \u2013 reprezentowanie wsp\u00f3lnoty; rozdzielanie asyst (w miar\u0119 mo\u017cliwo\u015bci wraz z ceremoniarzem danej liturgii); koordynowanie zbi\u00f3rek; dbanie o to, aby wsp\u00f3lnota \u017cy\u0142a \u2013 w \u0142aczno\u015bci z opiekunem, animatorami, ceremoniarzami, lektorami, ministrantami; wychodzenie z inicjatyw\u0105 r\u00f3\u017cnych aktywno\u015bci pozaliturgicznych, wyjazd\u00f3w wakacyjnych i innych &#8211; zarz\u0105dzanie wsp\u00f3lnot\u0105. Podlegaj\u0105 mu wszyscy Animatorzy i funkcyjni (oraz ca\u0142a wsp\u00f3lnota LSO).<\/li>\n<\/ol>\n<p>Kadencja: 1 rok (od wybor\u00f3w we wrze\u015bniu do wybor\u00f3w we wrze\u015bniu).<\/p>\n<ol>\n<li>c) <strong>Animatorzy<\/strong><\/li>\n<\/ol>\n<p>Wszystkich Animator\u00f3w wybiera Prezes wraz z ks. Opiekunem. Je\u015bli to mo\u017cliwe, ka\u017cdy Animator powinien przed wybraniem go przej\u015b\u0107 Kurs Animatora.\u00a0Jego pos\u0142uga wymaga nienagannego zachowania, dawania odpowiedniego przyk\u0142adu m\u0142odszym ministrantom oraz troski o osobisty rozw\u00f3j duchowy.<\/p>\n<p><strong>Animator liturgiczny<\/strong> \u2013 przeprowadzanie zbi\u00f3rek praktycznych (dla ministrant\u00f3w i lektor\u00f3w), nauka czynno\u015bci praktycznych. Mo\u017ce nim zosta\u0107 jeden z Ceremoniarzy lub osoba posiadaj\u0105ca odpowiedni\u0105 wiedz\u0119 praktyczn\u0105.<\/p>\n<p>Kadencja: bezterminowa (tzn. do czasu odej\u015bcia ze wsp\u00f3lnoty lub rezygnacji z pe\u0142nionej funkcji).<\/p>\n<p><strong>Animator ministrant\u00f3w<\/strong> \u2013 przeprowadzanie zbi\u00f3rek formacyjnych dla ministrant\u00f3w oraz aspirant\u00f3w i kandydat\u00f3w. W razie potrzeby (np. du\u017ca ilo\u015b\u0107 os\u00f3b we wsp\u00f3lnocie) nale\u017cy mianowa\u0107 dw\u00f3ch animator\u00f3w: Animator ministrant\u00f3w oraz Animator aspirant\u00f3w i kandydat\u00f3w. Powinien by\u0107 to do\u015bwiadczony lektor, daj\u0105cy przyk\u0142ad w\u0142a\u015bciwego post\u0119powania.<\/p>\n<p>Kadencja: bezterminowa (tzn. do czasu odej\u015bcia ze wsp\u00f3lnoty lub rezygnacji z pe\u0142nionej funkcji).<\/p>\n<p>Animatorzy otrzymuj\u0105 ksi\u0105\u017cki (materia\u0142y), na podstawie kt\u00f3rych prowadz\u0105 spotkania. Animator\u00f3w do tych samych zada\u0144 mo\u017ce by\u0107 kilku (np. Animator liturgiczny 1, animator liturgiczny 2) \u2013 w takiej sytuacji mog\u0105 podzieli\u0107 si\u0119 zadaniami, wzajemnie si\u0119 wspiera\u0107 itd. Ka\u017cdy kolejny animator podlega Animatorom wcze\u015bniej wybranym (np. animator liturgiczny 2 podlega animatorowi liturgicznemu 1).<\/p>\n<ol>\n<li><strong>d) Wiceprezes<\/strong> \u2013 pomaga prezesowi, pe\u0142ni funkcj\u0119 zast\u0119pcy Prezesa w czasie jego nieobecno\u015bci.<\/li>\n<\/ol>\n<p>Kadencja: 1 rok (od wybor\u00f3w we wrze\u015bniu do wybor\u00f3w we wrze\u015bniu).<\/p>\n<ol>\n<li><strong>f) <\/strong><strong>Sekretarz<\/strong>\u2013 pomaga prezesowi, pe\u0142ni funkcj\u0119 zast\u0119pcy Prezesa i Wiceprezesa w czasie ich nieobecno\u015bci. Sporz\u0105dza protok\u00f3\u0142 ze spotka\u0144 Zarz\u0105du LSO.<\/li>\n<\/ol>\n<p>Kadencja: 1 rok (od wybor\u00f3w we wrze\u015bniu do wybor\u00f3w we wrze\u015bniu).<\/p>\n<ol start=\"6\">\n<li>Zbi\u00f3rki LSO odbywaj\u0105 si\u0119 wed\u0142ug nast\u0119puj\u0105cego harmonogramu:\n<ol>\n<li>Lektorzy i Ministranci starsi: sobota o 10:00<\/li>\n<li>Ministranci m\u0142odsi i kandydaci: sobota o 10:30<\/li>\n<\/ol>\n<\/li>\n<\/ol>\n<ul>\n<li>1x w miesi\u0105cu \u2013 Eucharystia w pe\u0142nej asy\u015bcie<\/li>\n<li>1x w miesi\u0105cu \u2013 zbi\u00f3rka formacyjna<\/li>\n<li>1x w miesi\u0105cu \u2013 zbi\u00f3rka intergracyjna<\/li>\n<li>1x w miesi\u0105cu \u2013 zbi\u00f3rka modlitewna<\/li>\n<li>Zbi\u00f3rki odbywaj\u0105 si\u0119 w miar\u0119 mo\u017cliwo\u015bci i potrzeb naprzemiennie.<\/li>\n<\/ul>\n<h3>III SPOTKANIA ZARZ\u0104DU<\/h3>\n<ol>\n<li>Zarz\u0105d LSO sk\u0142ada si\u0119 z ks. Opiekuna, Prezesa, Wiceprezesa i Sekretarza.<\/li>\n<li>W sprawach zwyczajnych lub mniejszej wagi zarz\u0105d spotyka si\u0119 w sk\u0142adzie podstawowym (z mo\u017cliwo\u015bci\u0105 zaproszenia na spotkanie innych potrzebnych os\u00f3b).<\/li>\n<li>W sprawach bardzo wa\u017cnych zarz\u0105d spotyka si\u0119 w sk\u0142adzie rozszerzonym. W jego sk\u0142ad powinni wej\u015b\u0107: Ceremoniarz (przynajmniej 1), Animatorzy (przynajmniej po jednym z ka\u017cdej z prowadzonych grup LSO) oraz odpowiedni funkcyjni (zwi\u0105zani z omawianymi sprawami).<\/li>\n<li>Podczas spotka\u0144 zarz\u0105du w sk\u0142adzie rozszerzonym ka\u017cdy z uczestnik\u00f3w ma prawo do wypowiedzenia si\u0119. Gdyby dosz\u0142o do g\u0142osowania, obowi\u0105zuje ustalony system punktacji (porz\u0105dku obrad).<\/li>\n<li>System punktacji(porz\u0105dku obrad):\n<ul>\n<li>Opiekun \u2013 2 pkt<\/li>\n<li>Prezes \u2013 1 pkt<\/li>\n<li>Animator \u2013 1 pkt<\/li>\n<li>Ceremoniarz \u2013 1 pkt<\/li>\n<li>Wiceprezes \u2013 1 pkt<\/li>\n<li>Sekretarz \u2013 1 pkt.<\/li>\n<\/ul>\n<\/li>\n<li>Na spotkaniach zarz\u0105du ustala si\u0119 plan funkcjonowania wsp\u00f3lnoty LSO oraz wytycza si\u0119 cele do zrealizowania.<\/li>\n<\/ol>\n<h3>V ZACHOWANIE MINISTRANTA W KO\u015aCIELE I ZAKRYSTII<\/h3>\n<ol>\n<li>Ministranci i lektorzy przychodz\u0105 do s\u0142u\u017cenia w odpowiednim czasie przed Msz\u0105 \u015bwi\u0119t\u0105 lub nabo\u017ce\u0144stwem.<br \/>\nMsza w dzie\u0144 powszedni i niedziela zwyk\u0142a \u2013 10 minut wcze\u015bniej.<br \/>\nMsza z asyst\u0105 \u2013 30 minut wcze\u015bniej.<br \/>\nMsza z obecno\u015bci\u0105 biskupa \u2013 30 minut wcze\u015bniej.<\/li>\n<li>3 minuty przed wyj\u015bciem procesji ministranci i lektorzy odmawiaj\u0105 modlitw\u0119 przed s\u0142u\u017ceniem. Prowadzi j\u0105 Ksi\u0105dz lub Prezes, Wiceprezes, b\u0105d\u017a najstarszy lektor lub ministrant. Po modlitwie nast\u0119puje cisza (sacrum silencium).<\/li>\n<li>Ministranci przy o\u0142tarzu maj\u0105 z\u0142o\u017cone r\u0119ce, nie rozgl\u0105daj\u0105 si\u0119 i nie rozmawiaj\u0105, zachowuj\u0105 si\u0119 spokojnie i powa\u017cnie.<\/li>\n<li>Miejscem, gdzie ministranci ubieraj\u0105 alby i kom\u017ce i oczekuj\u0105 na liturgi\u0119 jest zakrystia ministrancka.<\/li>\n<li>Po mszy \u015bwi\u0119tej ministranci i lektorzy wraz z Celebransem odmawiaj\u0105 modlitw\u0119 po s\u0142u\u017ceniu, a nast\u0119pnie pomagaj\u0105 zakrystianinowi w uporz\u0105dkowaniu prezbiterium oraz zostawiaj\u0105 porz\u0105dek w zakrystii i w jej okolicy.<\/li>\n<li>Ka\u017cdemu ministrantowi zaleca si\u0119 zapoznanie z czytaniami z danego dnia przed przybyciem do ko\u015bcio\u0142a.<\/li>\n<li>W miar\u0119 mo\u017cliwo\u015bci ka\u017cdy ministrant w\u0142\u0105cza si\u0119 w \u015bpiew liturgiczny. Podczas liturgii s\u0142owa pie\u015bni, a tak\u017ce jej melodia maj\u0105 ogromn\u0105 warto\u015b\u0107.<\/li>\n<\/ol>\n<h3>VI S\u0141U\u017bBA LITURGICZNA<\/h3>\n<ol>\n<li>Pos\u0142uga liturgiczna odbywa si\u0119 wed\u0142ug wyznaczonego grafiku. Szczeg\u00f3\u0142y znajduj\u0105 si\u0119 na tablicy og\u0142osze\u0144 w zakrystii.<\/li>\n<li>W podanej kolejno\u015bci: Prezes, Wiceprezes lub najstarszy stopniem lub najstarszy sta\u017cem ministrant wyznaczaj\u0105 funkcje liturgiczne.<\/li>\n<li>Ministranci s\u0105 zobowi\u0105zani do s\u0142u\u017cenia dwa razy w tygodniu (w dzie\u0144 powszedni, a tak\u017ce w niedziel\u0119). Je\u015bli Msz\u0119 \u015bwi\u0119t\u0105 poprzedza nabo\u017ce\u0144stwo, ministranci r\u00f3wnie\u017c w nim uczestnicz\u0105.<\/li>\n<li>Ministranci s\u0105 ponadto zobowi\u0105zani do obowi\u0105zkowego s\u0142u\u017cenia w asystach podczas parafialnych uroczysto\u015bci, gdy maj\u0105 wyznaczon\u0105 funkcj\u0119. Je\u015bli dzie\u0144 pokrywa si\u0119 z ich obowi\u0105zkowym s\u0142u\u017ceniem lub nie mog\u0105 z przyczyn uzasadnionych s\u0142u\u017cy\u0107, zg\u0142aszaj\u0105 to znacznie wcze\u015bniej opiekunowi, kt\u00f3ry rozwi\u0105\u017ce ewentualny problem.<\/li>\n<li>Wszystkie funkcje na Mszach \u015bwi\u0119tych wykonuj\u0105 ministranci, a w razie ich nieobecno\u015bci &#8211; lektorzy. W niedziel\u0119 lekcje czytaj\u0105 lektorzy, a w tygodniu r\u00f3wnie\u017c kandydaci na lektor\u00f3w i odpowiednio przygotowani ministranci S\u0142owa Bo\u017cego.<\/li>\n<li>Liturgiczna S\u0142u\u017cba O\u0142tarza sumiennie zapoznaje si\u0119 z grafikiem s\u0142u\u017cenia codziennego i niedzielnego, kt\u00f3ry obowi\u0105zuje od wrze\u015bnia do czerwca.<\/li>\n<li>W miesi\u0105cach wakacyjnych ministranci i lektorzy pozostaj\u0105cy w domach przychodz\u0105 s\u0142u\u017cy\u0107 w miar\u0119 swoich mo\u017cliwo\u015bci.<\/li>\n<li>Ka\u017cd\u0105 uzasadnion\u0105 nieobecno\u015b\u0107 ministranci zg\u0142aszaj\u0105 opiekunowi, a w razie jego nieobecno\u015bci Prezesowi, ze znacznym wyprzedzeniem, zar\u00f3wno w ci\u0105gu roku szkolnego, jak i w czasie wakacji.\u00a0 Ka\u017cd\u0105 nieobecno\u015b\u0107 usprawiedliwiamy.<\/li>\n<li>Ministranci, aspiranci i lektorzy obowi\u0105zkowo uczestnicz\u0105 w zbi\u00f3rkach w wyznaczonych terminach.<\/li>\n<li>Ka\u017cde uczestnictwo we Mszy \u015awi\u0119tej, nabo\u017ce\u0144stwach i zbi\u00f3rkach jest premiowane w systemie elektonicznym w rozliczeniu comiesi\u0119cznym.<\/li>\n<\/ol>\n<h3>VII PODZIA\u0141, STROJE I ZADANIA MINISTRANT\u00d3W<\/h3>\n<ol>\n<li>Ministranci przechodz\u0105 przez stopnie formacji ministranckiej, co wi\u0105\u017ce si\u0119 z funkcjami liturgicznymi oraz strojem<\/li>\n<li>Str\u00f3j ministranta i lektora powinien by\u0107 zawsze czysty i wyprasowany. W przeciwnym wypaku st\u00f3j zabieramy do domu. Lektorzy mog\u0105 zostawia\u0107 alby w zakrystii w szafie.<\/li>\n<\/ol>\n<h4>a)\u00a0\u00a0\u00a0\u00a0\u00a0\u00a0\u00a0\u00a0\u00a0\u00a0 Kandydaci na ministranta<\/h4>\n<ul>\n<li>Przyjmowanie kandydat\u00f3w na ministranta odbywa si\u0119 poprzez zg\u0142oszenie si\u0119 do opiekuna ministrant\u00f3w.<\/li>\n<li>Ubiorem kandydata jest kom\u017ca.<\/li>\n<li>Kandydat przygl\u0105da si\u0119 pos\u0142udze starszych ministrant\u00f3w, ucz\u0105c si\u0119 jej.<\/li>\n<li>Kandydat zostaje promowany na ministranta o\u0142tarza po up\u0142ywie roku.<\/li>\n<li>Kandydat mo\u017ce w czasie liturgii podawa\u0107 wod\u0119.<\/li>\n<\/ul>\n<h4>c)\u00a0\u00a0\u00a0\u00a0\u00a0\u00a0\u00a0\u00a0\u00a0\u00a0 Ministranci<\/h4>\n<ul>\n<li>ministrant o\u0142tarza: ustawia ksi\u0119g\u0119, zanosi kielich zdejmuj\u0105c welon, podaje ampu\u0142ki z wod\u0105 i winem oraz lavabo, a podczas aspersji nosi kocio\u0142ek z wod\u0105. Przy biskupie nosi insygnia \u2013 mitr\u0119 i pastora\u0142. Nosi str\u00f3j sk\u0142adaj\u0105cy si\u0119 z kom\u017cy, mucetu, rewerendy.<\/li>\n<li>ministrant \u015bwiat\u0142a: nosi \u015bwiece (akolitk\u0119)<\/li>\n<li>ministrant ksi\u0119gi: dba o msza\u0142 i inne ksi\u0119gi liturgiczne, nosi mikrofon<\/li>\n<li>turyferariusz : nosi trybularz<\/li>\n<li>nawikulariusz : nosi kadzid\u0142o<\/li>\n<li>krucyferariusz: nosi krzy\u017c procesyjny<\/li>\n<\/ul>\n<h4>d)\u00a0\u00a0\u00a0\u00a0\u00a0\u00a0\u00a0\u00a0\u00a0\u00a0 Kandydaci na lektora (lektorzy nieustanowieni)<\/h4>\n<ul>\n<li>Kandydatem na lektora mo\u017ce uprzednio przygotowana do tego osoba w (co najmniej) 8 kl. SP.<\/li>\n<li>W wyj\u0105tkowych sytuacjach m\u0142odszy ministrant mo\u017ce zosta\u0107 kandydatem na lektora.<\/li>\n<li>Kandydaci na lektor\u00f3w ucz\u0119szczaj\u0105 na kurs lektorski wg harmonogramu ustalonego przez Diecezjalne Duszpasterstwo S\u0142u\u017cby Liturgicznej.<\/li>\n<\/ul>\n<h4>e)\u00a0\u00a0\u00a0\u00a0\u00a0\u00a0\u00a0\u00a0\u00a0\u00a0 Lektor<\/h4>\n<ul>\n<li>Ubiorem lektora jest alba i krzy\u017c lektorski.<\/li>\n<li>Lektor czyta lekcje, a tak\u017ce, w procesji, uroczy\u015bcie wnosi Ewangeliarz.<\/li>\n<li>Lektor, kt\u00f3ry dobrze zna liturgi\u0119 i przeszed\u0142 odpowiedni kurs mo\u017ce zosta\u0107 ustanowiony ceremoniarzem.<\/li>\n<\/ul>\n<h4>f)\u00a0\u00a0\u00a0\u00a0\u00a0\u00a0\u00a0\u00a0\u00a0\u00a0\u00a0 Ceremoniarz \u00a0promowany<\/h4>\n<ul>\n<li>Ceremoniarzem promowanyam zostaje Lektor po uko\u0144czeniu kursu prowadzonego przez Diecezjalne Duszpasterstwo S\u0142u\u017cby Liturgicznej oraz otrzymaniu b\u0142ogos\u0142awie\u0144stwa Ordynariusza Diecezji.<\/li>\n<li>Ka\u017cdy ceremoniarz ustala sk\u0142ad asysty na liturgi\u0119, podczas kt\u00f3rej pe\u0142ni funkcj\u0119 mistrza ceremonii. Za zgod\u0105 ceremoniarza mo\u017ce zamiast niego zrobi\u0107 to prezes lub inna wyznaczona osoba.<\/li>\n<li>Przydzia\u0142 funkcji mistrza ceremonii podczas liturgii w ci\u0105gu roku dokonuj\u0105 ceremoniarze oficjalni wraz z prezesem i ksi\u0119dzem opiekunem. Przy rozdzielaniu liturgii nale\u017cy wzi\u0105\u0107 pod uwag\u0119 ceremoniarzy nieoficjalnych (parafialnych) i przydzieli\u0107 im cz\u0119\u015b\u0107 asyst liturgicznych.<\/li>\n<li>Wi\u0119ksze asysty (np. z biskupem, Triduum Paschalne) przypadaj\u0105 w pierwszej kolejno\u015bci ceremoniarzom oficjalnym, kt\u00f3rzy mog\u0105 zrzec si\u0119 swojej funkcji na rzecz ceremoniarzy nieoficjalnych.<\/li>\n<\/ul>\n<h4>g)\u00a0\u00a0\u00a0\u00a0\u00a0\u00a0\u00a0\u00a0\u00a0\u00a0 Ceremoniarz nieoficjalny:<\/h4>\n<ul>\n<li>mo\u017ce pe\u0142ni\u0107 funkcj\u0119 mistrza ceremonii podczas liturgii za zgod\u0105 ceremoniarza promowanego oraz kap\u0142ana odprawiaj\u0105cego dan\u0105 liturgi\u0119<\/li>\n<li>pos\u0142uguje przede wszystkim podczas mniejszych celebr<\/li>\n<li>zostaje nim Lektor posiadaj\u0105cy odpowiednie przeszkolenie i do\u015bwiadczenie, kt\u00f3ry otrzyma zgod\u0119 ksi\u0119dza opiekuna na pe\u0142nienie tej funkcji.<\/li>\n<\/ul>\n<ol start=\"5\">\n<li>Ustalanie asysty na wi\u0119ksze celebracje liturgiczne.<\/li>\n<\/ol>\n<p>Je\u015bli to mo\u017cliwe, asysty ustalane s\u0105 podczas zbi\u00f3rek LSO. Wyj\u0105tkiem jest Triduum Paschalne. Asysty na Wielki Czwartek, Wielki Pi\u0105tek i Wigili\u0119 Paschaln\u0105 ustalaj\u0105 razem ceremoniarze tych trzech liturgii. W sk\u0142adzie os\u00f3b ustalaj\u0105cych mo\u017ce dodatkowo znale\u017a\u0107 si\u0119 Prezes.<\/p>\n<ol start=\"6\">\n<li>Na ka\u017cd\u0105 celebracj\u0119 liturgiczn\u0105 zar\u00f3wno podczas niedziel i uroczysto\u015bci, jak i w dzie\u0144 powszedni obowi\u0105zuj\u0105: czyste d\u0142ugie spodnie, buty (w miar\u0119 mo\u017cliwo\u015bci nie sportowe), bluza bez kaptura lub schludny T-Shirt. Opr\u00f3cz tego na niedziele i uroczysto\u015bci: \u00a0eleganckie i czyste buty, eleganckie spodnie, \u0142adna koszula, mo\u017ce by\u0107 marynarka. Ubrania powinny by\u0107 w spokojnych (stonowanych) kolorach. Ubi\u00f3r powinien by\u0107 godny celebracji Mszy \u015bw.<\/li>\n<\/ol>\n<p>Fryzura: w\u0142osy niefarbowane, mog\u0105 by\u0107 u\u0142o\u017cone na \u017cel, ale nie postawione i nie za d\u0142ugie (twarz powinna by\u0107 widoczna), twarz bez kolczyk\u00f3w.<\/p>\n<h3>VIII KARY I NAGRODY<\/h3>\n<ol>\n<li>Wobec ministranta, kt\u00f3ry b\u0119dzie lekcewa\u017cy\u0142 sobie swoje obowi\u0105zki ministranckie b\u0119d\u0105 wyci\u0105gane konsekwencje:<\/li>\n<\/ol>\n<ul>\n<li>Ostrze\u017cenie od Opiekuna<\/li>\n<li>Rozmowa z Opiekunem<\/li>\n<li>Rozmowa z Rodzicami<\/li>\n<li>Rozmowa z ks. Proboszczem<\/li>\n<li>Zawieszenie w obowi\u0105zkach ministranta<\/li>\n<li>Wydalenie z grona ministrant\u00f3w<\/li>\n<\/ul>\n<ol start=\"2\">\n<li>Te same zasady, co w punkcie 1., dotycz\u0105 tak\u017ce tych ministrant\u00f3w, kt\u00f3rzy poprzez swoj\u0105 postaw\u0119 poza s\u0142u\u017ceniem i zbi\u00f3rkami b\u0119d\u0105 przynosili wstyd gronu ministranckiemu (kradzie\u017ce, palenie papieros\u00f3w, picie alkoholu, stosowanie u\u017cywek itp.)<\/li>\n<li>Ministranci za swoj\u0105 s\u0142u\u017cb\u0119 przy o\u0142tarzu s\u0105 wynagradzani nast\u0119puj\u0105co:<\/li>\n<\/ol>\n<ul>\n<li><strong>Wyjazdy integracyjne<\/strong> \u2013 dwa razy w roku<\/li>\n<li><strong>Wyjazdy tematyczne<\/strong> \u2013 za udzia\u0142 w nabo\u017ce\u0144stwach Drogi Krzy\u017cowej czy R\u00f3\u017ca\u0144cowych ministranci maj\u0105 mozliwo\u015b\u0107 darmowego wyjazdu do kina czy w inne miejsce, kt\u00f3re zaproponuj\u0105.<\/li>\n<li><strong>Nagrody rzeczowe<\/strong> \u2013dziesi\u0119ciu najaktywniejszym ministrantom zostan\u0105 przyznane nagrody rzeczowe.<\/li>\n<\/ul>\n<h3>IX PROCEDURA WYBORU PREZESA<\/h3>\n<ol>\n<li>Kandydatem na Prezesa Ministrant\u00f3w mo\u017ce zosta\u0107 ka\u017cdy ministrant, b\u0105d\u017a lektor, kt\u00f3ry uko\u0144czy\u0142 Szko\u0142\u0119 Podstawow\u0105\u00a0i zosta\u0142 zatwierdzony przez ks. Opiekuna. Na kandydata mo\u017cna zg\u0142osi\u0107 siebie lub kogo\u015b innego.<\/li>\n<li>Wybory Prezesa Ministrant\u00f3w s\u0105: tajne, powszechne, r\u00f3wne, bezpo\u015brednie. G\u0142osowanie przebiega poprzez napisanie na kartce nazwiska wybranego kandydata.<\/li>\n<li>Za liczenie g\u0142os\u00f3w odpowiedzialna jest komisja skrutacyjna z\u0142o\u017cona z 3 wybranych przez Opiekuna ministrant\u00f3w.<\/li>\n<li>Kworum podczas g\u0142osowania nad wyborem wynosi po\u0142ow\u0119 liczby ministrant\u00f3w znajduj\u0105cych si\u0119 na li\u015bcie w dniu g\u0142osowania.<\/li>\n<li>Zwyci\u0119zc\u0105 zostaje ministrant, kt\u00f3ry otrzyma 50% + 1 g\u0142os\u00f3w. W przypadku, gdy w 1 turze \u017caden ministrant nie zdob\u0119dzie 50%+1 g\u0142os\u00f3w, do 2 (i ka\u017cdej kolejnej tury) przechodzi 2 ministrant\u00f3w z najwi\u0119ksz\u0105 ilo\u015bci\u0105 g\u0142os\u00f3w (ew. wi\u0119cej, gdyby ilo\u015b\u0107 g\u0142os\u00f3w by\u0142a identyczna).<\/li>\n<\/ol>\n<h3>X PUNKTACJA OBECNO\u015aCI I NIEOBECNO\u015aCI<\/h3>\n<ol>\n<li>S\u0142u\u017cenie obowi\u0105zkowe w niedziel\u0119 +3 punkty.<\/li>\n<li>S\u0142u\u017cenie na Mszy \u015bw. niedzielnej poza wyznaczon\u0105 godzin\u0105 +4 punkty.<\/li>\n<li>S\u0142u\u017cenie w tygodniu obowi\u0105zkowe +3 punkty.<\/li>\n<li>S\u0142u\u017cenie w tygodniu nieobowi\u0105zkowe +4 punkty.<\/li>\n<li>S\u0142u\u017cenie podczas nabo\u017ce\u0144stw +3 punkty.<\/li>\n<li>S\u0142u\u017cenie na du\u017cych asystach +3 punkty.<\/li>\n<li>S\u0142u\u017cenie w wakacje +4 punkty.<\/li>\n<li>Obecno\u015b\u0107 na zbi\u00f3rce +3 punkty.<\/li>\n<li>Nieobecno\u015b\u0107 na zbi\u00f3rce -2 punkty.<\/li>\n<li>Pomoc dla LSO lub sumienne wype\u0142nianie obowi\u0105zk\u00f3w od +1 do +10 punkt\u00f3w.<\/li>\n<li>Nieprzestrzeganie statutu i zasad ministranta od -1 do -10 punkt\u00f3w.<\/li>\n<li>Punkty rozdziela i podlicza ostatecznie ks. Opiekun lub wyznaczona do tego osoba.<\/li>\n<li>Minusowe punkty (wy\u0142\u0105czaj\u0105c te za nieprzestrzeganie statutu i zasad ministranta) nie powinny by\u0107 nigdy stosowane, gdy\u017c prowadz\u0105 w bezpo\u015bredni spos\u00f3b do odchodzenia ministrant\u00f3w z LSO.<\/li>\n<\/ol>\n<h3>XI POPRAWKI<\/h3>\n<p>Statut mo\u017ce ulega\u0107 zmianie podczas zbi\u00f3rek ministranckich oraz spotka\u0144 zarz\u0105du. Zatwierdzony musi by\u0107 przez ks. Opiekuna. O zmianach w statucie informuje si\u0119 ca\u0142\u0105 LSO podczas zbi\u00f3rek oraz na stronie LSO i tablicy w zakrystii.<\/p>\n","protected":false},"excerpt":{"rendered":"<p>I\u00a0 UWAGI OG\u00d3LNE Niniejszy statut definiuje najwa\u017cniejsze zasady funkcjonowania S\u0142u\u017cby Liturgicznej. Pozosta\u0142e ustalenia s\u0105 przekazywane wewn\u0105trz wsp\u00f3lnoty. W szczeg\u00f3lnych przypadkach zarz\u0105d LSO mo\u017ce dopu\u015bci\u0107 ust\u0119pstwa od statutu. Pos\u0142uga ministranta to zaj\u0119cie jedno z najpi\u0119kniejszych i najcenniejszych. Kap\u0142an zast\u0119puje miejsce Jezusa Chrystusa, wi\u0119c te\u017c i ministrant nie jemu, ale Jezusowi Chrystusowi us\u0142uguje podczas mszy i nabo\u017ce\u0144stw. [&hellip;]<\/p>\n","protected":false},"author":1,"featured_media":12362,"comment_status":"closed","ping_status":"closed","sticky":false,"template":"","format":"standard","meta":{"footnotes":""},"categories":[2,27],"tags":[],"class_list":["post-12893","post","type-post","status-publish","format-standard","has-post-thumbnail","hentry","category-aktualnosci","category-ministranci-i-lektorzy"],"_links":{"self":[{"href":"https:\/\/mbfatimska.ovh\/index.php\/wp-json\/wp\/v2\/posts\/12893","targetHints":{"allow":["GET"]}}],"collection":[{"href":"https:\/\/mbfatimska.ovh\/index.php\/wp-json\/wp\/v2\/posts"}],"about":[{"href":"https:\/\/mbfatimska.ovh\/index.php\/wp-json\/wp\/v2\/types\/post"}],"author":[{"embeddable":true,"href":"https:\/\/mbfatimska.ovh\/index.php\/wp-json\/wp\/v2\/users\/1"}],"replies":[{"embeddable":true,"href":"https:\/\/mbfatimska.ovh\/index.php\/wp-json\/wp\/v2\/comments?post=12893"}],"version-history":[{"count":0,"href":"https:\/\/mbfatimska.ovh\/index.php\/wp-json\/wp\/v2\/posts\/12893\/revisions"}],"wp:featuredmedia":[{"embeddable":true,"href":"https:\/\/mbfatimska.ovh\/index.php\/wp-json\/wp\/v2\/media\/12362"}],"wp:attachment":[{"href":"https:\/\/mbfatimska.ovh\/index.php\/wp-json\/wp\/v2\/media?parent=12893"}],"wp:term":[{"taxonomy":"category","embeddable":true,"href":"https:\/\/mbfatimska.ovh\/index.php\/wp-json\/wp\/v2\/categories?post=12893"},{"taxonomy":"post_tag","embeddable":true,"href":"https:\/\/mbfatimska.ovh\/index.php\/wp-json\/wp\/v2\/tags?post=12893"}],"curies":[{"name":"wp","href":"https:\/\/api.w.org\/{rel}","templated":true}]}}