{"id":12912,"date":"2020-09-19T07:53:54","date_gmt":"2020-09-19T07:53:54","guid":{"rendered":"http:\/\/www.mbfatimska.pl\/?p=12912"},"modified":"2020-09-19T07:53:54","modified_gmt":"2020-09-19T07:53:54","slug":"uwielbiam-swiete-rany","status":"publish","type":"post","link":"https:\/\/mbfatimska.ovh\/index.php\/2020\/09\/19\/uwielbiam-swiete-rany\/","title":{"rendered":"Uwielbiam \u015bwi\u0119te rany"},"content":{"rendered":"<p><img fetchpriority=\"high\" decoding=\"async\" class=\"size-full wp-image-12913 alignleft\" src=\"http:\/\/www.mbfatimska.pl\/wp-content\/uploads\/2020\/09\/krzyz.jpg\" alt=\"\" width=\"297\" height=\"169\" \/><strong>W \u015bwi\u0119to Podwy\u017cszenia Krzy\u017ca, 14 wrze\u015bnia br. nasza wsp\u00f3lnota parafialna prze\u017cywa\u0142a nabo\u017ce\u0144stwo Adoracji Krzy\u017ca.<\/strong> Z powodu epidemii koronawirusa w Wielki Pi\u0105tek nie by\u0142o tej mo\u017cliwo\u015bci. Dzi\u0119ki wys\u0142uchaniu \u015bwiadectwa mistycznych do\u015bwiadcze\u0144 b\u0142. Katarzyny Emmerich mogli\u015bmy wnikn\u0105\u0107 z niebywa\u0142\u0105 precyzj\u0105 w M\u0119k\u0119 i \u015amier\u0107 na krzy\u017cu naszego Pana i Zbawiciela. W spos\u00f3b duchowy \u0142\u0105czyli\u015bmy si\u0119 z tymi, kt\u00f3rzy w ostatnim czasie nabyli krzy\u017c do swoich dom\u00f3w i tam, zawiesiwszy krzy\u017c na \u015bcianie, r\u00f3wnie\u017c uwielbiali 5 \u015bwi\u0119tych ran Jezusa. Dzi\u0119kujemy osobom z Ruchu \u015awiat\u0142o-\u017bycie z naszej parafii za poprowadzenie nabo\u017ce\u0144stwa.<\/p>\n","protected":false},"excerpt":{"rendered":"<p>W \u015bwi\u0119to Podwy\u017cszenia Krzy\u017ca, 14 wrze\u015bnia br. nasza wsp\u00f3lnota parafialna prze\u017cywa\u0142a nabo\u017ce\u0144stwo Adoracji Krzy\u017ca. Z powodu epidemii koronawirusa w Wielki Pi\u0105tek nie by\u0142o tej mo\u017cliwo\u015bci. Dzi\u0119ki wys\u0142uchaniu \u015bwiadectwa mistycznych do\u015bwiadcze\u0144 b\u0142. Katarzyny Emmerich mogli\u015bmy wnikn\u0105\u0107 z niebywa\u0142\u0105 precyzj\u0105 w M\u0119k\u0119 i \u015amier\u0107 na krzy\u017cu naszego Pana i Zbawiciela. W spos\u00f3b duchowy \u0142\u0105czyli\u015bmy si\u0119 z tymi, [&hellip;]<\/p>\n","protected":false},"author":1,"featured_media":30657,"comment_status":"closed","ping_status":"closed","sticky":false,"template":"","format":"standard","meta":{"footnotes":""},"categories":[2],"tags":[],"class_list":["post-12912","post","type-post","status-publish","format-standard","has-post-thumbnail","hentry","category-aktualnosci"],"_links":{"self":[{"href":"https:\/\/mbfatimska.ovh\/index.php\/wp-json\/wp\/v2\/posts\/12912","targetHints":{"allow":["GET"]}}],"collection":[{"href":"https:\/\/mbfatimska.ovh\/index.php\/wp-json\/wp\/v2\/posts"}],"about":[{"href":"https:\/\/mbfatimska.ovh\/index.php\/wp-json\/wp\/v2\/types\/post"}],"author":[{"embeddable":true,"href":"https:\/\/mbfatimska.ovh\/index.php\/wp-json\/wp\/v2\/users\/1"}],"replies":[{"embeddable":true,"href":"https:\/\/mbfatimska.ovh\/index.php\/wp-json\/wp\/v2\/comments?post=12912"}],"version-history":[{"count":0,"href":"https:\/\/mbfatimska.ovh\/index.php\/wp-json\/wp\/v2\/posts\/12912\/revisions"}],"wp:featuredmedia":[{"embeddable":true,"href":"https:\/\/mbfatimska.ovh\/index.php\/wp-json\/wp\/v2\/media\/30657"}],"wp:attachment":[{"href":"https:\/\/mbfatimska.ovh\/index.php\/wp-json\/wp\/v2\/media?parent=12912"}],"wp:term":[{"taxonomy":"category","embeddable":true,"href":"https:\/\/mbfatimska.ovh\/index.php\/wp-json\/wp\/v2\/categories?post=12912"},{"taxonomy":"post_tag","embeddable":true,"href":"https:\/\/mbfatimska.ovh\/index.php\/wp-json\/wp\/v2\/tags?post=12912"}],"curies":[{"name":"wp","href":"https:\/\/api.w.org\/{rel}","templated":true}]}}