{"id":12917,"date":"2020-09-19T20:24:45","date_gmt":"2020-09-19T20:24:45","guid":{"rendered":"http:\/\/www.mbfatimska.pl\/?p=12917"},"modified":"2020-09-19T20:24:45","modified_gmt":"2020-09-19T20:24:45","slug":"respirator","status":"publish","type":"post","link":"https:\/\/mbfatimska.ovh\/index.php\/2020\/09\/19\/respirator\/","title":{"rendered":"REspirator"},"content":{"rendered":"<p><img fetchpriority=\"high\" decoding=\"async\" class=\"wp-image-12918 size-full aligncenter\" src=\"http:\/\/www.mbfatimska.pl\/wp-content\/uploads\/2020\/09\/rekobierzmoweb.png\" alt=\"\" width=\"1024\" height=\"724\" srcset=\"https:\/\/mbfatimska.ovh\/wp-content\/uploads\/2020\/09\/rekobierzmoweb.png 1024w, https:\/\/mbfatimska.ovh\/wp-content\/uploads\/2020\/09\/rekobierzmoweb-300x212.png 300w, https:\/\/mbfatimska.ovh\/wp-content\/uploads\/2020\/09\/rekobierzmoweb-768x543.png 768w\" sizes=\"(max-width: 1024px) 100vw, 1024px\" \/><\/p>\n<p><strong>Diakonia Ewangelizacji Ruchu \u015awiat\u0142o-\u017bycie zaprasza<\/strong> m\u0142odzie\u017c z klas 8 i starsz\u0105 na mega-wyj\u0105tkowe rekolekcje w naszym ko\u015bciele od 27 do 30 wrze\u015bnia br. B\u0119dzie czas g\u0142\u0119bokiego\u00a0\u00a0duchowego oddechu (z \u0142ac. Spiro)\u00a0\u00a0i ponownego zastanowienia si\u0119 nad w\u0142asnym \u017cyciem razem z Jezusem &#8211; \u017ar\u00f3d\u0142em \u017bycia.<\/p>\n<h2 style=\"text-align: center;\">W planie:<\/h2>\n<ul>\n<li>Eucharystia<\/li>\n<li>Modlitwy ze \u015bpiewem,<\/li>\n<li>Konferencje,<\/li>\n<li>Spotkania w grupach z animatorem,<\/li>\n<li>\u015awiadectwa:<\/li>\n<\/ul>\n<p>&nbsp;<\/p>\n<p>Idealny plan na kolejne 10 lat mojego \u017cycia? Czymu nie! Takie by\u0142o moje my\u015blenie przed rekolekcjami i dopiero podczas ich trwania B\u00f3g pokaza\u0142 mi jak bardzo to (planowanie wszystkiego po swojemu) niszczy nasz kontakt. Pracuj\u0119 teraz nad tym problemem, a do\u015bwiadczenie rekolekcji pomog\u0142o mi przetrwa\u0107 \u201ewielkie porz\u0105dki\u201d (czytaj: wywr\u00f3cenie mi \u017cycia do g\u00f3ry nogami) przeprowadzone przez Pana.<\/p>\n<p>(Joasia)<\/p>\n<p>&nbsp;<\/p>\n<p>Ten czas by\u0142 dla mnie niesamowit\u0105 okazj\u0105 do oddychania Duchem Rado\u015bci. Nigdy przedtem Duch \u015awi\u0119ty nie obdarza\u0142 mnie tak gwa\u0142townie, obficie i z tak\u0105 si\u0142\u0105. Z rekolekcji wynios\u0142am niesamowity odpoczynek cia\u0142a, duszy i psychiki. I tak dobrze by\u0142o umocni\u0107 swoj\u0105 wiar\u0119, przebywaj\u0105c razem z bra\u0107mi <img decoding=\"async\" class=\"emoji\" role=\"img\" draggable=\"false\" src=\"https:\/\/s.w.org\/images\/core\/emoji\/12.0.0-1\/svg\/1f642.svg\" alt=\"\ud83d\ude42\" \/><\/p>\n<p>(Magda)<\/p>\n<p>&nbsp;<\/p>\n<p>Co da\u0142y mi te rekolekcje? Otwarto\u015b\u0107 na innych ludzi. Przysz\u0142am tu nie znaj\u0105c prawie nikogo i s\u0105dzi\u0142am, \u017ce b\u0119d\u0119 sama, nie maj\u0105c odwagi i ch\u0119ci, by z kimkolwiek porozmawia\u0107. Bardzo wi\u0119c zaskoczy\u0142a mnie w\u0142a\u015bnie otwarto\u015b\u0107 i zwyk\u0142a ludzka \u017cyczliwo\u015b\u0107 os\u00f3b, z kt\u00f3rymi tu przebywa\u0142am. To pozwoli\u0142o mi nie tylko pozna\u0107 bli\u017cej fantastycznych ludzi, ale i zobaczy\u0107, \u017ce inni wcale nie s\u0105 \u201eobcy\u201d, ale \u017ce mo\u017cna ich obdarzy\u0107 zaufaniem. Na pocz\u0105tku z trudem przychodzi\u0142o mi dzielenie si\u0119 moimi doznaniami duchowymi, bo nie przywyk\u0142am do a\u017c takiego otwierania si\u0119 na ludzi, ale po jakim\u015b czasie, kiedy zobaczy\u0142am, \u017ce nikt nie chce u\u017cy\u0107 tego przeciwko mnie, wy\u015bmia\u0107 albo \u2013 co cz\u0119sto zdarza\u0142o si\u0119 przed rekolekcjami\u2013 zbagatelizowa\u0107, zaufa\u0142am i otwarcie, szczerze m\u00f3wi\u0142am o tym, co dzieje si\u0119 w mojej duszy. Przynios\u0142o mi to wielk\u0105 ulg\u0119, bo poczu\u0142am, \u017ce nareszcie zosta\u0142am zrozumiana.<br \/>\nB\u00f3g da\u0142 mi tak\u017ce do\u015bwiadczy\u0107 niesamowitej rado\u015bci i szcz\u0119\u015bcia z tego, \u017ce On JEST. Nie by\u0142a to rado\u015b\u0107 taka, jak\u0105 cz\u0119sto odczuwam z tego, \u017ce B\u00f3g mi co\u015b da\u0142, \u017ce co\u015b si\u0119 sta\u0142o. Teraz pozornie nie sta\u0142o si\u0119 nic. Zobaczy\u0142am, \u017ce modl\u0105c si\u0119, nie musz\u0119 ca\u0142y czas dzi\u0119kowa\u0107, przeprasza\u0107 i prosi\u0107. Mog\u0119 po prostu BY\u0106 i patrze\u0107 na Chrystusa; trwa\u0107 w ciszy i Jego obecno\u015bci dla mnie. Daje to ogromn\u0105 rado\u015b\u0107, szcz\u0119\u015bcie i pok\u00f3j wewn\u0119trzny, a jednocze\u015bnie ukazuje, \u017ce nie musz\u0119 modli\u0107 si\u0119 \u201ebo B\u00f3g tak chce\u201d, \u201ebo tak nale\u017cy\u201d. Spotykam si\u0119 z Bogiem, bo chc\u0119 by\u0107 w Jego obecno\u015bci.<br \/>\nOstatni\u0105 rzecz\u0105, kt\u00f3r\u0105 chc\u0119 poruszy\u0107, jest modlitwa pie\u015bniami i piosenkami. Zobaczy\u0142am, \u017ce mog\u0119 si\u0119 \u015bpiewem modli\u0107, a nie \u015bpiewa\u0107 dla samego \u015bpiewania, przy okazji wychwytuj\u0105c wszystkie fa\u0142sze ludzi dooko\u0142a. Jak wspania\u0142e i g\u0142\u0119bokie mog\u0105 by\u0107 teksty pie\u015bni, a tak\u017ce psalm\u00f3w i jak dzi\u0119ki nim mog\u0119 powiedzie\u0107 Bogu to, czego sama nie jestem w stanie ubra\u0107 w s\u0142owa, je\u017celi tylko przestan\u0119 zwraca\u0107 przesadn\u0105 uwag\u0119 na melodi\u0119, kt\u00f3ra ma tylko pomaga\u0107 w modlitwie, a nie przes\u0142ania\u0107 jej sens.<br \/>\nRekolekcje te da\u0142y mi nowe spojrzenie na Chrystusa, innych ludzi i sam\u0105 siebie. Pozwoli\u0142y dostrzec bardzo wa\u017cn\u0105 prawd\u0119: B\u00f3g nie kocha mnie, \u201ebo jest Bogiem\u201d, \u201ebo tak musi\u201d, \u201ebo tak trzeba\u201d. Kocha, bo CHCE. A jedyne, co musz\u0119 zrobi\u0107 ja, to przyj\u0105\u0107 t\u0119 Mi\u0142o\u015b\u0107. Do tej pory ta \u015bwiadomo\u015b\u0107 wzbudza\u0142a we mnie jedynie straszne poczucie winy: ja jestem przecie\u017c tak grzeszna, i tak nie uda mi si\u0119 poprawi\u0107, a On nadal musi mnie kocha\u0107. Na tych rekolekcjach B\u00f3g na nowo wla\u0142 we mnie nadziej\u0119 i jednocze\u015bnie pewno\u015b\u0107, \u017ce On naprawd\u0119 mo\u017ce przemieni\u0107 moje \u017cycie. \u017be tylko z Nim i w Nim mog\u0119 zwyci\u0119\u017ca\u0107 ka\u017cdego dnia. Musz\u0119 Mu tylko zawierzy\u0107 ca\u0142e moje \u017cycie, bez wyj\u0105tk\u00f3w w tych miejscach, gdzie takie zawierzenie wydaje mi si\u0119 niewygodne. A On b\u0119dzie dzia\u0142a\u0142.<\/p>\n<p>(Tysia)<\/p>\n","protected":false},"excerpt":{"rendered":"<p>Diakonia Ewangelizacji Ruchu \u015awiat\u0142o-\u017bycie zaprasza m\u0142odzie\u017c z klas 8 i starsz\u0105 na mega-wyj\u0105tkowe rekolekcje w naszym ko\u015bciele od 27 do 30 wrze\u015bnia br. B\u0119dzie czas g\u0142\u0119bokiego\u00a0\u00a0duchowego oddechu (z \u0142ac. Spiro)\u00a0\u00a0i ponownego zastanowienia si\u0119 nad w\u0142asnym \u017cyciem razem z Jezusem &#8211; \u017ar\u00f3d\u0142em \u017bycia. W planie: Eucharystia Modlitwy ze \u015bpiewem, Konferencje, Spotkania w grupach z animatorem, \u015awiadectwa: [&hellip;]<\/p>\n","protected":false},"author":1,"featured_media":12918,"comment_status":"closed","ping_status":"closed","sticky":false,"template":"","format":"standard","meta":{"footnotes":""},"categories":[2,12],"tags":[],"class_list":["post-12917","post","type-post","status-publish","format-standard","has-post-thumbnail","hentry","category-aktualnosci","category-oaza"],"_links":{"self":[{"href":"https:\/\/mbfatimska.ovh\/index.php\/wp-json\/wp\/v2\/posts\/12917","targetHints":{"allow":["GET"]}}],"collection":[{"href":"https:\/\/mbfatimska.ovh\/index.php\/wp-json\/wp\/v2\/posts"}],"about":[{"href":"https:\/\/mbfatimska.ovh\/index.php\/wp-json\/wp\/v2\/types\/post"}],"author":[{"embeddable":true,"href":"https:\/\/mbfatimska.ovh\/index.php\/wp-json\/wp\/v2\/users\/1"}],"replies":[{"embeddable":true,"href":"https:\/\/mbfatimska.ovh\/index.php\/wp-json\/wp\/v2\/comments?post=12917"}],"version-history":[{"count":0,"href":"https:\/\/mbfatimska.ovh\/index.php\/wp-json\/wp\/v2\/posts\/12917\/revisions"}],"wp:featuredmedia":[{"embeddable":true,"href":"https:\/\/mbfatimska.ovh\/index.php\/wp-json\/wp\/v2\/media\/12918"}],"wp:attachment":[{"href":"https:\/\/mbfatimska.ovh\/index.php\/wp-json\/wp\/v2\/media?parent=12917"}],"wp:term":[{"taxonomy":"category","embeddable":true,"href":"https:\/\/mbfatimska.ovh\/index.php\/wp-json\/wp\/v2\/categories?post=12917"},{"taxonomy":"post_tag","embeddable":true,"href":"https:\/\/mbfatimska.ovh\/index.php\/wp-json\/wp\/v2\/tags?post=12917"}],"curies":[{"name":"wp","href":"https:\/\/api.w.org\/{rel}","templated":true}]}}