{"id":12923,"date":"2020-09-19T21:13:36","date_gmt":"2020-09-19T21:13:36","guid":{"rendered":"http:\/\/www.mbfatimska.pl\/?p=12923"},"modified":"2020-09-19T21:13:36","modified_gmt":"2020-09-19T21:13:36","slug":"25-niedziela-zwykla-20-09-2020-r","status":"publish","type":"post","link":"https:\/\/mbfatimska.ovh\/index.php\/2020\/09\/19\/25-niedziela-zwykla-20-09-2020-r\/","title":{"rendered":"25 Niedziela Zwyk\u0142a &#8211; 20.09.2020 r."},"content":{"rendered":"<ul>\n<li>Dzisiejsze ofiary sk\u0142adane na tac\u0119 przeznaczone s\u0105 na nasze diecezjalne seminarium.<\/li>\n<li>Przez ca\u0142y wrzesie\u0144 trwaj\u0105 zapisy na nowy cykl katechez przed I Komuni\u0105 \u015awi\u0119t\u0105 oraz Bierzmowaniem. Szczeg\u00f3\u0142y w zakrystii.<\/li>\n<li>Zapraszamy do kawiarenki parafialnej na kaw\u0119, herbat\u0119, gofry, popcorn, ciasto, czekolad\u0119 czy chleb ze smalcem<\/li>\n<li>Dzisiaj o godz. 17.00 w ko\u015bciele odb\u0119dzie si\u0119 spotkanie dla m\u0142odzie\u017cy, kt\u00f3ra w ubieg\u0142ym roku rozpocz\u0119\u0142a swoje przygotowanie do Sakramentu Bierzmowania. Obecno\u015b\u0107 obowi\u0105zkowa!<\/li>\n<li>Wsp\u00f3lnota dla intronizacji Serca Pana Jezusa zaprasza na Ca\u0142odzienn\u0105 Adoracj\u0119 Naj\u015bwi\u0119tszego Sakramentu od poniedzia\u0142ku, od Eucharystii o godz. 19.00 do wtorku, do Eucharystii ku czci \u015bw. Rity o godz. 19. Ramowy plan: 21.00 &#8211; Apel Jasnog\u00f3rski i I cz. R\u00f3\u017ca\u0144ca; 24.00 &#8211; Eucharystia w int. Intronizacji Naj\u015bwi\u0119tszego Serca Pana Jezusa; 2.00 &#8211; II cz. R\u00f3\u017ca\u0144ca; 3.30 -Droga Krzy\u017cowa; 5.00 &#8211; III cz. R\u00f3\u017ca\u0144ca; 7.00 &#8211; Eucharystia; 12.00 &#8211; IV cz. R\u00f3\u017ca\u0144ca; 15.00 &#8211; Koronka do Mi\u0142osierdzia Bo\u017cego; 18.00 &#8211; Eucharystia na zako\u0144czenie<\/li>\n<li>We wtorek kolejne nabo\u017ce\u0144stwo do \u015bw. Rity. Zapraszamy na Msze \u015aw. o godz. 19.00 a nast\u0119pnie na modlitwy ku czci tej \u015bwi\u0119tej z mo\u017cliwo\u015bci\u0105 z\u0142o\u017cenia intencji. Przed ko\u015bcio\u0142em b\u0119dzie mo\u017cliwo\u015b\u0107 nabycia r\u00f3\u017c.<\/li>\n<li>Wsp\u00f3lnota Odnowy w Duchu \u015awi\u0119tym zaprasza na REO, czyli Rekolekcje Ewangelizacyjne Odnowy w naszej \u015bwi\u0105tyni co czwartek od 24 wrze\u015bnia w godz. 19-21. Szczeg\u00f3\u0142y na stronie internetowej naszej parafii. S\u0142owo zach\u0119ty przedstawi osoba wsp\u00f3\u0142prowadz\u0105ca cykl tych 10 spotka\u0144.<\/li>\n<li>W pi\u0105tek na godz. 19 zapraszamy na Eucharysti\u0119 wypominkow\u0105 w intencji naszych bliskich zmar\u0142ych.<\/li>\n<li>Za tydzie\u0144 w niedziel\u0119 go\u015bci\u0107 b\u0119dziemy Siostr\u0119 Zakonn\u0105 ze zgromadzenia Kanoniczek Ducha \u015aw. Siostra podczas ka\u017cdej Mszy \u015bw. nakre\u015bli nam istot\u0119 powo\u0142ania zakonnego i przed ko\u015bcio\u0142em poprowadzi zbi\u00f3rk\u0119 ofiar na rzecz ci\u0119\u017cko chorej matki, kt\u00f3rej leczenie &#8211; comiesi\u0119czna rehabilitacja, poch\u0142ania blisko 40 tys. z\u0142.<\/li>\n<li>W przysz\u0142\u0105 sobot\u0119 o godz. 11.00 zostanie odprawiona Msza \u015aw. z okazji 40-lecia Samodzielnej Grupy Konspiracyjnej &#8222;Piast&#8221; i 25-lecia Genealogii<\/li>\n<li>Fundacja Humane Est zaprasza kobiety w wieku 16-30 lat, kt\u00f3re odpowiedzialnie podchodz\u0105 do zdrowego \u017cycia na warsztaty pt.: &#8222;Jak dba\u0107 o zdrow\u0105 cer\u0119? &#8211; piel\u0119gnacja oczu, zabiegi na oczy, masa\u017c kosmetyczny twarzy, wp\u0142yw produkt\u00f3w alkoholowych na stan zdrowia, zdrowa sk\u00f3ra a parametry do oczyszczania&#8221;. Wi\u0119cej szczeg\u00f3\u0142\u00f3w za tydzie\u0144 o 17.00 w salce pod zakrysti\u0105.<\/li>\n<li>Ruch \u015awiat\u0142o-\u017bycie zaprasza kandydat\u00f3w rozpoczynaj\u0105cych przygotowanie do Sakramentu Bierzmowania i pozosta\u0142\u0105 m\u0142odzie\u017c na Rekolekcje Ewangelizacyjne &#8222;REspirator&#8221; w dniach 27-30 wrze\u015bnia w godz. 19-21. Szczeg\u00f3\u0142y na parafialnej <a href=\"http:\/\/www.mbfatimska.pl\/respirator\/\">stronie<\/a> internetowej.<\/li>\n<li>Ko\u0142a \u017bywego R\u00f3\u017ca\u0144ca zapraszaj\u0105 na pielgrzymk\u0119 autokarow\u0105 na Jasn\u0105 G\u00f3r\u0119 w dniu 3 pa\u017adziernika br. Wyjazd o godz. 5.00 &#8211; powr\u00f3t po 20.00. Koszt &#8211; 60 z\u0142. S\u0105 jeszcze wolne miejsca. Zapisy w zakrystii.<\/li>\n<li>Fundacja &#8222;Pasja \u017bycia&#8221; z ul. Stru\u017ca\u0144skiej wsp\u00f3\u0142organizuje z nasza parafi\u0105 Rekolekcje Charyzmatyczne z o. Antonello Cadeddu 4 pa\u017adziernika br. w godz. 14-21. Szczeg\u00f3\u0142y na plakacie w gablocie i na stronie <a href=\"http:\/\/pasjazycia.org\">pasjazycia.org<\/a>. Serdecznie zapraszamy.<\/li>\n<li>Dzi\u0119kujemy za prace porz\u0105dkowe (koszenie, zamiatanie itp.) na naszym terenie przy ko\u015bciele.<\/li>\n<\/ul>\n","protected":false},"excerpt":{"rendered":"<p>Dzisiejsze ofiary sk\u0142adane na tac\u0119 przeznaczone s\u0105 na nasze diecezjalne seminarium. Przez ca\u0142y wrzesie\u0144 trwaj\u0105 zapisy na nowy cykl katechez przed I Komuni\u0105 \u015awi\u0119t\u0105 oraz Bierzmowaniem. Szczeg\u00f3\u0142y w zakrystii. Zapraszamy do kawiarenki parafialnej na kaw\u0119, herbat\u0119, gofry, popcorn, ciasto, czekolad\u0119 czy chleb ze smalcem Dzisiaj o godz. 17.00 w ko\u015bciele odb\u0119dzie si\u0119 spotkanie dla m\u0142odzie\u017cy, [&hellip;]<\/p>\n","protected":false},"author":1,"featured_media":30657,"comment_status":"closed","ping_status":"closed","sticky":false,"template":"","format":"standard","meta":{"footnotes":""},"categories":[2,14],"tags":[],"class_list":["post-12923","post","type-post","status-publish","format-standard","has-post-thumbnail","hentry","category-aktualnosci","category-ogloszenia-parafialne"],"_links":{"self":[{"href":"https:\/\/mbfatimska.ovh\/index.php\/wp-json\/wp\/v2\/posts\/12923","targetHints":{"allow":["GET"]}}],"collection":[{"href":"https:\/\/mbfatimska.ovh\/index.php\/wp-json\/wp\/v2\/posts"}],"about":[{"href":"https:\/\/mbfatimska.ovh\/index.php\/wp-json\/wp\/v2\/types\/post"}],"author":[{"embeddable":true,"href":"https:\/\/mbfatimska.ovh\/index.php\/wp-json\/wp\/v2\/users\/1"}],"replies":[{"embeddable":true,"href":"https:\/\/mbfatimska.ovh\/index.php\/wp-json\/wp\/v2\/comments?post=12923"}],"version-history":[{"count":0,"href":"https:\/\/mbfatimska.ovh\/index.php\/wp-json\/wp\/v2\/posts\/12923\/revisions"}],"wp:featuredmedia":[{"embeddable":true,"href":"https:\/\/mbfatimska.ovh\/index.php\/wp-json\/wp\/v2\/media\/30657"}],"wp:attachment":[{"href":"https:\/\/mbfatimska.ovh\/index.php\/wp-json\/wp\/v2\/media?parent=12923"}],"wp:term":[{"taxonomy":"category","embeddable":true,"href":"https:\/\/mbfatimska.ovh\/index.php\/wp-json\/wp\/v2\/categories?post=12923"},{"taxonomy":"post_tag","embeddable":true,"href":"https:\/\/mbfatimska.ovh\/index.php\/wp-json\/wp\/v2\/tags?post=12923"}],"curies":[{"name":"wp","href":"https:\/\/api.w.org\/{rel}","templated":true}]}}