{"id":12926,"date":"2020-09-19T21:47:11","date_gmt":"2020-09-19T21:47:11","guid":{"rendered":"http:\/\/www.mbfatimska.pl\/?p=12926"},"modified":"2020-09-19T21:47:11","modified_gmt":"2020-09-19T21:47:11","slug":"24-h-dla-pana","status":"publish","type":"post","link":"https:\/\/mbfatimska.ovh\/index.php\/2020\/09\/19\/24-h-dla-pana\/","title":{"rendered":"24 h dla Pana"},"content":{"rendered":"<p><img fetchpriority=\"high\" decoding=\"async\" class=\"aligncenter wp-image-12927 size-full\" src=\"http:\/\/www.mbfatimska.pl\/wp-content\/uploads\/2020\/09\/Adoracja.jpg\" alt=\"\" width=\"1089\" height=\"768\" srcset=\"https:\/\/mbfatimska.ovh\/wp-content\/uploads\/2020\/09\/Adoracja.jpg 1089w, https:\/\/mbfatimska.ovh\/wp-content\/uploads\/2020\/09\/Adoracja-300x212.jpg 300w, https:\/\/mbfatimska.ovh\/wp-content\/uploads\/2020\/09\/Adoracja-1024x722.jpg 1024w, https:\/\/mbfatimska.ovh\/wp-content\/uploads\/2020\/09\/Adoracja-768x542.jpg 768w\" sizes=\"(max-width: 1089px) 100vw, 1089px\" \/><\/p>\n<p><strong>Wsp\u00f3lnota dla intronizacji Serca Pana Jezusa zaprasza na Ca\u0142odzienn\u0105 Adoracj\u0119 Naj\u015bwi\u0119tszego Sakramentu<\/strong> od poniedzia\u0142ku, od Eucharystii o godz. 19.00 do wtorku, do Eucharystii ku czci \u015bw. Rity o godz. 19.<\/p>\n<p>Ramowy plan:<\/p>\n<p>21.00 \u2013 Apel Jasnog\u00f3rski i I cz. R\u00f3\u017ca\u0144ca;<br \/>\n24.00 \u2013 Eucharystia w int. Intronizacji Naj\u015bwi\u0119tszego Serca Pana Jezusa;<br \/>\n2.00 \u2013 II cz. R\u00f3\u017ca\u0144ca;<br \/>\n3.30 -Droga Krzy\u017cowa;<br \/>\n5.00 \u2013 III cz. R\u00f3\u017ca\u0144ca;<br \/>\n7.00 \u2013 Eucharystia;<br \/>\n12.00 \u2013 IV cz. R\u00f3\u017ca\u0144ca;<br \/>\n15.00 \u2013 Koronka do Mi\u0142osierdzia Bo\u017cego;<br \/>\n18.00 \u2013 Eucharystia na zako\u0144czenie<\/p>\n","protected":false},"excerpt":{"rendered":"<p>Wsp\u00f3lnota dla intronizacji Serca Pana Jezusa zaprasza na Ca\u0142odzienn\u0105 Adoracj\u0119 Naj\u015bwi\u0119tszego Sakramentu od poniedzia\u0142ku, od Eucharystii o godz. 19.00 do wtorku, do Eucharystii ku czci \u015bw. Rity o godz. 19. Ramowy plan: 21.00 \u2013 Apel Jasnog\u00f3rski i I cz. R\u00f3\u017ca\u0144ca; 24.00 \u2013 Eucharystia w int. Intronizacji Naj\u015bwi\u0119tszego Serca Pana Jezusa; 2.00 \u2013 II cz. R\u00f3\u017ca\u0144ca; [&hellip;]<\/p>\n","protected":false},"author":1,"featured_media":12929,"comment_status":"closed","ping_status":"closed","sticky":false,"template":"","format":"standard","meta":{"footnotes":""},"categories":[2,19],"tags":[],"class_list":["post-12926","post","type-post","status-publish","format-standard","has-post-thumbnail","hentry","category-aktualnosci","category-wspolnota-dla-intronizacji"],"_links":{"self":[{"href":"https:\/\/mbfatimska.ovh\/index.php\/wp-json\/wp\/v2\/posts\/12926","targetHints":{"allow":["GET"]}}],"collection":[{"href":"https:\/\/mbfatimska.ovh\/index.php\/wp-json\/wp\/v2\/posts"}],"about":[{"href":"https:\/\/mbfatimska.ovh\/index.php\/wp-json\/wp\/v2\/types\/post"}],"author":[{"embeddable":true,"href":"https:\/\/mbfatimska.ovh\/index.php\/wp-json\/wp\/v2\/users\/1"}],"replies":[{"embeddable":true,"href":"https:\/\/mbfatimska.ovh\/index.php\/wp-json\/wp\/v2\/comments?post=12926"}],"version-history":[{"count":0,"href":"https:\/\/mbfatimska.ovh\/index.php\/wp-json\/wp\/v2\/posts\/12926\/revisions"}],"wp:featuredmedia":[{"embeddable":true,"href":"https:\/\/mbfatimska.ovh\/index.php\/wp-json\/wp\/v2\/media\/12929"}],"wp:attachment":[{"href":"https:\/\/mbfatimska.ovh\/index.php\/wp-json\/wp\/v2\/media?parent=12926"}],"wp:term":[{"taxonomy":"category","embeddable":true,"href":"https:\/\/mbfatimska.ovh\/index.php\/wp-json\/wp\/v2\/categories?post=12926"},{"taxonomy":"post_tag","embeddable":true,"href":"https:\/\/mbfatimska.ovh\/index.php\/wp-json\/wp\/v2\/tags?post=12926"}],"curies":[{"name":"wp","href":"https:\/\/api.w.org\/{rel}","templated":true}]}}