{"id":12952,"date":"2020-10-05T10:10:45","date_gmt":"2020-10-05T10:10:45","guid":{"rendered":"http:\/\/www.mbfatimska.pl\/?p=12952"},"modified":"2020-10-05T10:10:45","modified_gmt":"2020-10-05T10:10:45","slug":"27-niedziela-zwykla","status":"publish","type":"post","link":"https:\/\/mbfatimska.ovh\/index.php\/2020\/10\/05\/27-niedziela-zwykla\/","title":{"rendered":"27 Niedziela Zwyk\u0142a"},"content":{"rendered":"<p>04.10.2020 r.<\/p>\n<ol>\n<li>W dniu dzisiejszym w godz. 14-21.00 w naszej parafii b\u0119d\u0105 mia\u0142y miejsce rekolekcje charyzmatyczne. W czasie rekolekcji, o godz. 17.00 odb\u0119dzie si\u0119 nabo\u017ce\u0144stwo r\u00f3\u017ca\u0144cowe. Takie rekolekcje to szczeg\u00f3lny czas naszego spotkania z Chrystusem \u2013 Uzdrowicielem. Ca\u0142y program podany jest na plakacie w gablocie<\/li>\n<li>Dzisiaj z racji rekolekcji nie b\u0119dzie procesji eucharystycznej i popo\u0142udniowej adoracji. Adoracja b\u0119dzie po Mszy \u015aw. wieczornej.<\/li>\n<li>Dzi\u015b o godz. 19 w kawiarence zapraszamy na now\u0105 edycj\u0119 kursu przedma\u0142\u017ce\u0144skiego<\/li>\n<li>Zapraszamy na nabo\u017ce\u0144stwa r\u00f3\u017ca\u0144cowe:<\/li>\n<\/ol>\n<ul>\n<li>doros\u0142ych i m\u0142odzie\u017c w dni powszednie o godz. 18.30, a w niedziel\u0119 o godz. 17.15<\/li>\n<li>dzieci w poniedzia\u0142ki, \u015brody i pi\u0105tki o 16.30<\/li>\n<\/ul>\n<ol start=\"5\">\n<li>Za tydzie\u0144 b\u0119dziemy obchodzi\u0107 w Ko\u015bciele w Polsce XX Dzie\u0144 Papieski. Przed ko\u015bcio\u0142em zbierane b\u0119d\u0105 ofiary na rzecz stypendi\u00f3w dla uzdolnionej, ale ubogiej m\u0142odzie\u017cy .<\/li>\n<li>W przysz\u0142\u0105 niedziel\u0119 o godz. 10.25 katecheza dla dzieci z kl. III SP przed uroczysto\u015bci\u0105 I Komunii \u015aw.<\/li>\n<li>Jutro w budynku Centrum Pomocy Rodzinie w godz. 18-20.00 b\u0119dzie nieodp\u0142atnie przyjmowa\u0142 psycholog<\/li>\n<li>Fundacja Pasja \u017bycia im. s. J\u00f3zefy Menendez zaprasza na wyst\u0119p Stowarzyszenia Zespo\u0142u Pie\u015bni i Ta\u0144ca \u201eKomes\u201d pt.: <em>Jesienne Spotkania z Folklorem<\/em>, kt\u00f3ry odb\u0119dzie si\u0119 w sobot\u0119, 10 X o godz. 18.00 w Sali Widowiskowej UM Legionowo, ul Pi\u0142sudskiego 41 (WST\u0118P WOLNY)<\/li>\n<li>M\u0142odzie\u017c, kt\u00f3ra w ubieg\u0142ym roku rozpocz\u0119\u0142a swoje przygotowanie do Sakramentu Bierzmowania, b\u0119dzie mia\u0142a swoje zaliczenie w sobot\u0119 10 X br. Na godz. 10.00 zapraszamy ch\u0142opc\u00f3w, a na godz. 11 \u2013 dziewcz\u0119ta. Prosimy zabra\u0107 ze sob\u0105 d\u0142ugopis<\/li>\n<li>Z 16 na 17 X b\u0119dzie mia\u0142a miejsce IV Nocna Droga R\u00f3\u017ca\u0144cowa. Rozpocznie si\u0119 Eucharysti\u0105 o 22.00 w ko\u015bciele MB z Lourdes w Warszawie, a zako\u0144czy w parafii MB Pompeja\u0144skiej Eucharysti\u0105 o godz. 7.00. Wi\u0119cej informacji na plakacie.<\/li>\n<li>Przypominamy, \u017ce w pa\u017adzierniku kancelaria parafialna czynna jest od poniedzia\u0142ku do \u015brody w godz. 19-19.45 i w soboty w godz. 9-10.00<\/li>\n<\/ol>\n","protected":false},"excerpt":{"rendered":"<p>04.10.2020 r. W dniu dzisiejszym w godz. 14-21.00 w naszej parafii b\u0119d\u0105 mia\u0142y miejsce rekolekcje charyzmatyczne. W czasie rekolekcji, o godz. 17.00 odb\u0119dzie si\u0119 nabo\u017ce\u0144stwo r\u00f3\u017ca\u0144cowe. Takie rekolekcje to szczeg\u00f3lny czas naszego spotkania z Chrystusem \u2013 Uzdrowicielem. Ca\u0142y program podany jest na plakacie w gablocie Dzisiaj z racji rekolekcji nie b\u0119dzie procesji eucharystycznej i popo\u0142udniowej [&hellip;]<\/p>\n","protected":false},"author":1,"featured_media":30657,"comment_status":"closed","ping_status":"closed","sticky":false,"template":"","format":"standard","meta":{"footnotes":""},"categories":[14],"tags":[],"class_list":["post-12952","post","type-post","status-publish","format-standard","has-post-thumbnail","hentry","category-ogloszenia-parafialne"],"_links":{"self":[{"href":"https:\/\/mbfatimska.ovh\/index.php\/wp-json\/wp\/v2\/posts\/12952","targetHints":{"allow":["GET"]}}],"collection":[{"href":"https:\/\/mbfatimska.ovh\/index.php\/wp-json\/wp\/v2\/posts"}],"about":[{"href":"https:\/\/mbfatimska.ovh\/index.php\/wp-json\/wp\/v2\/types\/post"}],"author":[{"embeddable":true,"href":"https:\/\/mbfatimska.ovh\/index.php\/wp-json\/wp\/v2\/users\/1"}],"replies":[{"embeddable":true,"href":"https:\/\/mbfatimska.ovh\/index.php\/wp-json\/wp\/v2\/comments?post=12952"}],"version-history":[{"count":0,"href":"https:\/\/mbfatimska.ovh\/index.php\/wp-json\/wp\/v2\/posts\/12952\/revisions"}],"wp:featuredmedia":[{"embeddable":true,"href":"https:\/\/mbfatimska.ovh\/index.php\/wp-json\/wp\/v2\/media\/30657"}],"wp:attachment":[{"href":"https:\/\/mbfatimska.ovh\/index.php\/wp-json\/wp\/v2\/media?parent=12952"}],"wp:term":[{"taxonomy":"category","embeddable":true,"href":"https:\/\/mbfatimska.ovh\/index.php\/wp-json\/wp\/v2\/categories?post=12952"},{"taxonomy":"post_tag","embeddable":true,"href":"https:\/\/mbfatimska.ovh\/index.php\/wp-json\/wp\/v2\/tags?post=12952"}],"curies":[{"name":"wp","href":"https:\/\/api.w.org\/{rel}","templated":true}]}}