{"id":12954,"date":"2020-10-05T10:45:08","date_gmt":"2020-10-05T10:45:08","guid":{"rendered":"http:\/\/www.mbfatimska.pl\/?p=12954"},"modified":"2020-10-05T10:45:08","modified_gmt":"2020-10-05T10:45:08","slug":"nasze-wedrowanie","status":"publish","type":"post","link":"https:\/\/mbfatimska.ovh\/index.php\/2020\/10\/05\/nasze-wedrowanie\/","title":{"rendered":"Nasze w\u0119drowanie"},"content":{"rendered":"<p><strong><img fetchpriority=\"high\" decoding=\"async\" class=\"alignnone size-full wp-image-12958\" src=\"http:\/\/www.mbfatimska.pl\/wp-content\/uploads\/2020\/10\/20201005_130229.jpg\" alt=\"\" width=\"1200\" height=\"688\" srcset=\"https:\/\/mbfatimska.ovh\/wp-content\/uploads\/2020\/10\/20201005_130229.jpg 1200w, https:\/\/mbfatimska.ovh\/wp-content\/uploads\/2020\/10\/20201005_130229-300x172.jpg 300w, https:\/\/mbfatimska.ovh\/wp-content\/uploads\/2020\/10\/20201005_130229-1024x587.jpg 1024w, https:\/\/mbfatimska.ovh\/wp-content\/uploads\/2020\/10\/20201005_130229-768x440.jpg 768w\" sizes=\"(max-width: 1200px) 100vw, 1200px\" \/>Ko\u0142a \u017bywego R\u00f3\u017ca\u0144ca z naszej parafii 3 pa\u017adziernika odby\u0142y pielgrzymk\u0119 na Jasn\u0105 G\u00f3r\u0119, w\u0142\u0105czaj\u0105c si\u0119 do Rekolekcji Jasnog\u00f3rskiej Rodziny R\u00f3\u017ca\u0144cowej<\/strong>. Przewodnikiem pielgrzymki by\u0142 ks. Marcin Wojtczak, za animacje muzyczn\u0105 odpowiada\u0142 p. Mariusz Czech, a konferencj\u0119 historyczn\u0105 wyg\u0142osi\u0142 p. dr Artur Bojarski z Muzeum Historycznego w Legionowie. Wszystkim, za wszystko sk\u0142adamy serdeczne podzi\u0119kowanie staropolskim: B\u00d3G ZAP\u0141A\u0106!<\/p>\n","protected":false},"excerpt":{"rendered":"<p>Ko\u0142a \u017bywego R\u00f3\u017ca\u0144ca z naszej parafii 3 pa\u017adziernika odby\u0142y pielgrzymk\u0119 na Jasn\u0105 G\u00f3r\u0119, w\u0142\u0105czaj\u0105c si\u0119 do Rekolekcji Jasnog\u00f3rskiej Rodziny R\u00f3\u017ca\u0144cowej. Przewodnikiem pielgrzymki by\u0142 ks. Marcin Wojtczak, za animacje muzyczn\u0105 odpowiada\u0142 p. Mariusz Czech, a konferencj\u0119 historyczn\u0105 wyg\u0142osi\u0142 p. dr Artur Bojarski z Muzeum Historycznego w Legionowie. Wszystkim, za wszystko sk\u0142adamy serdeczne podzi\u0119kowanie staropolskim: B\u00d3G ZAP\u0141A\u0106!<\/p>\n","protected":false},"author":1,"featured_media":12958,"comment_status":"closed","ping_status":"closed","sticky":false,"template":"","format":"standard","meta":{"footnotes":""},"categories":[2,8],"tags":[],"class_list":["post-12954","post","type-post","status-publish","format-standard","has-post-thumbnail","hentry","category-aktualnosci","category-kola-rozancowe"],"_links":{"self":[{"href":"https:\/\/mbfatimska.ovh\/index.php\/wp-json\/wp\/v2\/posts\/12954","targetHints":{"allow":["GET"]}}],"collection":[{"href":"https:\/\/mbfatimska.ovh\/index.php\/wp-json\/wp\/v2\/posts"}],"about":[{"href":"https:\/\/mbfatimska.ovh\/index.php\/wp-json\/wp\/v2\/types\/post"}],"author":[{"embeddable":true,"href":"https:\/\/mbfatimska.ovh\/index.php\/wp-json\/wp\/v2\/users\/1"}],"replies":[{"embeddable":true,"href":"https:\/\/mbfatimska.ovh\/index.php\/wp-json\/wp\/v2\/comments?post=12954"}],"version-history":[{"count":0,"href":"https:\/\/mbfatimska.ovh\/index.php\/wp-json\/wp\/v2\/posts\/12954\/revisions"}],"wp:featuredmedia":[{"embeddable":true,"href":"https:\/\/mbfatimska.ovh\/index.php\/wp-json\/wp\/v2\/media\/12958"}],"wp:attachment":[{"href":"https:\/\/mbfatimska.ovh\/index.php\/wp-json\/wp\/v2\/media?parent=12954"}],"wp:term":[{"taxonomy":"category","embeddable":true,"href":"https:\/\/mbfatimska.ovh\/index.php\/wp-json\/wp\/v2\/categories?post=12954"},{"taxonomy":"post_tag","embeddable":true,"href":"https:\/\/mbfatimska.ovh\/index.php\/wp-json\/wp\/v2\/tags?post=12954"}],"curies":[{"name":"wp","href":"https:\/\/api.w.org\/{rel}","templated":true}]}}