{"id":13076,"date":"2020-11-15T01:21:09","date_gmt":"2020-11-15T01:21:09","guid":{"rendered":"http:\/\/www.mbfatimska.pl\/?p=13076"},"modified":"2020-11-15T01:21:09","modified_gmt":"2020-11-15T01:21:09","slug":"nawiedzenie-parafii-przez-obraz-mb-laskawej","status":"publish","type":"post","link":"https:\/\/mbfatimska.ovh\/index.php\/2020\/11\/15\/nawiedzenie-parafii-przez-obraz-mb-laskawej\/","title":{"rendered":"NAWIEDZENIE PARAFII  PRZEZ OBRAZ MB \u0141ASKAWEJ"},"content":{"rendered":"<p><strong><img fetchpriority=\"high\" decoding=\"async\" class=\"size-full wp-image-13077 alignleft\" src=\"http:\/\/www.mbfatimska.pl\/wp-content\/uploads\/2020\/11\/nawiedzenie.png\" alt=\"\" width=\"570\" height=\"706\" srcset=\"https:\/\/mbfatimska.ovh\/wp-content\/uploads\/2020\/11\/nawiedzenie.png 570w, https:\/\/mbfatimska.ovh\/wp-content\/uploads\/2020\/11\/nawiedzenie-242x300.png 242w\" sizes=\"(max-width: 570px) 100vw, 570px\" \/>Z wtorku na \u015brod\u0119 go\u015bci\u0107 b\u0119dziemy w naszej parafii obraz MB \u0141askawej ws\u0142awiony min. przez Zwyci\u0119sk\u0105 Bitw\u0119 Warszawsk\u0105 1920 zwan\u0105 Cudem nad Wis\u0142\u0105. <\/strong><\/p>\n<p>Ramowy plan nawiedzenia:<\/p>\n<p><u>Wtorek 17.11.2020 r.:<\/u><\/p>\n<p>16:00 &#8211; Powitanie<\/p>\n<p>16:15 &#8211; R\u00f3\u017caniec (cz. I)<\/p>\n<p>17:00 &#8211; Msza \u015aw.<\/p>\n<p>18:00 &#8211; Msza \u015aw.<\/p>\n<p>19:00 &#8211; R\u00f3\u017caniec(cz. II) i CZUWANIE<\/p>\n<p>21:00 &#8211; R\u00f3\u017caniec (cz. III)<\/p>\n<p>22:30 &#8211; R\u00f3\u017caniec (cz. IV) i Apel Jasnog\u00f3rski<\/p>\n<p><u>\u015aroda 18.11.2020 r.:<\/u><\/p>\n<p>8:00 &#8211; R\u00f3\u017caniec (cz. I)<\/p>\n<p>10:00 &#8211; R\u00f3\u017caniec (cz. II)<\/p>\n<p>12:00 &#8211; R\u00f3\u017caniec (cz. III) w int. Rodzin i Naszej Ojczyzny<\/p>\n<p>14:00 &#8211; R\u00f3\u017caniec (cz. IV) w int. Ko\u015bcio\u0142a<\/p>\n<p>15:00 &#8211; Koronka do Bo\u017cego Mi\u0142osierdzia i Msza \u015aw.<\/p>\n<p>16:00 &#8211; Po\u017cegnanie<\/p>\n","protected":false},"excerpt":{"rendered":"<p>Z wtorku na \u015brod\u0119 go\u015bci\u0107 b\u0119dziemy w naszej parafii obraz MB \u0141askawej ws\u0142awiony min. przez Zwyci\u0119sk\u0105 Bitw\u0119 Warszawsk\u0105 1920 zwan\u0105 Cudem nad Wis\u0142\u0105. Ramowy plan nawiedzenia: Wtorek 17.11.2020 r.: 16:00 &#8211; Powitanie 16:15 &#8211; R\u00f3\u017caniec (cz. I) 17:00 &#8211; Msza \u015aw. 18:00 &#8211; Msza \u015aw. 19:00 &#8211; R\u00f3\u017caniec(cz. II) i CZUWANIE 21:00 &#8211; R\u00f3\u017caniec (cz. [&hellip;]<\/p>\n","protected":false},"author":1,"featured_media":13077,"comment_status":"closed","ping_status":"closed","sticky":false,"template":"","format":"standard","meta":{"footnotes":""},"categories":[2],"tags":[],"class_list":["post-13076","post","type-post","status-publish","format-standard","has-post-thumbnail","hentry","category-aktualnosci"],"_links":{"self":[{"href":"https:\/\/mbfatimska.ovh\/index.php\/wp-json\/wp\/v2\/posts\/13076","targetHints":{"allow":["GET"]}}],"collection":[{"href":"https:\/\/mbfatimska.ovh\/index.php\/wp-json\/wp\/v2\/posts"}],"about":[{"href":"https:\/\/mbfatimska.ovh\/index.php\/wp-json\/wp\/v2\/types\/post"}],"author":[{"embeddable":true,"href":"https:\/\/mbfatimska.ovh\/index.php\/wp-json\/wp\/v2\/users\/1"}],"replies":[{"embeddable":true,"href":"https:\/\/mbfatimska.ovh\/index.php\/wp-json\/wp\/v2\/comments?post=13076"}],"version-history":[{"count":0,"href":"https:\/\/mbfatimska.ovh\/index.php\/wp-json\/wp\/v2\/posts\/13076\/revisions"}],"wp:featuredmedia":[{"embeddable":true,"href":"https:\/\/mbfatimska.ovh\/index.php\/wp-json\/wp\/v2\/media\/13077"}],"wp:attachment":[{"href":"https:\/\/mbfatimska.ovh\/index.php\/wp-json\/wp\/v2\/media?parent=13076"}],"wp:term":[{"taxonomy":"category","embeddable":true,"href":"https:\/\/mbfatimska.ovh\/index.php\/wp-json\/wp\/v2\/categories?post=13076"},{"taxonomy":"post_tag","embeddable":true,"href":"https:\/\/mbfatimska.ovh\/index.php\/wp-json\/wp\/v2\/tags?post=13076"}],"curies":[{"name":"wp","href":"https:\/\/api.w.org\/{rel}","templated":true}]}}