{"id":13146,"date":"2021-01-11T08:23:27","date_gmt":"2021-01-11T07:23:27","guid":{"rendered":"http:\/\/www.mbfatimska.pl\/?p=13146"},"modified":"2021-01-11T08:23:27","modified_gmt":"2021-01-11T07:23:27","slug":"koleda-2021","status":"publish","type":"post","link":"https:\/\/mbfatimska.ovh\/index.php\/2021\/01\/11\/koleda-2021\/","title":{"rendered":"Kol\u0119da 2021"},"content":{"rendered":"<p><img fetchpriority=\"high\" decoding=\"async\" class=\"alignnone size-full wp-image-13147\" src=\"http:\/\/www.mbfatimska.pl\/wp-content\/uploads\/2020\/12\/00000.jpg\" alt=\"\" width=\"810\" height=\"567\" srcset=\"https:\/\/mbfatimska.ovh\/wp-content\/uploads\/2020\/12\/00000.jpg 810w, https:\/\/mbfatimska.ovh\/wp-content\/uploads\/2020\/12\/00000-300x210.jpg 300w, https:\/\/mbfatimska.ovh\/wp-content\/uploads\/2020\/12\/00000-768x538.jpg 768w\" sizes=\"(max-width: 810px) 100vw, 810px\" \/><\/p>\n<p>Drodzy parafianie,<\/p>\n<p>W ka\u017cdym roku spotykali\u015bmy si\u0119 w waszych domach i mieszkaniach w zwi\u0105zku z kol\u0119d\u0105 &#8211; Wizyt\u0105 duszpastersk\u0105. o wtedy modlili\u015bmy si\u0119 o b\u0142ogos\u0142awie\u0144stwo dla domu i rodziny, jak r\u00f3wnie\u017c wsp\u00f3lnie rozmawiali\u015bmy o wielu zagadnieniach. dzisiaj w dobie pandami to niemo\u017cliwe. chcemy w tym trudnym czasie w inny spos\u00f3b spotka\u0107 si\u0119 na wsp\u00f3lnej modlitwie i rozmowie.<\/p>\n<p>Zapraszam was, parafianie na wsp\u00f3ln\u0105 eucharysti\u0119 do naszej \u015bwi\u0105tyni, kt\u00f3ra b\u0119dzie odprawiona w waszej intencji o b\u0142ogos\u0142awie\u0144stwo Bo\u017ce i w intencji zmar\u0142ych z waszych rodzin. na koniec mszy \u015bwi\u0119tej ka\u017cdy otrzyma specjalne b\u0142ogos\u0142awie\u0144stwo. B\u0119dziemy je mogli r\u00f3wnie\u017c w formie papierowej zabra\u0107 do domu lub mieszka\u0144 i odm\u00f3wi\u0107 wraz z ca\u0142\u0105 rodzin\u0105, wod\u0105 \u015bwi\u0119con\u0105 Pokropi\u0107 dom lub mieszkanie, b\u0119d\u0105 oznaczy\u0107 drzwi z pali\u0107 kadzid\u0142o jako wyraz odnosz\u0105cej si\u0119 do Boga modlitwy, a z ksi\u0105\u017cki \u015awi\u0119tego Jana Paw\u0142a II pog\u0142\u0119bi\u0107 nauk\u0119 o rodzinie i ma\u0142\u017ce\u0144stwie.<\/p>\n<p>Zapraszam was bardzo serdecznie na to jak\u017ce inne ale r\u00f3wnie\u017c wa\u017cne i pi\u0119kne spotkanie. Je\u015bli kto\u015b b\u0119dzie mia\u0142 takie pragnienie, mo\u017ce z\u0142o\u017cy\u0107 ofiar\u0119 na cele Ko\u015bcio\u0142a w kopercie lub na konto bankowe parafii, to mia\u0142o miejsce przy tradycyjnej wizycie duszpasterskiej.<\/p>\n<p>Rozk\u0142ad Kol\u0119dy \u2013 Wizyty Duszpasterskiej<\/p>\n<p><strong>02.01.2021; <\/strong>16:00; Wolska \u2013 nr parzyste;<\/p>\n<p><strong>04.01.2021; <\/strong>18:45; Wolska \u2013 nr nie parzyste;<\/p>\n<p><strong>05.01.2021; <\/strong>18:45; Radosna, \u0141\u0105kowa, Malinowa, Go\u015bcinna, Letnia;<\/p>\n<p><strong>07.01.2021; <\/strong>18:45; Kwiatowa, Wi\u015bniowa, Piaskowa 4, 8;<\/p>\n<p><strong>08.01.2021; <\/strong>18:45; Grudzie \u2013 nr parzyste;<\/p>\n<p><strong>09.01.2021; <\/strong>16:00; Grudzie \u2013 nr nieparzyste, Wsp\u00f3lna, Polna (Stanis\u0142aw\u00f3w II), Wymarzona;<\/p>\n<p><strong>11.01.2021; <\/strong>18:45; Partyzant\u00f3w, Piaskowa 6,10;<\/p>\n<p><strong>12.01.2021; <\/strong>18:45; Zegrzy\u0144ska &#8211; nr parzyste, Piaskowa 12, Tatrza\u0144ska<\/p>\n<p><strong>13.01.2021; <\/strong>18:45; D\u0142uga, G\u00f3rna, Gen. Roi 4, 6;<\/p>\n<p><strong>14.01.2021; <\/strong>18:45; \u0141okietka, Krakusa, Gen. Roi 8,10,12;<\/p>\n<p><strong>15.01.2021; <\/strong>18:45; Orl\u0105t Lwowskich, Obro\u0144c\u00f3w Lwowa, Jasna, Dolna, Hynka;<\/p>\n<p><strong>16.01.2021; <\/strong>18:45; Stru\u017ca\u0144ska \u2013 bez blok\u00f3w, Nowa, Podg\u00f3rska, 11 Listopada, Stwosza;<\/p>\n<p><strong>18.01.2021; <\/strong>18:45; W\u0105ska, Gen. Roi 2;<\/p>\n<p><strong>19.01.2021; <\/strong>18:45; Polna, Gen. Roi 2a, 14, 14a ;<\/p>\n<p><strong>20.01.2021; <\/strong>18:45; Stru\u017ca\u0144ska \u2013 bloki, Wilcza, Gen. Roi 16;<\/p>\n<p><strong>21.01.2021; <\/strong>18:45; S\u0142oneczna, Spacerowa, Gen. Roi \u2013 domki, Gen. Roi 18, 20;<\/p>\n<p><strong>22.01.2021; <\/strong>18:45; Gen. Roi 22, 24, 26;<\/p>\n<p><strong>23.01.2021; <\/strong>16:00; Wrzosowa, Plantowa, Zaciszna;<\/p>\n<p><strong>25.01.2021; <\/strong>18:45; Gen. Roi 28, 30, 32, 34;<\/p>\n<p><strong>26.01.2021; <\/strong>18:45; Gen. Roi 36, 38,\u00a0 40, \u017bwirki, Wigury, Balonowa<\/p>\n<p>&nbsp;<\/p>\n","protected":false},"excerpt":{"rendered":"<p>Drodzy parafianie, W ka\u017cdym roku spotykali\u015bmy si\u0119 w waszych domach i mieszkaniach w zwi\u0105zku z kol\u0119d\u0105 &#8211; Wizyt\u0105 duszpastersk\u0105. o wtedy modlili\u015bmy si\u0119 o b\u0142ogos\u0142awie\u0144stwo dla domu i rodziny, jak r\u00f3wnie\u017c wsp\u00f3lnie rozmawiali\u015bmy o wielu zagadnieniach. dzisiaj w dobie pandami to niemo\u017cliwe. chcemy w tym trudnym czasie w inny spos\u00f3b spotka\u0107 si\u0119 na wsp\u00f3lnej modlitwie [&hellip;]<\/p>\n","protected":false},"author":1,"featured_media":13147,"comment_status":"closed","ping_status":"closed","sticky":false,"template":"","format":"standard","meta":{"footnotes":""},"categories":[2],"tags":[],"class_list":["post-13146","post","type-post","status-publish","format-standard","has-post-thumbnail","hentry","category-aktualnosci"],"_links":{"self":[{"href":"https:\/\/mbfatimska.ovh\/index.php\/wp-json\/wp\/v2\/posts\/13146","targetHints":{"allow":["GET"]}}],"collection":[{"href":"https:\/\/mbfatimska.ovh\/index.php\/wp-json\/wp\/v2\/posts"}],"about":[{"href":"https:\/\/mbfatimska.ovh\/index.php\/wp-json\/wp\/v2\/types\/post"}],"author":[{"embeddable":true,"href":"https:\/\/mbfatimska.ovh\/index.php\/wp-json\/wp\/v2\/users\/1"}],"replies":[{"embeddable":true,"href":"https:\/\/mbfatimska.ovh\/index.php\/wp-json\/wp\/v2\/comments?post=13146"}],"version-history":[{"count":0,"href":"https:\/\/mbfatimska.ovh\/index.php\/wp-json\/wp\/v2\/posts\/13146\/revisions"}],"wp:featuredmedia":[{"embeddable":true,"href":"https:\/\/mbfatimska.ovh\/index.php\/wp-json\/wp\/v2\/media\/13147"}],"wp:attachment":[{"href":"https:\/\/mbfatimska.ovh\/index.php\/wp-json\/wp\/v2\/media?parent=13146"}],"wp:term":[{"taxonomy":"category","embeddable":true,"href":"https:\/\/mbfatimska.ovh\/index.php\/wp-json\/wp\/v2\/categories?post=13146"},{"taxonomy":"post_tag","embeddable":true,"href":"https:\/\/mbfatimska.ovh\/index.php\/wp-json\/wp\/v2\/tags?post=13146"}],"curies":[{"name":"wp","href":"https:\/\/api.w.org\/{rel}","templated":true}]}}