{"id":13164,"date":"2020-12-17T09:24:18","date_gmt":"2020-12-17T09:24:18","guid":{"rendered":"http:\/\/www.mbfatimska.pl\/?p=13164"},"modified":"2020-12-17T09:24:18","modified_gmt":"2020-12-17T09:24:18","slug":"odnowienie-przyrzeczen","status":"publish","type":"post","link":"https:\/\/mbfatimska.ovh\/index.php\/2020\/12\/17\/odnowienie-przyrzeczen\/","title":{"rendered":"ODNOWIENIE PRZYRZECZE\u0143"},"content":{"rendered":"<p><strong>OBRZ\u0118D ODNOWIENIA PRZYRZECZE\u0143 LSO<\/strong><\/p>\n<p>\/Drodzy Ministranci i lektorzy<\/p>\n<p>\/ Drodzy Cz\u0142onkowie scholii<\/p>\n<p>\/Drogie Bialanki,<\/p>\n<p>wobec ca\u0142ej na\u00adszej wsp\u00f3lnoty odn\u00f3wcie teraz swoj\u0105 wol\u0119 podj\u0119cia i gorliwego wykony\u00adwania s\u0142u\u017cby. Dlatego pytam ka\u017cdego z was:<\/p>\n<p>Czy chcecie s\u0142u\u017cy\u0107 Bogu w ko\u015bciele, przy o\u0142tarzu, podczas \u015bwi\u0119tych obrz\u0119d\u00f3w?<\/p>\n<p>LSO:<\/p>\n<p>Chcemy.<\/p>\n<p>Celebrans:<\/p>\n<p>Czy wiecie, \u017ce s\u0142u\u017cba liturgiczna nak\u0142ada na was trudne obowi\u0105zki pilno\u015bci, sumienno\u015bci i takiego post\u0119powania, by podoba\u0107 si\u0119 Panu Jezu\u00adsowi, kt\u00f3remu macie s\u0142u\u017cy\u0107?<\/p>\n<p>LSO:<\/p>\n<p>Wiemy.<\/p>\n<p>Celebrans:<\/p>\n<p>Czy przyrzekacie, \u017ce b\u0119dziecie podejmowa\u0107 wszystkie swoje obo- i\u0105zki, by dobrze pe\u0142ni\u0107 \u015bwi\u0119t\u0105 s\u0142u\u017cb\u0119?<\/p>\n<p>LSO:<\/p>\n<p>Przyrzekamy.<\/p>\n<p>Celebrans:<\/p>\n<p>Niech B\u00f3g, kt\u00f3ry rozpocz\u0105\u0142 w was dobre dzie\u0142o, nadal je wspiera prowadzi.<\/p>\n","protected":false},"excerpt":{"rendered":"<p>OBRZ\u0118D ODNOWIENIA PRZYRZECZE\u0143 LSO \/Drodzy Ministranci i lektorzy \/ Drodzy Cz\u0142onkowie scholii \/Drogie Bialanki, wobec ca\u0142ej na\u00adszej wsp\u00f3lnoty odn\u00f3wcie teraz swoj\u0105 wol\u0119 podj\u0119cia i gorliwego wykony\u00adwania s\u0142u\u017cby. Dlatego pytam ka\u017cdego z was: Czy chcecie s\u0142u\u017cy\u0107 Bogu w ko\u015bciele, przy o\u0142tarzu, podczas \u015bwi\u0119tych obrz\u0119d\u00f3w? LSO: Chcemy. Celebrans: Czy wiecie, \u017ce s\u0142u\u017cba liturgiczna nak\u0142ada na was trudne [&hellip;]<\/p>\n","protected":false},"author":1,"featured_media":30657,"comment_status":"closed","ping_status":"closed","sticky":false,"template":"","format":"standard","meta":{"footnotes":""},"categories":[25,27,28,18],"tags":[],"class_list":["post-13164","post","type-post","status-publish","format-standard","has-post-thumbnail","hentry","category-bielanki","category-ministranci-i-lektorzy","category-schola-fatima-canta","category-sluzba-liturgiczna"],"_links":{"self":[{"href":"https:\/\/mbfatimska.ovh\/index.php\/wp-json\/wp\/v2\/posts\/13164","targetHints":{"allow":["GET"]}}],"collection":[{"href":"https:\/\/mbfatimska.ovh\/index.php\/wp-json\/wp\/v2\/posts"}],"about":[{"href":"https:\/\/mbfatimska.ovh\/index.php\/wp-json\/wp\/v2\/types\/post"}],"author":[{"embeddable":true,"href":"https:\/\/mbfatimska.ovh\/index.php\/wp-json\/wp\/v2\/users\/1"}],"replies":[{"embeddable":true,"href":"https:\/\/mbfatimska.ovh\/index.php\/wp-json\/wp\/v2\/comments?post=13164"}],"version-history":[{"count":0,"href":"https:\/\/mbfatimska.ovh\/index.php\/wp-json\/wp\/v2\/posts\/13164\/revisions"}],"wp:featuredmedia":[{"embeddable":true,"href":"https:\/\/mbfatimska.ovh\/index.php\/wp-json\/wp\/v2\/media\/30657"}],"wp:attachment":[{"href":"https:\/\/mbfatimska.ovh\/index.php\/wp-json\/wp\/v2\/media?parent=13164"}],"wp:term":[{"taxonomy":"category","embeddable":true,"href":"https:\/\/mbfatimska.ovh\/index.php\/wp-json\/wp\/v2\/categories?post=13164"},{"taxonomy":"post_tag","embeddable":true,"href":"https:\/\/mbfatimska.ovh\/index.php\/wp-json\/wp\/v2\/tags?post=13164"}],"curies":[{"name":"wp","href":"https:\/\/api.w.org\/{rel}","templated":true}]}}