{"id":13166,"date":"2020-12-19T21:33:40","date_gmt":"2020-12-19T21:33:40","guid":{"rendered":"http:\/\/www.mbfatimska.pl\/?p=13166"},"modified":"2020-12-19T21:33:40","modified_gmt":"2020-12-19T21:33:40","slug":"iv-niedziela-adwentu","status":"publish","type":"post","link":"https:\/\/mbfatimska.ovh\/index.php\/2020\/12\/19\/iv-niedziela-adwentu\/","title":{"rendered":"IV Niedziela Adwentu"},"content":{"rendered":"<ol>\n<li>W dniu wczorajszym zako\u0144czyli\u015bmy rekolekcje adwentowe. Dzi\u0119kujemy tym, kt\u00f3rzy wzi\u0119li udzia\u0142 w rekolekcjach, skorzystali z sakramentu pokuty i przyj\u0119li Komuni\u0119 \u015awi\u0119t\u0105.<\/li>\n<li>Dzi\u015b przed ko\u015bcio\u0142em m\u0142odzie\u017c z oazy rozprowadza zestawy wigilijne: sianko, wod\u0119 \u015bwi\u0119con\u0105 oraz tekst modlitwy rozpoczynaj\u0105cej wieczerz\u0119. Dobrowolne ofiary sk\u0142adane przy tej okazji zasil\u0105 m\u0142odzie\u017cowy fundusz formacyjny.<\/li>\n<li>We wtorek, 22 grudnia o godz. 17:00 zostanie odprawiona Msza \u015aw. ku czci \u015bw. Rity, a po niej nast\u0105pi comiesi\u0119czne nabo\u017ce\u0144stwo do tej szczeg\u00f3lnej patronki spraw trudnych i beznadziejnych.<\/li>\n<li>W czwartek Wigilia Uroczysto\u015bci Narodzenia Pa\u0144skiego. W naszym ko\u015bciele b\u0119dzie sprawowana Msza \u015aw. o godz. 8:00. Po po\u0142udniu zasi\u0105dziemy w naszych domach do wieczerzy wigilijnej. Zach\u0119camy do zachowania postnego charakteru wszystkich potraw. O godz. 24:00 b\u0119dzie odprawiona Msza \u015aw. zwana pasterk\u0105 poprzedzona r\u00f3\u017ca\u0144cem, kt\u00f3ry zaczniemy odmawia\u0107 o godz. 23:15. O 23:30 odprawa liturgiczna dla ministrant\u00f3w i lektor\u00f3w.<\/li>\n<li>Pierwszego dnia \u015awi\u0105t Bo\u017cego Narodzenia nie b\u0119dzie Mszy \u015aw. o godz. 7:30. Dalszy porz\u0105dek Mszy \u015aw. bez zmian (godz. 9:00, 11:00, 12:30, i 18:00)<\/li>\n<li>Drugiego dnia \u015bwi\u0105t Msze \u015bw. wg porz\u0105dku niedzielnego<\/li>\n<li>W Pasterk\u0119 i I dzie\u0144 \u015bwi\u0105t ofiary sk\u0142adane na tace przeznaczone b\u0119d\u0105 na mozaik\u0119 do naszego ko\u015bcio\u0142a, kt\u00f3ra mie\u015bci\u0107 si\u0119 b\u0119dzie na \u015bcianie kaplicy chrzcielnej nad wyj\u015bciem z ko\u015bcio\u0142a.<\/li>\n<li>Jutro na godz. 8:00 zapraszamy pan\u00f3w i panie do dekoracji ko\u015bcio\u0142a na \u015bwi\u0119ta. B\u0119dziemy wnosi\u0107 choinki i je dekorowa\u0107, oraz tworzy\u0107 stajenk\u0119 ze \u017c\u0142\u00f3bkiem<\/li>\n<li>Bardzo serdecznie dzi\u0119kuj\u0119 tym osobom, kt\u00f3re mnie otoczy\u0142y modlitw\u0105 w trudnym dla mnie czasie pogrzebu mojego taty. Dzi\u0119kuj\u0119 tym, kt\u00f3rzy uczestniczyli we Mszy \u015bw. pogrzebowej w kolegiacie w Garwolinie oraz tym, kt\u00f3rzy tu na miejscu modlili si\u0119 za tat\u0119. B\u00f3g zap\u0142a\u0107.<\/li>\n<li>W dniu dzisiejszym na Litw\u0119 do Turmont pojecha\u0142 transport z 9 komputerami dla dzieci, nag\u0142o\u015bnieniem do ko\u015bcio\u0142a, paczkami od \u015bw. Miko\u0142aja dla dzieci oraz \u017cywno\u015bci\u0105 dla doros\u0142ych min: 60 kg w\u0119dlin oraz te dary, kt\u00f3re wy \u2013 kochani przygotowali\u015bcie w pi\u0105tek i sobot\u0119. Czas jest wyj\u0105tkowo trudny, ale nie zabi\u0142 waszej wra\u017cliwo\u015bci do niesienia pomocy potrzebuj\u0105cym.<\/li>\n<\/ol>\n","protected":false},"excerpt":{"rendered":"<p>W dniu wczorajszym zako\u0144czyli\u015bmy rekolekcje adwentowe. Dzi\u0119kujemy tym, kt\u00f3rzy wzi\u0119li udzia\u0142 w rekolekcjach, skorzystali z sakramentu pokuty i przyj\u0119li Komuni\u0119 \u015awi\u0119t\u0105. Dzi\u015b przed ko\u015bcio\u0142em m\u0142odzie\u017c z oazy rozprowadza zestawy wigilijne: sianko, wod\u0119 \u015bwi\u0119con\u0105 oraz tekst modlitwy rozpoczynaj\u0105cej wieczerz\u0119. Dobrowolne ofiary sk\u0142adane przy tej okazji zasil\u0105 m\u0142odzie\u017cowy fundusz formacyjny. We wtorek, 22 grudnia o godz. 17:00 [&hellip;]<\/p>\n","protected":false},"author":1,"featured_media":30657,"comment_status":"closed","ping_status":"closed","sticky":false,"template":"","format":"standard","meta":{"footnotes":""},"categories":[14],"tags":[],"class_list":["post-13166","post","type-post","status-publish","format-standard","has-post-thumbnail","hentry","category-ogloszenia-parafialne"],"_links":{"self":[{"href":"https:\/\/mbfatimska.ovh\/index.php\/wp-json\/wp\/v2\/posts\/13166","targetHints":{"allow":["GET"]}}],"collection":[{"href":"https:\/\/mbfatimska.ovh\/index.php\/wp-json\/wp\/v2\/posts"}],"about":[{"href":"https:\/\/mbfatimska.ovh\/index.php\/wp-json\/wp\/v2\/types\/post"}],"author":[{"embeddable":true,"href":"https:\/\/mbfatimska.ovh\/index.php\/wp-json\/wp\/v2\/users\/1"}],"replies":[{"embeddable":true,"href":"https:\/\/mbfatimska.ovh\/index.php\/wp-json\/wp\/v2\/comments?post=13166"}],"version-history":[{"count":0,"href":"https:\/\/mbfatimska.ovh\/index.php\/wp-json\/wp\/v2\/posts\/13166\/revisions"}],"wp:featuredmedia":[{"embeddable":true,"href":"https:\/\/mbfatimska.ovh\/index.php\/wp-json\/wp\/v2\/media\/30657"}],"wp:attachment":[{"href":"https:\/\/mbfatimska.ovh\/index.php\/wp-json\/wp\/v2\/media?parent=13166"}],"wp:term":[{"taxonomy":"category","embeddable":true,"href":"https:\/\/mbfatimska.ovh\/index.php\/wp-json\/wp\/v2\/categories?post=13166"},{"taxonomy":"post_tag","embeddable":true,"href":"https:\/\/mbfatimska.ovh\/index.php\/wp-json\/wp\/v2\/tags?post=13166"}],"curies":[{"name":"wp","href":"https:\/\/api.w.org\/{rel}","templated":true}]}}