{"id":13848,"date":"2020-12-30T19:48:32","date_gmt":"2020-12-30T18:48:32","guid":{"rendered":"http:\/\/www.mbfatimska.pl\/?p=13848"},"modified":"2020-12-30T19:48:32","modified_gmt":"2020-12-30T18:48:32","slug":"niedziela-swietej-rodziny","status":"publish","type":"post","link":"https:\/\/mbfatimska.ovh\/index.php\/2020\/12\/30\/niedziela-swietej-rodziny\/","title":{"rendered":"Niedziela \u015awi\u0119tej Rodziny"},"content":{"rendered":"<ol>\n<li style=\"list-style-type: none;\">\n<ol>\n<li>Jeszcze raz pragniemy podzi\u0119kowa\u0107 tym, kt\u00f3rzy przyczynili si\u0119 do udekorowania \u015bwi\u0105tyni i terenu na Uroczysto\u015b\u0107 Bo\u017cego Narodzenia.<\/li>\n<li>Zach\u0119camy do zapoznania si\u0119 z rozk\u0142adem kol\u0119dy na nowy rok. Ze wzgl\u0119du na panuj\u0105c\u0105 epidemi\u0119, b\u0119dzie ona mia\u0142a inny charakter. B\u0119dziemy spotyka\u0107 si\u0119 w ko\u015bciele podczas wsp\u00f3lnej eucharystii w intencji poszczeg\u00f3lnych rejon\u00f3w. Rozpoczynamy ju\u017c w najbli\u017csz\u0105 sobot\u0119. Na godzin\u0119 16:00 zapraszamy mieszka\u0144c\u00f3w budynk\u00f3w przy ulicy Wolskiej (numery parzyste) oraz ze Stanis\u0142awowa II. Ofiary sk\u0142adane podczas kol\u0119dy 2021 przeznaczone zostan\u0105 na zakup i monta\u017c paneli fotowoltaicznych, kt\u00f3re chcemy zamontowa\u0107 w celu obni\u017cenia koszt\u00f3w energii elektrycznej.<\/li>\n<li>W czwartek, b\u0119dziemy ko\u0144czy\u0107 stary rok 2020. Na Msz\u0119 \u015awi\u0119t\u0105 dzi\u0119kczynn\u0105 zapraszamy na godzin\u0119 17:00 a nie jak zwykle na 18:00. Zmiana spowodowana jest przepisami epidemiologicznymi, kt\u00f3re uniemo\u017cliwiaj\u0105 w noc sylwestrow\u0105 przemieszczanie si\u0119 po godzinie 19:00.<\/li>\n<li>Przed nami, w tym tygodniu:\n<ul>\n<li>Pierwszy pi\u0105tek miesi\u0105ca &#8211; spowied\u017a podczas wszystkich Mszy \u015awi\u0119tych.<\/li>\n<li>Pierwsza sobota miesi\u0105ca &#8211; po Mszy \u015awi\u0119tej o godzinie 18, do godziny 20:00 nabo\u017ce\u0144stwo wynagradzaj\u0105ce Niepokalanemu Sercu Maryi.<\/li>\n<li>Pierwsza niedziela miesi\u0105ca &#8211; po Mszy \u015awi\u0119tej o godzinie 12:30, wystawienie Naj\u015bwi\u0119tszego Sakramentu i mo\u017cliwo\u015b\u0107 adoracji do godziny 17:45<\/li>\n<\/ul>\n<\/li>\n<li>W pi\u0105tek 1 stycznia wita\u0107 b\u0119dziemy Nowy Rok. Tego dnia obchodzimy r\u00f3wnie\u017c Uroczysto\u015b\u0107 \u015awi\u0119tej Bo\u017cej Rodzicielki Maryi. Msze \u015awi\u0119te w naszym ko\u015bciele rozpoczynaj\u0105 si\u0119 o 9:00, 11:00, 12:30 i 18:00. Tego dnia, po Mszy \u015awi\u0119tej o godzinie 18:00 konferencja dla rodzic\u00f3w i chrzestnych oraz kandydat\u00f3w na chrzestnych przed Sakramentem Chrztu \u015awi\u0119tego.<\/li>\n<li>W przysz\u0142\u0105 niedziel\u0119, po Mszy \u015awi\u0119tej o godzinie 11:00 nast\u0105pi podsumowanie rorat. Dzieci, kt\u00f3re ucz\u0119szcza\u0142y na roraty proszone s\u0105 o przyniesienie plansz z naklejkami. B\u0119d\u0105 nagrody!<\/li>\n<\/ol>\n<\/li>\n<\/ol>\n","protected":false},"excerpt":{"rendered":"<p>Jeszcze raz pragniemy podzi\u0119kowa\u0107 tym, kt\u00f3rzy przyczynili si\u0119 do udekorowania \u015bwi\u0105tyni i terenu na Uroczysto\u015b\u0107 Bo\u017cego Narodzenia. Zach\u0119camy do zapoznania si\u0119 z rozk\u0142adem kol\u0119dy na nowy rok. Ze wzgl\u0119du na panuj\u0105c\u0105 epidemi\u0119, b\u0119dzie ona mia\u0142a inny charakter. B\u0119dziemy spotyka\u0107 si\u0119 w ko\u015bciele podczas wsp\u00f3lnej eucharystii w intencji poszczeg\u00f3lnych rejon\u00f3w. Rozpoczynamy ju\u017c w najbli\u017csz\u0105 sobot\u0119. Na [&hellip;]<\/p>\n","protected":false},"author":1,"featured_media":30657,"comment_status":"closed","ping_status":"closed","sticky":false,"template":"","format":"standard","meta":{"footnotes":""},"categories":[14],"tags":[],"class_list":["post-13848","post","type-post","status-publish","format-standard","has-post-thumbnail","hentry","category-ogloszenia-parafialne"],"_links":{"self":[{"href":"https:\/\/mbfatimska.ovh\/index.php\/wp-json\/wp\/v2\/posts\/13848","targetHints":{"allow":["GET"]}}],"collection":[{"href":"https:\/\/mbfatimska.ovh\/index.php\/wp-json\/wp\/v2\/posts"}],"about":[{"href":"https:\/\/mbfatimska.ovh\/index.php\/wp-json\/wp\/v2\/types\/post"}],"author":[{"embeddable":true,"href":"https:\/\/mbfatimska.ovh\/index.php\/wp-json\/wp\/v2\/users\/1"}],"replies":[{"embeddable":true,"href":"https:\/\/mbfatimska.ovh\/index.php\/wp-json\/wp\/v2\/comments?post=13848"}],"version-history":[{"count":0,"href":"https:\/\/mbfatimska.ovh\/index.php\/wp-json\/wp\/v2\/posts\/13848\/revisions"}],"wp:featuredmedia":[{"embeddable":true,"href":"https:\/\/mbfatimska.ovh\/index.php\/wp-json\/wp\/v2\/media\/30657"}],"wp:attachment":[{"href":"https:\/\/mbfatimska.ovh\/index.php\/wp-json\/wp\/v2\/media?parent=13848"}],"wp:term":[{"taxonomy":"category","embeddable":true,"href":"https:\/\/mbfatimska.ovh\/index.php\/wp-json\/wp\/v2\/categories?post=13848"},{"taxonomy":"post_tag","embeddable":true,"href":"https:\/\/mbfatimska.ovh\/index.php\/wp-json\/wp\/v2\/tags?post=13848"}],"curies":[{"name":"wp","href":"https:\/\/api.w.org\/{rel}","templated":true}]}}