{"id":13854,"date":"2020-12-31T13:03:57","date_gmt":"2020-12-31T12:03:57","guid":{"rendered":"http:\/\/www.mbfatimska.pl\/?p=13854"},"modified":"2020-12-31T13:03:57","modified_gmt":"2020-12-31T12:03:57","slug":"intencje-modlitwy-rozancowej-na-rok-2021","status":"publish","type":"post","link":"https:\/\/mbfatimska.ovh\/index.php\/2020\/12\/31\/intencje-modlitwy-rozancowej-na-rok-2021\/","title":{"rendered":"INTENCJE MODLITWY R\u00d3\u017bA\u0143COWEJ  NA ROK 2021"},"content":{"rendered":"<p><strong><em>Stycze\u0144 2021<\/em><\/strong><\/p>\n<p><strong>Intencja ewangelizacyjna<\/strong>: Braterstwo ludzkie<br \/>\nM\u00f3dlmy si\u0119, aby Pan da\u0142 nam \u0142ask\u0119, by\u015bmy \u017cyli w pe\u0142nym braterstwie z bra\u0107mi i siostrami<br \/>\nz innych religii, modl\u0105c si\u0119 za siebie wzajemnie, z otwarto\u015bci\u0105 na wszystkich.<\/p>\n<p><strong>Intencja parafialna:\u00a0<\/strong>o Bo\u017ce b\u0142ogos\u0142awie\u0144stwo dla rodzin naszej parafii, a zw\u0142aszcza dla nowo zamieszka\u0142ych parafian.<\/p>\n<p><strong><em>\u00a0<\/em><\/strong><\/p>\n<p><strong><em>Luty 2021<\/em><\/strong><\/p>\n<p><strong>Intencja powszechna<\/strong>: Przemoc w stosunku do kobiet<br \/>\nM\u00f3dlmy si\u0119 w intencji kobiet \u2014 ofiar przemocy, aby by\u0142y chronione przez spo\u0142ecze\u0144stwo, a ich cierpienia by\u0142y dostrzegane i wys\u0142uchiwane.<\/p>\n<p><strong>Intencja parafialna:\u00a0<\/strong>o dary Ducha \u015awi\u0119tego i dojrza\u0142\u0105 wiar\u0119 dla m\u0142odzie\u017cy przygotowuj\u0105cej si\u0119 w naszej parafii do sakramentu bierzmowania.<\/p>\n<p>&nbsp;<\/p>\n<p><strong><em>Marzec 2021<\/em><\/strong><\/p>\n<p><strong>Intencja ewangelizacyjna:<\/strong>\u00a0Sakrament pojednania<br \/>\nM\u00f3dlmy si\u0119 o to, aby\u015bmy prze\u017cywali sakrament pojednania z odnowion\u0105 g\u0142\u0119bi\u0105, \u017ceby cieszy\u0107 si\u0119 niesko\u0144czonym mi\u0142osierdziem Bo\u017cym.<\/p>\n<p><strong>Intencja parafialna:\u00a0<\/strong>o nawr\u00f3cenia i duchow\u0105 przemian\u0119 w okresie Wielkiego Postu .<\/p>\n<p>&nbsp;<\/p>\n<p><strong><em>Kwiecie\u0144 2021<\/em><\/strong><\/p>\n<p><strong>Intencja powszechna:<\/strong>\u00a0Podstawowe prawa<br \/>\nM\u00f3dlmy si\u0119 za osoby, kt\u00f3re nara\u017caj\u0105 swoje \u017cycie, walcz\u0105c o podstawowe prawa w dyktaturach, w re\u017cimach autorytarnych, a nawet w prze\u017cywaj\u0105cych kryzys demokracjach.<\/p>\n<p><strong>Intencja parafialna:\u00a0<\/strong>o jedno\u015b\u0107 parafialnych wsp\u00f3lnot duszpasterskich na modlitwie oraz w wype\u0142nianiu woli Boga.<\/p>\n<p>&nbsp;<\/p>\n<p><strong><em>Maj 2021<\/em><\/strong><\/p>\n<p><strong>Intencja ewangelizacyjna<\/strong>: \u015awiat finans\u00f3w<br \/>\nM\u00f3dlmy si\u0119, aby odpowiedzialni za finanse wsp\u00f3\u0142pracowali z rz\u0105dami w celu uregulowania sfery finansowej i chronienia obywateli przed jej zagro\u017ceniami.<\/p>\n<p><strong>Intencja parafialna:\u00a0<\/strong>o rozkochanie si\u0119 w Bogu dzieci, kt\u00f3re w naszej parafii przyjmuj\u0105 pierwsz\u0105 komunie \u015bwi\u0119t\u0105 .<\/p>\n<p>&nbsp;<\/p>\n<p><strong><em>Czerwiec 2021<\/em><\/strong><\/p>\n<p><strong>Intencja ewangelizacyjna:<\/strong>\u00a0Pi\u0119kno ma\u0142\u017ce\u0144stwa<br \/>\nM\u00f3dlmy si\u0119 w intencji ludzi m\u0142odych, kt\u00f3rzy przygotowuj\u0105 si\u0119 do ma\u0142\u017ce\u0144stwa przy wsparciu wsp\u00f3lnoty chrze\u015bcija\u0144skiej \u2014 aby wzrastali w mi\u0142o\u015bci, z wielkoduszno\u015bci\u0105, wierno\u015bci\u0105 i cierpliwo\u015bci\u0105.<\/p>\n<p><strong>Intencja parafialna:\u00a0<\/strong>o \u015bwi\u0119to\u015b\u0107 rodzin, kt\u00f3re mieszkaj\u0105 w naszej parafii.<\/p>\n<p>&nbsp;<\/p>\n<p><strong><em>Lipiec 2021<\/em><\/strong><\/p>\n<p><strong>Intencja powszechna:<\/strong>\u00a0Przyja\u017a\u0144 spo\u0142eczna<br \/>\nM\u00f3dlmy si\u0119, aby\u015bmy w konfliktowych sytuacjach spo\u0142ecznych, gospodarczych i politycznych byli odwa\u017cnymi i pe\u0142nymi pasji tw\u00f3rcami dialogu i przyja\u017ani.<\/p>\n<p><strong>Intencja parafialna:\u00a0<\/strong>o nowe powo\u0142ania do \u017cycia kap\u0142a\u0144skiego, zakonnego i misyjnego z naszej parafii.<\/p>\n<p>&nbsp;<\/p>\n<p><strong><em>Sierpie\u0144 2021<\/em><\/strong><\/p>\n<p><strong>Intencja powszechna<\/strong>: Ko\u015bci\u00f3\u0142<br \/>\nM\u00f3dlmy si\u0119 za Ko\u015bci\u00f3\u0142, aby otrzyma\u0142 od Ducha \u015awi\u0119tego \u0142ask\u0119 i si\u0142\u0119 do reformowania si\u0119 w \u015bwietle Ewangelii.<\/p>\n<p><strong>Intencja parafialna:\u00a0<\/strong>o Bo\u017ce b\u0142ogos\u0142awie\u0144stwo w pracy dla rolnik\u00f3w.<\/p>\n<p>&nbsp;<\/p>\n<p><strong><em>Wrzesie\u0144 2021<\/em><\/strong><\/p>\n<p><strong>Intencja powszechna:<\/strong>\u00a0Ekologicznie zr\u00f3wnowa\u017cony styl \u017cycia<br \/>\nM\u00f3dlmy si\u0119, aby\u015bmy wszyscy dokonywali odwa\u017cnych wybor\u00f3w na rzecz stylu \u017cycia pow\u015bci\u0105gliwego i ekologicznie zr\u00f3wnowa\u017conego, ciesz\u0105c si\u0119 z ludzi m\u0142odych, kt\u00f3rzy si\u0119 w to zdecydowanie anga\u017cuj\u0105.<\/p>\n<p><strong>Intencja parafialna:\u00a0<\/strong>o dobre owoce rozpoczynaj\u0105cego si\u0119 roku szkolnego i katechetycznego.<\/p>\n<p>&nbsp;<\/p>\n<p><strong><em>Pa\u017adziernik 2021<\/em><\/strong><\/p>\n<p><strong>Intencja ewangelizacyjna:<\/strong>\u00a0Uczniowie misjonarze<br \/>\nM\u00f3dlmy si\u0119, aby ka\u017cdy ochrzczony by\u0142 w\u0142\u0105czony w ewangelizacj\u0119, gotowy do misji, poprzez \u015bwiadectwo \u017cycia maj\u0105cego smak Ewangelii.<\/p>\n<p><strong>Intencja parafialna:\u00a0<\/strong>o rozw\u00f3j wsp\u00f3lnot w naszej parafii.<\/p>\n<p>&nbsp;<\/p>\n<p><strong><em>Listopad 2021<\/em><\/strong><\/p>\n<p><strong>Intencja powszechna:<\/strong>\u00a0Osoby cierpi\u0105ce na depresj\u0119<br \/>\nM\u00f3dlmy si\u0119, aby osoby cierpi\u0105ce na depresj\u0119 albo burnout znajdowa\u0142y u wszystkich wsparcie i \u015bwiat\u0142o, otwieraj\u0105ce na \u017cycie.<\/p>\n<p><strong>Intencja parafialna:\u00a0<\/strong>o \u0142ask\u0119 nieba dla zmar\u0142ych z naszej parafii.<\/p>\n<p>&nbsp;<\/p>\n<p><strong><em>Grudzie\u0144 2021<\/em><\/strong><\/p>\n<p><strong>Intencja ewangelizacyjna:\u00a0<\/strong>Katecheci<br \/>\nM\u00f3dlmy si\u0119 za katechet\u00f3w, powo\u0142anych do g\u0142oszenia S\u0142owa Bo\u017cego \u2014 aby byli jego odwa\u017cnymi i kreatywnymi \u015bwiadkami z moc\u0105 Ducha \u015awi\u0119tego.<\/p>\n<p><strong>Intencja parafialna:\u00a0<\/strong>o pe\u0142ne zjednoczenie z Bogiem dla kap\u0142an\u00f3w.<\/p>\n<p>&nbsp;<\/p>\n<p>&nbsp;<\/p>\n","protected":false},"excerpt":{"rendered":"<p>Stycze\u0144 2021 Intencja ewangelizacyjna: Braterstwo ludzkie M\u00f3dlmy si\u0119, aby Pan da\u0142 nam \u0142ask\u0119, by\u015bmy \u017cyli w pe\u0142nym braterstwie z bra\u0107mi i siostrami z innych religii, modl\u0105c si\u0119 za siebie wzajemnie, z otwarto\u015bci\u0105 na wszystkich. Intencja parafialna:\u00a0o Bo\u017ce b\u0142ogos\u0142awie\u0144stwo dla rodzin naszej parafii, a zw\u0142aszcza dla nowo zamieszka\u0142ych parafian. \u00a0 Luty 2021 Intencja powszechna: Przemoc w [&hellip;]<\/p>\n","protected":false},"author":1,"featured_media":13855,"comment_status":"closed","ping_status":"closed","sticky":false,"template":"","format":"standard","meta":{"footnotes":""},"categories":[2,8],"tags":[],"class_list":["post-13854","post","type-post","status-publish","format-standard","has-post-thumbnail","hentry","category-aktualnosci","category-kola-rozancowe"],"_links":{"self":[{"href":"https:\/\/mbfatimska.ovh\/index.php\/wp-json\/wp\/v2\/posts\/13854","targetHints":{"allow":["GET"]}}],"collection":[{"href":"https:\/\/mbfatimska.ovh\/index.php\/wp-json\/wp\/v2\/posts"}],"about":[{"href":"https:\/\/mbfatimska.ovh\/index.php\/wp-json\/wp\/v2\/types\/post"}],"author":[{"embeddable":true,"href":"https:\/\/mbfatimska.ovh\/index.php\/wp-json\/wp\/v2\/users\/1"}],"replies":[{"embeddable":true,"href":"https:\/\/mbfatimska.ovh\/index.php\/wp-json\/wp\/v2\/comments?post=13854"}],"version-history":[{"count":0,"href":"https:\/\/mbfatimska.ovh\/index.php\/wp-json\/wp\/v2\/posts\/13854\/revisions"}],"wp:featuredmedia":[{"embeddable":true,"href":"https:\/\/mbfatimska.ovh\/index.php\/wp-json\/wp\/v2\/media\/13855"}],"wp:attachment":[{"href":"https:\/\/mbfatimska.ovh\/index.php\/wp-json\/wp\/v2\/media?parent=13854"}],"wp:term":[{"taxonomy":"category","embeddable":true,"href":"https:\/\/mbfatimska.ovh\/index.php\/wp-json\/wp\/v2\/categories?post=13854"},{"taxonomy":"post_tag","embeddable":true,"href":"https:\/\/mbfatimska.ovh\/index.php\/wp-json\/wp\/v2\/tags?post=13854"}],"curies":[{"name":"wp","href":"https:\/\/api.w.org\/{rel}","templated":true}]}}