{"id":13873,"date":"2021-01-02T23:47:28","date_gmt":"2021-01-02T22:47:28","guid":{"rendered":"http:\/\/www.mbfatimska.pl\/?p=13873"},"modified":"2021-01-02T23:47:28","modified_gmt":"2021-01-02T22:47:28","slug":"ii-niedziela-narodzenia-panskiego","status":"publish","type":"post","link":"https:\/\/mbfatimska.ovh\/index.php\/2021\/01\/02\/ii-niedziela-narodzenia-panskiego\/","title":{"rendered":"II Niedziela Narodzenia Pa\u0144skiego"},"content":{"rendered":"<ol>\n<li>Dzi\u015b z racji pierwszej niedzieli miesi\u0105ca po Mszy \u015awi\u0119tej o godzinie 12:30 wystawienie Naj\u015bwi\u0119tszego Sakramentu i mo\u017cliwo\u015b\u0107 adoracji do godziny 17:45<\/li>\n<li>R\u00f3wnie\u017c dzisiaj po Mszy \u015awi\u0119tej o godzinie 11:00 podsumowanie uczestnictwa w roratach. Na spotkanie dzieci przynosz\u0105 plansze wyklejanka mi. B\u0119d\u0105 nagrody<\/li>\n<li>W \u015brod\u0119 obchodzi\u0107 b\u0119dziemy uroczysto\u015b\u0107 Objawienia Pa\u0144skiego popularnie nazywane \u015bwi\u0119tem Trzech Kr\u00f3li. Msze \u015awi\u0119te jak w ka\u017cd\u0105 niedziel\u0119. Na ka\u017cdej Mszy \u015awi\u0119tej obrz\u0119d po\u015bwi\u0119cenia kredy i kadzid\u0142a. Ofiary w tym dniu sk\u0142adane za Kadzid\u0142o i kred\u0119 przeznaczone s\u0105 na cele misyjne.<\/li>\n<li>W czwartek pierwszy czwartek miesi\u0105ca. Z racji, \u017ce wieczorem jest sprawowana Msza \u015awi\u0119ta kol\u0119dowa o godzinie 18:45, na nabo\u017ce\u0144stwo I czwartkowe zapraszamy na 15:00. Rozpoczniemy wsp\u00f3ln\u0105 modlitw\u0105 koronk\u0105 do Bo\u017cego Mi\u0142osierdzia, a nast\u0119pnie b\u0119dzie czas na prywatn\u0105 adoracj\u0119 do godziny 16:45.<\/li>\n<li>Za tydzie\u0144 obchodzi\u0107 b\u0119dziemy w ko\u015bciele Uroczysto\u015b\u0107 Chrztu Pa\u0144skiego, kt\u00f3ra b\u0119dzie ko\u0144czy\u0107 okres Bo\u017cego Narodzenia.<\/li>\n<li>B\u00f3g zap\u0142a\u0107 Ko\u0142om \u017bywego R\u00f3\u017ca\u0144ca za z\u0142o\u017cona ofiar\u0119 400 z\u0142 na potrzeby ko\u015bcio\u0142a.<\/li>\n<li>W przysz\u0142\u0105 niedziel\u0119 o godzinie 10:25 katecheza dla dzieci przed pierwsz\u0105 Komuni\u0105 \u015awi\u0119t\u0105 grupa pierwsza.<\/li>\n<li>Rozpocz\u0119li\u015bmy czas kol\u0119dy. Ju\u017c wczoraj do \u015bwi\u0105tyni przybyli mieszka\u0144cy Stanis\u0142awowa II z ulicy Wolskiej numery parzyste. Dzi\u0119kujemy im za obecno\u015b\u0107. Modlitw\u0119, zw\u0142aszcza za przyj\u0119t\u0105 komuni\u0119 \u015bwi\u0119t\u0105. Dzi\u0119kujemy r\u00f3wnie\u017c za z\u0142o\u017cone ofiary na rzecz naszej parafii &#8211; na zakup i za\u0142o\u017cenie paneli fotowoltaicznych, kt\u00f3re zmniejsza zu\u017cycie energii. B\u00f3g zap\u0142a\u0107.<\/li>\n<\/ol>\n<p>W tym tygodniu zapraszamy:<\/p>\n<ul>\n<li>W poniedzia\u0142ek na 18:45 mieszka\u0144c\u00f3w Stanis\u0142awowa II ulica Wolska numery nieparzyste<\/li>\n<li>We wtorek na 18:45 mieszka\u0144c\u00f3w ulicy Radosnej, \u0141\u0105kowej, Letniej, Malinowej, Go\u015bcinnej<\/li>\n<li>W czwartek na 18:45 mieszka\u0144c\u00f3w ulic Kwiatowej, Wi\u015bniowej, Piaskowej 4, 8<\/li>\n<li>W pi\u0105tek na 18:45 mieszka\u0144c\u00f3w ulicy Grudzie numery parzyste<\/li>\n<li>W sobot\u0119 na 16:00 mieszka\u0144c\u00f3w ulicy Grudzie numery nieparzyste, Wsp\u00f3lnej, Polnej (ze Stanis\u0142awowa II), wymarzonej<\/li>\n<\/ul>\n<p>Je\u015bli kto\u015b pragn\u0105\u0142by kol\u0119dy indywidualnej z r\u00f3\u017cnych powod\u00f3w, jest to mo\u017cliwe. W tym celu nale\u017cy si\u0119 zg\u0142osi\u0107 do zakrystii<\/p>\n<ol start=\"9\">\n<li>Zapraszamy na wieczorne spotkania wsp\u00f3lnot modlitewnych:<\/li>\n<\/ol>\n<ul>\n<li>doros\u0142ych we wtorek (\u201ePrzymierze Mi\u0142osierdzia\u201d) i w czwartek (\u201eOdnowa w Duchu \u015aw.\u201d),<\/li>\n<li>m\u0142odzie\u017c w pi\u0105tek (\u201eRuch \u015awiat\u0142o \u2013 \u017bycie\u201d).<\/li>\n<\/ul>\n<p>Z powodu Mszy \u015awi\u0119tych Kol\u0119dowych spotkania wszystkich wsp\u00f3lnot w danym dniu tygodnia zostaj\u0105 przesuni\u0119te na godzin\u0119 19:30.<\/p>\n<ol>\n<li style=\"list-style-type: none;\">\n<ol start=\"10\">\n<li>W styczniu od poniedzia\u0142ku do pi\u0105tku jest sprawowana dodatkowa Msza \u015awi\u0119ta o godzinie 7:30.<\/li>\n<\/ol>\n<\/li>\n<\/ol>\n","protected":false},"excerpt":{"rendered":"<p>Dzi\u015b z racji pierwszej niedzieli miesi\u0105ca po Mszy \u015awi\u0119tej o godzinie 12:30 wystawienie Naj\u015bwi\u0119tszego Sakramentu i mo\u017cliwo\u015b\u0107 adoracji do godziny 17:45 R\u00f3wnie\u017c dzisiaj po Mszy \u015awi\u0119tej o godzinie 11:00 podsumowanie uczestnictwa w roratach. Na spotkanie dzieci przynosz\u0105 plansze wyklejanka mi. B\u0119d\u0105 nagrody W \u015brod\u0119 obchodzi\u0107 b\u0119dziemy uroczysto\u015b\u0107 Objawienia Pa\u0144skiego popularnie nazywane \u015bwi\u0119tem Trzech Kr\u00f3li. Msze [&hellip;]<\/p>\n","protected":false},"author":1,"featured_media":30657,"comment_status":"closed","ping_status":"closed","sticky":false,"template":"","format":"standard","meta":{"footnotes":""},"categories":[14],"tags":[],"class_list":["post-13873","post","type-post","status-publish","format-standard","has-post-thumbnail","hentry","category-ogloszenia-parafialne"],"_links":{"self":[{"href":"https:\/\/mbfatimska.ovh\/index.php\/wp-json\/wp\/v2\/posts\/13873","targetHints":{"allow":["GET"]}}],"collection":[{"href":"https:\/\/mbfatimska.ovh\/index.php\/wp-json\/wp\/v2\/posts"}],"about":[{"href":"https:\/\/mbfatimska.ovh\/index.php\/wp-json\/wp\/v2\/types\/post"}],"author":[{"embeddable":true,"href":"https:\/\/mbfatimska.ovh\/index.php\/wp-json\/wp\/v2\/users\/1"}],"replies":[{"embeddable":true,"href":"https:\/\/mbfatimska.ovh\/index.php\/wp-json\/wp\/v2\/comments?post=13873"}],"version-history":[{"count":0,"href":"https:\/\/mbfatimska.ovh\/index.php\/wp-json\/wp\/v2\/posts\/13873\/revisions"}],"wp:featuredmedia":[{"embeddable":true,"href":"https:\/\/mbfatimska.ovh\/index.php\/wp-json\/wp\/v2\/media\/30657"}],"wp:attachment":[{"href":"https:\/\/mbfatimska.ovh\/index.php\/wp-json\/wp\/v2\/media?parent=13873"}],"wp:term":[{"taxonomy":"category","embeddable":true,"href":"https:\/\/mbfatimska.ovh\/index.php\/wp-json\/wp\/v2\/categories?post=13873"},{"taxonomy":"post_tag","embeddable":true,"href":"https:\/\/mbfatimska.ovh\/index.php\/wp-json\/wp\/v2\/tags?post=13873"}],"curies":[{"name":"wp","href":"https:\/\/api.w.org\/{rel}","templated":true}]}}