{"id":13941,"date":"2021-01-23T08:45:06","date_gmt":"2021-01-23T07:45:06","guid":{"rendered":"http:\/\/www.mbfatimska.pl\/?p=13941"},"modified":"2021-01-23T08:45:06","modified_gmt":"2021-01-23T07:45:06","slug":"ii-niedziela-zwykla","status":"publish","type":"post","link":"https:\/\/mbfatimska.ovh\/index.php\/2021\/01\/23\/ii-niedziela-zwykla\/","title":{"rendered":"II Niedziela Zwyk\u0142a"},"content":{"rendered":"<ol>\n<li>Dzi\u015b o godz. 10:25 katecheza dla dzieci z IV kl. przed rocznic\u0105 I Komunii \u015aw.<\/li>\n<li>Od 8 grudnia 2020 r. prze\u017cywamy w Ko\u015bciele powszechnym Rok \u015bw. J\u00f3zefa. W ka\u017cdy 19 dzie\u0144 miesi\u0105ca (w styczniu to b\u0119dzie najbli\u017cszy wtorek o 18:00) zapraszamy rodziny na Msz\u0119 \u015bw. wotywn\u0105 i litani\u0119 ku czci \u015bw. J\u00f3zefa. Tym, kt\u00f3rzy b\u0119d\u0105 odmawia\u0107 Litani\u0119 do \u015bw. J\u00f3zefa w intencji Ko\u015bcio\u0142a prze\u015bladowanego od wewn\u0105trz i od zewn\u0105trz oraz w intencji ul\u017cenia wszystkim chrze\u015bcijanom, kt\u00f3rzy cierpi\u0105 prze\u015bladowania wszelkiego rodzaju, udziela si\u0119 odpustu zupe\u0142nego.<\/li>\n<li>Rok 2021 jest tak\u017ce Rokiem \u015bw. Jakuba. Penitencjaria Apostolska udzieli\u0142a odpustu zupe\u0142nego tym, kt\u00f3rzy nawiedz\u0105 w formie pielgrzymki jeden z 48 ko\u015bcio\u0142\u00f3w stacyjnych na terenie Polski i pobo\u017cnie odm\u00f3wi\u0105 w nim przypisane modlitwy. W naszej diecezji ko\u015bcio\u0142em stacyjnym jest \u015bwi\u0105tynia \u015bw. Jakuba w Warszawie-Tarchominie (ul. Mehoffera 4)<\/li>\n<li>W pi\u0105tek 22 stycznia zapraszamy na kolejne nabo\u017ce\u0144stwo do \u015bw. Rity. O godz. 17:30 wsp\u00f3lne modlitwy, a o godz. 18:00 Msza \u015aw. R\u00f3\u017ce b\u0119dzie mo\u017cna naby\u0107 przed ko\u015bcio\u0142em<\/li>\n<li>Za tydzie\u0144 go\u015bci\u0107 b\u0119dziemy w naszej parafii wolontariuszy Komitetu Spo\u0142ecznego na rzecz pomocy Maciusiowi, kt\u00f3rzy b\u0119d\u0105 zbiera\u0107 do puszek ofiary na leczenie i rehabilitacj\u0119 ci\u0119\u017cko chorego na autyzm, niepe\u0142nosprawnego Ma\u0107ka Antoszkiewicza<\/li>\n<li>R\u00f3wnie\u017c za tydzie\u0144 zapraszamy na koncert kol\u0119d w wykonaniu naszej scholi \u201eFatima Canta\u201d. o godz. 18:00 na Mszy \u015aw. schola zapewni opraw\u0119 muzyczn\u0105, a nast\u0119pnie, da kr\u00f3tki, cho\u0107 pe\u0142en wra\u017ce\u0144 koncert. B\u0119d\u0105 wykonywane kol\u0119dy tradycyjne i wsp\u00f3\u0142czesne, kt\u00f3re jeszcze raz wprowadz\u0105 nas w tajemnic\u0119 Narodzenia Syna Bo\u017cego Jezusa Chrystusa.<\/li>\n<li>W przysz\u0142\u0105 niedziel\u0119 o godz. 10:25 katecheza dla dzieci z III kl. przed uroczysto\u015bci\u0105 I Komunii \u015aw.<\/li>\n<li>Dnia 24 stycznia 2021 roku, po raz drugi obchodzi\u0107 b\u0119dziemy Niedziel\u0119 S\u0142owa Bo\u017cego. Z tej okazji zapraszamy z w\u0142asnymi egzemplarzami Nowego Testamentu do naszej \u015bwi\u0105tyni po Mszy \u015aw. o 12:30 na wys\u0142uchanie superprodukcji Biblii w formie audiobooka.<\/li>\n<li>Bardzo dzi\u0119kujemy tym rodzinom, kt\u00f3re w minionym tygodniu przyby\u0142y na Msze \u015aw. prosz\u0105c o b\u0142ogos\u0142awie\u0144stwo Bo\u017ce w nowym roku. Dzi\u0119kujemy za obecno\u015b\u0107, modlitw\u0119 i przyjmowanie Komunii \u015aw. Szczeg\u00f3lne podzi\u0119kowania sk\u0142adamy za ofiary z\u0142o\u017cone na rzecz inwestycji, kt\u00f3re chcemy wykona\u0107 w ko\u015bciele i na zewn\u0105trz.<\/li>\n<li>W tym tygodniu na Msze \u015awi\u0119te Kol\u0119dowe zapraszamy mieszka\u0144c\u00f3w zamieszka\u0142ych przy poszczeg\u00f3lnych ulicach:<\/li>\n<\/ol>\n<ul>\n<li>01.2021 r. o 18:45: W\u0105ska, Gen. Roi 2;<\/li>\n<li>01.2021 r. o 18:45: Polna, Gen. Roi 2a, 14, 14a;<\/li>\n<li>01.2021 r. o 18:45: Stru\u017ca\u0144ska \u2013 bloki, Wilcza, Gen. Roi 16;<\/li>\n<li>01.2021 r. o 18:45: S\u0142oneczna, Spacerowa, Gen. Roi \u2013 domki, Gen. Roi 18, 20;<\/li>\n<li>01.2021 r. o 18:45: Gen. Roi 22, 24, 26;<\/li>\n<li>01.2021 r. o 16:00: Wrzosowa, Plantowa, Zaciszna;<\/li>\n<\/ul>\n<ol start=\"11\">\n<li>Dzi\u0119kujemy za prace przy od\u015bnie\u017caniu terenu ko\u015bcio\u0142a w minionym tygodniu, cho\u0107 niekiedy by\u0142a to syzyfowa praca<\/li>\n<li>We wtorek ks. Arkadiusz obchodzi\u0142 dzie\u0144 swoich imienin. Dzisiaj podczas Mszy \u015bw. o godz. 11:00 i 12:30 chcemy mu z\u0142o\u017cy\u0107 najserdeczniejsze \u017cyczenia: Bo\u017cego b\u0142ogos\u0142awie\u0144stwa, opieki M.B. Fatimskiej, ludzkiej \u017cyczliwo\u015bci, zdrowia i wszelkiej pomy\u015blno\u015bci<\/li>\n<\/ol>\n","protected":false},"excerpt":{"rendered":"<p>Dzi\u015b o godz. 10:25 katecheza dla dzieci z IV kl. przed rocznic\u0105 I Komunii \u015aw. Od 8 grudnia 2020 r. prze\u017cywamy w Ko\u015bciele powszechnym Rok \u015bw. J\u00f3zefa. W ka\u017cdy 19 dzie\u0144 miesi\u0105ca (w styczniu to b\u0119dzie najbli\u017cszy wtorek o 18:00) zapraszamy rodziny na Msz\u0119 \u015bw. wotywn\u0105 i litani\u0119 ku czci \u015bw. J\u00f3zefa. Tym, kt\u00f3rzy b\u0119d\u0105 [&hellip;]<\/p>\n","protected":false},"author":1,"featured_media":30657,"comment_status":"closed","ping_status":"closed","sticky":false,"template":"","format":"standard","meta":{"footnotes":""},"categories":[14],"tags":[],"class_list":["post-13941","post","type-post","status-publish","format-standard","has-post-thumbnail","hentry","category-ogloszenia-parafialne"],"_links":{"self":[{"href":"https:\/\/mbfatimska.ovh\/index.php\/wp-json\/wp\/v2\/posts\/13941","targetHints":{"allow":["GET"]}}],"collection":[{"href":"https:\/\/mbfatimska.ovh\/index.php\/wp-json\/wp\/v2\/posts"}],"about":[{"href":"https:\/\/mbfatimska.ovh\/index.php\/wp-json\/wp\/v2\/types\/post"}],"author":[{"embeddable":true,"href":"https:\/\/mbfatimska.ovh\/index.php\/wp-json\/wp\/v2\/users\/1"}],"replies":[{"embeddable":true,"href":"https:\/\/mbfatimska.ovh\/index.php\/wp-json\/wp\/v2\/comments?post=13941"}],"version-history":[{"count":0,"href":"https:\/\/mbfatimska.ovh\/index.php\/wp-json\/wp\/v2\/posts\/13941\/revisions"}],"wp:featuredmedia":[{"embeddable":true,"href":"https:\/\/mbfatimska.ovh\/index.php\/wp-json\/wp\/v2\/media\/30657"}],"wp:attachment":[{"href":"https:\/\/mbfatimska.ovh\/index.php\/wp-json\/wp\/v2\/media?parent=13941"}],"wp:term":[{"taxonomy":"category","embeddable":true,"href":"https:\/\/mbfatimska.ovh\/index.php\/wp-json\/wp\/v2\/categories?post=13941"},{"taxonomy":"post_tag","embeddable":true,"href":"https:\/\/mbfatimska.ovh\/index.php\/wp-json\/wp\/v2\/tags?post=13941"}],"curies":[{"name":"wp","href":"https:\/\/api.w.org\/{rel}","templated":true}]}}