{"id":13943,"date":"2021-01-23T16:40:41","date_gmt":"2021-01-23T15:40:41","guid":{"rendered":"http:\/\/www.mbfatimska.pl\/?p=13943"},"modified":"2021-01-23T16:40:41","modified_gmt":"2021-01-23T15:40:41","slug":"3-niedziela-zwykla","status":"publish","type":"post","link":"https:\/\/mbfatimska.ovh\/index.php\/2021\/01\/23\/3-niedziela-zwykla\/","title":{"rendered":"3 Niedziela Zwyk\u0142a"},"content":{"rendered":"<ol>\n<li>W dzi\u015b przed ko\u015bcio\u0142em s\u0105 zbierane ofiary na leczenie ci\u0119\u017cko chorego Ma\u0107ka. Ch\u0142opiec jest niepe\u0142nosprawny w powa\u017cnym stopniu oraz choruje na autyzm.<\/li>\n<li>R\u00f3wnie\u017c dzisiaj o godz. 10:25 katecheza dla dzieci z kl. III SP przed I Komuni\u0105 \u015aw., a o godz. 16:00 spotkanie formacyjne dla kandydat\u00f3w do Sakramentu Bierzmowania.<\/li>\n<li>Z racji dzisiejszej Niedzieli S\u0142owa Bo\u017cego od 13:30 do 16:00 w ko\u015bciele b\u0119dziemy mogli wys\u0142ucha\u0107 Ewangelii wg \u015aw. Marka i List\u00f3w \u015bw. Jana. Zapraszamy by po obiedzie w ramach spaceru przyj\u015b\u0107 do ko\u015bcio\u0142a z w\u0142asnym egzemplarzem Pisma \u015awi\u0119tego Nowego Testamentu i chwil\u0119 zas\u0142ucha\u0107 si\u0119 w S\u0142owo Bo\u017ce.<\/li>\n<li>R\u00f3wnie\u017c dzisiaj po Mszy \u015aw. o godz. 18:00 nasza schola Fatima Canta da koncert kol\u0119d. Wcze\u015bniej schola zapewni r\u00f3wnie\u017c opraw\u0119 Mszy \u015aw.<\/li>\n<li>W pi\u0105tek o godz. 18:00 zostanie odprawiona Msza \u015aw. wypominkowa za naszych bliskich zmar\u0142ych.<\/li>\n<li>W tym tygodniu ko\u0144czymy czas naszych wsp\u00f3lnych spotka\u0144 w ramach Mszy \u015aw. kol\u0119dowych o godz. 18:45. Zapraszamy mieszka\u0144c\u00f3w poszczeg\u00f3lnych ulic:<\/li>\n<\/ol>\n<ul>\n<li>w poniedzia\u0142ek: Gen. Roi 28, 30, 32, 34<\/li>\n<li>we wtorek: Gen. Roi 36, 38, 40, \u017bwirki, Wigury, Balonowa<\/li>\n<li>w \u015brod\u0119 zapraszamy dodatkowo te rodziny, kt\u00f3re w wyznaczonym czasie nie mog\u0142y wzi\u0105\u0107 udzia\u0142u w Eucharystii kol\u0119dowej. Zapraszamy tak\u017ce w tym dniu pozosta\u0142e rodziny z innych parafii, kt\u00f3re pragn\u0105 tak\u0105 Msz\u0119 prze\u017cy\u0107 w naszej \u015bwi\u0105tyni.<\/li>\n<\/ul>\n<ol start=\"7\">\n<li>Bardzo serdecznie dzi\u0119kujemy tym, kt\u00f3rzy otworzyli si\u0119 na S\u0142owo Bo\u017ce i uczestniczyli we Mszach \u015aw. kol\u0119dowych. Dzi\u0119kujemy za obecno\u015b\u0107, modlitw\u0119, Komuni\u0119 \u015aw. i z\u0142o\u017cone ofiary na rzecz inwestycji, kt\u00f3re b\u0119d\u0105 realizowane w parafii w tym roku.<\/li>\n<li>Jutro nad drzwiami wej\u015bciowymi mi\u0119dzy szopk\u0105 a kaplic\u0105 \u015aw. Jana Paw\u0142a II b\u0119dzie montowana mozaika przedstawiaj\u0105ca obraz \u201e\u015awiat\u0142o\u015b\u0107 \u015awiata\u201d. Zast\u0105pi ona tymczasowy obraz-replik\u0119, kt\u00f3ra si\u0119 tam znajduje.<\/li>\n<\/ol>\n","protected":false},"excerpt":{"rendered":"<p>W dzi\u015b przed ko\u015bcio\u0142em s\u0105 zbierane ofiary na leczenie ci\u0119\u017cko chorego Ma\u0107ka. Ch\u0142opiec jest niepe\u0142nosprawny w powa\u017cnym stopniu oraz choruje na autyzm. R\u00f3wnie\u017c dzisiaj o godz. 10:25 katecheza dla dzieci z kl. III SP przed I Komuni\u0105 \u015aw., a o godz. 16:00 spotkanie formacyjne dla kandydat\u00f3w do Sakramentu Bierzmowania. Z racji dzisiejszej Niedzieli S\u0142owa Bo\u017cego [&hellip;]<\/p>\n","protected":false},"author":1,"featured_media":30657,"comment_status":"closed","ping_status":"closed","sticky":false,"template":"","format":"standard","meta":{"footnotes":""},"categories":[14],"tags":[],"class_list":["post-13943","post","type-post","status-publish","format-standard","has-post-thumbnail","hentry","category-ogloszenia-parafialne"],"_links":{"self":[{"href":"https:\/\/mbfatimska.ovh\/index.php\/wp-json\/wp\/v2\/posts\/13943","targetHints":{"allow":["GET"]}}],"collection":[{"href":"https:\/\/mbfatimska.ovh\/index.php\/wp-json\/wp\/v2\/posts"}],"about":[{"href":"https:\/\/mbfatimska.ovh\/index.php\/wp-json\/wp\/v2\/types\/post"}],"author":[{"embeddable":true,"href":"https:\/\/mbfatimska.ovh\/index.php\/wp-json\/wp\/v2\/users\/1"}],"replies":[{"embeddable":true,"href":"https:\/\/mbfatimska.ovh\/index.php\/wp-json\/wp\/v2\/comments?post=13943"}],"version-history":[{"count":0,"href":"https:\/\/mbfatimska.ovh\/index.php\/wp-json\/wp\/v2\/posts\/13943\/revisions"}],"wp:featuredmedia":[{"embeddable":true,"href":"https:\/\/mbfatimska.ovh\/index.php\/wp-json\/wp\/v2\/media\/30657"}],"wp:attachment":[{"href":"https:\/\/mbfatimska.ovh\/index.php\/wp-json\/wp\/v2\/media?parent=13943"}],"wp:term":[{"taxonomy":"category","embeddable":true,"href":"https:\/\/mbfatimska.ovh\/index.php\/wp-json\/wp\/v2\/categories?post=13943"},{"taxonomy":"post_tag","embeddable":true,"href":"https:\/\/mbfatimska.ovh\/index.php\/wp-json\/wp\/v2\/tags?post=13943"}],"curies":[{"name":"wp","href":"https:\/\/api.w.org\/{rel}","templated":true}]}}