{"id":14008,"date":"2021-01-28T11:48:20","date_gmt":"2021-01-28T10:48:20","guid":{"rendered":"http:\/\/www.mbfatimska.pl\/?p=14008"},"modified":"2021-01-28T11:48:20","modified_gmt":"2021-01-28T10:48:20","slug":"o-nas","status":"publish","type":"post","link":"https:\/\/mbfatimska.ovh\/index.php\/2021\/01\/28\/o-nas\/","title":{"rendered":"O nas"},"content":{"rendered":"<p><strong>Odnowa w Duchu \u015awi\u0119tym<\/strong><\/p>\n<p><img fetchpriority=\"high\" decoding=\"async\" class=\"wp-image-14016 size-full aligncenter\" src=\"http:\/\/www.mbfatimska.pl\/wp-content\/uploads\/2021\/01\/odnowa_logo-286x300-1.png\" alt=\"\" width=\"286\" height=\"300\" \/><\/p>\n<p><strong><em>O nas s\u0142\u00f3w kilka\u2026<\/em><\/strong><\/p>\n<p>Wsp\u00f3lnota Katolickiej Odnowy w Duchu \u015awi\u0119tym przy Parafii Matki Bo\u017cej Fatimskiej w Legionowie zawi\u0105za\u0142a si\u0119 w <strong>czwartek 7 stycznia 2021r<\/strong>. po Rekolekcjach Ewangelizacyjnych Odnowy <strong>(REO),<\/strong> kt\u00f3re rozpocz\u0119\u0142y si\u0119 <strong>24 wrze\u015bnia 2020r<\/strong>. Grupa obecnie \u00a0liczy ok. 15 os\u00f3b<br \/>\nw r\u00f3\u017cnym wieku. Pierwszym liderem wsp\u00f3lnoty zosta\u0142a Monika Woszczyk.<\/p>\n<p><strong><em>Opiekunem grupy jest ks. Marek Nowak.<\/em><\/strong><\/p>\n<p>&nbsp;<\/p>\n<p>S\u0142owo Bo\u017ce, kt\u00f3re nas prowadzi to:<strong><em><br \/>\n<\/em><\/strong><strong><em>\u201d Zr\u00f3bcie wszystko, cokolwiek Wam powie\u201d<\/em><\/strong> <strong><em>(J 2, 5)<\/em><\/strong><\/p>\n<p>Chcemy tak, jak Maryja swoim s\u0142owem i \u017cyciem zawsze wskazywa\u0107 na Jezusa, na pos\u0142usze\u0144stwo Jemu i Jego nauczaniu, a zw\u0142aszcza przykazaniu mi\u0142o\u015bci i tak, jak Maryja m\u00f3wi\u0107 Bogu <em>\u201efiat\u201d, <\/em>\u00a0podejmuj\u0105c pos\u0142ugi, do kt\u00f3rych nas wzywa.<\/p>\n<p>Oddajemy si\u0119 Jej w opiek\u0119. Pragniemy, \u00a0by modli\u0142a si\u0119 o Ducha \u015awi\u0119tego dla nas, na kt\u00f3rego dzia\u0142anie pragniemy si\u0119 nieustannie otwiera\u0107 i tak, \u00a0jak Ona ca\u0142kowicie podda\u0107<br \/>\nnasze \u017cycie Jego prowadzeniu.<\/p>\n<p><strong><em>Spotkania modlitewne<\/em><\/strong><\/p>\n<p>Spotkania modlitewne naszej grupy maj\u0105 <u>charakter otwarty<\/u>, wi\u0119c nie trzeba by\u0107 jej cz\u0142onkiem, \u00a0czy te\u017c nie trzeba mie\u0107 jakiego\u015b specjalnego przygotowania, by przyj\u015b\u0107<br \/>\ni do\u0142\u0105czy\u0107 do nas na modlitwie.\u00a0Spotkania odbywaj\u0105 si\u0119 <strong>w ka\u017cdy poniedzia\u0142ek<\/strong> po wieczornej Mszy \u015awi\u0119tej i ewentualnych nabo\u017ce\u0144stwach, wynikaj\u0105cych z Roku Liturgicznego w <strong>salce pod zakrysti\u0105.<\/strong><\/p>\n<p><strong>Zapraszamy serdecznie!<\/strong><\/p>\n<p><strong><em>Harmonogram spotka\u0144<\/em><\/strong><\/p>\n<ol>\n<li><strong>poniedzia\u0142ek miesi\u0105ca \u2013 <\/strong>spotkanie integracyjne<\/li>\n<li><strong>poniedzia\u0142ek miesi\u0105ca \u2013 <\/strong>spotkanie modlitewne z rozwa\u017caniem S\u0142owa Bo\u017cego<\/li>\n<li><strong>poniedzia\u0142ek miesi\u0105ca \u2013<\/strong> spotkanie formacyjne\/ konferencja<\/li>\n<li><strong>poniedzia\u0142ek miesi\u0105ca \u2013<\/strong> grupki dzielenia<\/li>\n<\/ol>\n<p>&nbsp;<\/p>\n<p>&nbsp;<\/p>\n","protected":false},"excerpt":{"rendered":"<p>Odnowa w Duchu \u015awi\u0119tym O nas s\u0142\u00f3w kilka\u2026 Wsp\u00f3lnota Katolickiej Odnowy w Duchu \u015awi\u0119tym przy Parafii Matki Bo\u017cej Fatimskiej w Legionowie zawi\u0105za\u0142a si\u0119 w czwartek 7 stycznia 2021r. po Rekolekcjach Ewangelizacyjnych Odnowy (REO), kt\u00f3re rozpocz\u0119\u0142y si\u0119 24 wrze\u015bnia 2020r. Grupa obecnie \u00a0liczy ok. 15 os\u00f3b w r\u00f3\u017cnym wieku. Pierwszym liderem wsp\u00f3lnoty zosta\u0142a Monika Woszczyk. Opiekunem [&hellip;]<\/p>\n","protected":false},"author":1,"featured_media":14010,"comment_status":"closed","ping_status":"closed","sticky":false,"template":"","format":"standard","meta":{"footnotes":""},"categories":[2,13],"tags":[],"class_list":["post-14008","post","type-post","status-publish","format-standard","has-post-thumbnail","hentry","category-aktualnosci","category-odnowa-w-duchu-swietym"],"_links":{"self":[{"href":"https:\/\/mbfatimska.ovh\/index.php\/wp-json\/wp\/v2\/posts\/14008","targetHints":{"allow":["GET"]}}],"collection":[{"href":"https:\/\/mbfatimska.ovh\/index.php\/wp-json\/wp\/v2\/posts"}],"about":[{"href":"https:\/\/mbfatimska.ovh\/index.php\/wp-json\/wp\/v2\/types\/post"}],"author":[{"embeddable":true,"href":"https:\/\/mbfatimska.ovh\/index.php\/wp-json\/wp\/v2\/users\/1"}],"replies":[{"embeddable":true,"href":"https:\/\/mbfatimska.ovh\/index.php\/wp-json\/wp\/v2\/comments?post=14008"}],"version-history":[{"count":0,"href":"https:\/\/mbfatimska.ovh\/index.php\/wp-json\/wp\/v2\/posts\/14008\/revisions"}],"wp:featuredmedia":[{"embeddable":true,"href":"https:\/\/mbfatimska.ovh\/index.php\/wp-json\/wp\/v2\/media\/14010"}],"wp:attachment":[{"href":"https:\/\/mbfatimska.ovh\/index.php\/wp-json\/wp\/v2\/media?parent=14008"}],"wp:term":[{"taxonomy":"category","embeddable":true,"href":"https:\/\/mbfatimska.ovh\/index.php\/wp-json\/wp\/v2\/categories?post=14008"},{"taxonomy":"post_tag","embeddable":true,"href":"https:\/\/mbfatimska.ovh\/index.php\/wp-json\/wp\/v2\/tags?post=14008"}],"curies":[{"name":"wp","href":"https:\/\/api.w.org\/{rel}","templated":true}]}}