{"id":14047,"date":"2021-02-06T21:24:22","date_gmt":"2021-02-06T20:24:22","guid":{"rendered":"http:\/\/www.mbfatimska.pl\/?p=14047"},"modified":"2021-02-06T21:24:22","modified_gmt":"2021-02-06T20:24:22","slug":"5-niedziela-zwykla","status":"publish","type":"post","link":"https:\/\/mbfatimska.ovh\/index.php\/2021\/02\/06\/5-niedziela-zwykla\/","title":{"rendered":"5 Niedziela zwyk\u0142a"},"content":{"rendered":"<ol>\n<li>Dzisiaj, jak s\u0142yszeli\u015bmy tydzie\u0144 temu, z inicjatywy Rycerzy \u015bw. Jana Paw\u0142a II przed ko\u015bcio\u0142em zbierane s\u0105 ofiary na rzecz Domu Samotnej Matki prowadzonego przez siostry Urszulanki w Legionowie.<\/li>\n<li>R\u00f3wnie\u017c dzi\u015b z racji I Niedzieli miesi\u0105ca po Mszy \u015aw. o godz. 12:30 wystawienie Naj\u015bwi\u0119tszego Sakramentu i mo\u017cliwo\u015b\u0107 Adoracji do godz. 17:50. Po wystawieniu (ok. 13:45) zebranie dla K\u00f3\u0142 \u017bywego R\u00f3\u017ca\u0144ca<\/li>\n<li>W poniedzia\u0142ek o godzinie 19:00 w ko\u015bciele odb\u0119dzie si\u0119 spotkanie formacyjno-informacyjne dla rodzic\u00f3w dzieci przygotowuj\u0105cych si\u0119 do I Komunii \u015aw. W tym samym czasie w kawiarence spotka si\u0119 grupa Duszpasterstwa \u201eTalent\u201d skupiaj\u0105ca przedsi\u0119biorc\u00f3w i w\u0142a\u015bcicieli firm.<\/li>\n<li>We wtorek w godz. 17-19:00 w budynku Centrum Pomocy Rodzinie b\u0119dzie nieodp\u0142atnie przyjmowa\u0142 prawnik.<\/li>\n<li>W czwartek, w liturgiczne wspomnienie NMP z Lourdes obchodzimy 29 \u015awiatowy Dzie\u0144 Chorego. W naszej parafii program przedstawia si\u0119 nast\u0119puj\u0105co:<\/li>\n<\/ol>\n<p>9:00 \u2013 Msza \u015aw. w intencji chorych z sakramentem Namaszczenia Chorych<br \/>\n17:00 \u2013 Msza \u015aw. parafialna<br \/>\n18:00 \u2013 Msza \u015aw. z modlitw\u0105 za chorych<br \/>\n18:45 \u2013 R\u00f3\u017caniec w intencji chorych i adoracji Naj\u015bwi\u0119tszego Sakramentu z indywidualnym b\u0142ogos\u0142awie\u0144stwem na zako\u0144czenie<\/p>\n<ol start=\"6\">\n<li>W pi\u0105tek o godz. 7:30 zostanie odprawiona Msza \u015aw. w intencji przedsi\u0119biorc\u00f3w, pracownik\u00f3w, kontrahent\u00f3w i ich rodzin z terenu Legionowa z pro\u015bb\u0105 do M. B. Fatimskiej o opiek\u0119.<\/li>\n<li>Dzi\u0119kujemy wszystkim paniom i panom za pomoc w rozbieraniu dekoracji \u015bwi\u0105tecznych w \u015brod\u0119 oraz za porz\u0105dkowanie terenu ko\u015bcielnego w sobot\u0119.<\/li>\n<li>W przysz\u0142\u0105 niedziel\u0119 odb\u0119d\u0105 si\u0119 nast\u0119puj\u0105ce spotkania:<\/li>\n<\/ol>\n<ul>\n<li>o godz. 10:25 \u2013 katecheza w ko\u015bciele dla dzieci kl. III SP przed I Komuni\u0105 \u015aw. \u2013 gr. I<\/li>\n<li>o godz. 16:00 \u2013 katecheza w sali pod kancelari\u0105 dla kandydat\u00f3w do Sakramentu Bierzmowania<\/li>\n<li>o godz. 19:00 \u2013 w sali pod kancelari\u0105 konferencja dla zakochanych i ma\u0142\u017ce\u0144stw pt.: <em>Przez \u015bmiech do lepszego ma\u0142\u017ce\u0144stwa<\/em>.<\/li>\n<\/ul>\n","protected":false},"excerpt":{"rendered":"<p>Dzisiaj, jak s\u0142yszeli\u015bmy tydzie\u0144 temu, z inicjatywy Rycerzy \u015bw. Jana Paw\u0142a II przed ko\u015bcio\u0142em zbierane s\u0105 ofiary na rzecz Domu Samotnej Matki prowadzonego przez siostry Urszulanki w Legionowie. R\u00f3wnie\u017c dzi\u015b z racji I Niedzieli miesi\u0105ca po Mszy \u015aw. o godz. 12:30 wystawienie Naj\u015bwi\u0119tszego Sakramentu i mo\u017cliwo\u015b\u0107 Adoracji do godz. 17:50. Po wystawieniu (ok. 13:45) zebranie [&hellip;]<\/p>\n","protected":false},"author":1,"featured_media":30657,"comment_status":"closed","ping_status":"closed","sticky":false,"template":"","format":"standard","meta":{"footnotes":""},"categories":[9,14],"tags":[],"class_list":["post-14047","post","type-post","status-publish","format-standard","has-post-thumbnail","hentry","category-komunia","category-ogloszenia-parafialne"],"_links":{"self":[{"href":"https:\/\/mbfatimska.ovh\/index.php\/wp-json\/wp\/v2\/posts\/14047","targetHints":{"allow":["GET"]}}],"collection":[{"href":"https:\/\/mbfatimska.ovh\/index.php\/wp-json\/wp\/v2\/posts"}],"about":[{"href":"https:\/\/mbfatimska.ovh\/index.php\/wp-json\/wp\/v2\/types\/post"}],"author":[{"embeddable":true,"href":"https:\/\/mbfatimska.ovh\/index.php\/wp-json\/wp\/v2\/users\/1"}],"replies":[{"embeddable":true,"href":"https:\/\/mbfatimska.ovh\/index.php\/wp-json\/wp\/v2\/comments?post=14047"}],"version-history":[{"count":0,"href":"https:\/\/mbfatimska.ovh\/index.php\/wp-json\/wp\/v2\/posts\/14047\/revisions"}],"wp:featuredmedia":[{"embeddable":true,"href":"https:\/\/mbfatimska.ovh\/index.php\/wp-json\/wp\/v2\/media\/30657"}],"wp:attachment":[{"href":"https:\/\/mbfatimska.ovh\/index.php\/wp-json\/wp\/v2\/media?parent=14047"}],"wp:term":[{"taxonomy":"category","embeddable":true,"href":"https:\/\/mbfatimska.ovh\/index.php\/wp-json\/wp\/v2\/categories?post=14047"},{"taxonomy":"post_tag","embeddable":true,"href":"https:\/\/mbfatimska.ovh\/index.php\/wp-json\/wp\/v2\/tags?post=14047"}],"curies":[{"name":"wp","href":"https:\/\/api.w.org\/{rel}","templated":true}]}}