{"id":14090,"date":"2021-02-27T20:31:25","date_gmt":"2021-02-27T19:31:25","guid":{"rendered":"http:\/\/www.mbfatimska.pl\/?p=14090"},"modified":"2021-02-27T20:31:25","modified_gmt":"2021-02-27T19:31:25","slug":"ii-niedziela-wielkiego-postu","status":"publish","type":"post","link":"https:\/\/mbfatimska.ovh\/index.php\/2021\/02\/27\/ii-niedziela-wielkiego-postu\/","title":{"rendered":"II Niedziela Wielkiego Postu"},"content":{"rendered":"<ol>\n<li>Dzi\u015b o godzinie 10:25 katecheza dla dzieci klas trzecich szko\u0142y podstawowej przed pierwsz\u0105 Komuni\u0105 \u015awi\u0119t\u0105 &#8211; grupa druga.<\/li>\n<li>O godzinie 16:30 sali pod zakrysti\u0119 odb\u0119dzie si\u0119 spotkanie pielgrzym\u00f3w niedosz\u0142ej pielgrzymki do Gruzji i Armenii celem odbioru wp\u0142aconych zaliczek na pielgrzymk\u0119. Obecno\u015b\u0107 obowi\u0105zkowa W okresie Wielkiego Postu we wtorki b\u0119dzie mo\u017cliwo\u015b\u0107 dodatkowej Adoracji Naj\u015bwi\u0119tszego Sakramentu w ciszy w godzinach 18:30 do 20:00.<\/li>\n<li>Zapraszamy na nabo\u017ce\u0144stwa wielkopostne:<\/li>\n<\/ol>\n<ul>\n<li>Droga krzy\u017cowa w pi\u0105tki: 16:30 dla dzieci i 18:45 dla m\u0142odzie\u017cy i doros\u0142ych<\/li>\n<li>Gorzkie \u017cale w niedziel\u0119 o 17:15<\/li>\n<\/ul>\n<ol start=\"4\">\n<li>Jutro w godz. 18-20 b\u0119dzie nieodp\u0142atnie przyjmowa\u0142 psycholog. W przysz\u0142y wtorek w godz. 17-19 b\u0119dzie mo\u017cna r\u00f3wnie\u017c nieodp\u0142atnie skorzysta\u0107 z porad prawnika.<\/li>\n<li>W tym tygodniu przypada<\/li>\n<\/ol>\n<ul>\n<li>I czwartek miesi\u0105ca &#8211; po Mszy \u015aw. O godz. 18:00 wystawienie Naj\u015bwi\u0119tszego Sakramentu, koronka do Bo\u017cego Mi\u0142osierdzia i mo\u017cliwo\u015b\u0107 adoracji do godz. 21.<\/li>\n<li>I pi\u0105tek miesi\u0105ca &#8211; spowied\u017a w godz. 16:15-18:30<\/li>\n<li>I sobota miesi\u0105ca &#8211; Nabo\u017ce\u0144stwo Wynagradzaj\u0105ce Niepokalanemu Sercu Naj\u015bwi\u0119tszej Maryi Panny odb\u0119dzie si\u0119 po Mszy \u015aw. O godz. 18.00 i b\u0119dzie trwa\u0142o do godz. 20.00<\/li>\n<li>I niedziela miesi\u0105ca &#8211; po Mszy \u015aw. O godz. 12:30 wystawienie Naj\u015bwi\u0119tszego Sakramentu<br \/>\ni mo\u017cliwo\u015b\u0107 w ciszy, w samotno\u015bci adoracji do godz. 17:15, do momentu rozpocz\u0119cia nabo\u017ce\u0144stwa Gorzkich \u017bali<\/li>\n<\/ul>\n<ol start=\"6\">\n<li>W pi\u0105tek o godz. 19.15 w ko\u015bciele konferencja przed chrzcielna. Bior\u0105 w niej udzia\u0142 osoby, kt\u00f3re b\u0119d\u0105 chrzci\u0107 dzieci w naszej parafii b\u0105d\u017a b\u0119d\u0105 prosi\u0107 o zgod\u0119 do innej parafii oraz dla kandydat\u00f3w na rodzic\u00f3w chrzestnych oraz samych chrzestnych pochodz\u0105cych z naszej parafii<\/li>\n<li>W czwartek 4 marca obchodzi\u0107 b\u0119dziemy wspomnienie liturgiczne \u015bw. Kazimierza. Tego dnia w spos\u00f3b szczeg\u00f3lny pami\u0119tajmy o naszym biskupie seniorze Kazimierzu Romaniuku prosz\u0105c dla niego o zdrowie, si\u0142\u0119 i b\u0142ogos\u0142awie\u0144stwo Bo\u017ce<\/li>\n<li>Moi drodzy. Ju\u017c prawie rok jak wszyscy zmagamy si\u0119 z pandemi\u0105. Jak widzimy na przestrzeni tego roku ze wzgl\u0119du na wirusa jest nas mniej w ko\u015bciele. By\u0142y i takie miesi\u0105ce, \u017ce mog\u0142o by\u0107 zaledwie kilka os\u00f3b. Koszty utrzymania, zw\u0142aszcza pr\u0105d i ciep\u0142o czy ko\u015bci\u00f3\u0142 jest pe\u0142en czy nie. Niestety w tym roku energia bardzo znacznie zdro\u017ca\u0142a, a to za spraw\u0105 nowych podatk\u00f3w, gaz pozosta\u0142 na tym samym poziomie. W ubieg\u0142ym tygodniu tylko za sam gaz i pr\u0105d za okres od 1 stycznia do po\u0142owy lutego (mniej wi\u0119cej) trzeba by\u0142o zap\u0142aci\u0107 sum\u0119 13\u00a0332 z\u0142. Prosi\u0142bym by taca z przysz\u0142ej niedzieli by\u0142a przeznaczona min. na ten cel. Przez ten trudny czas nigdy nie m\u00f3wili\u015bmy o kosztach utrzymania, ale kiedy chce si\u0119 r\u00f3wnie\u017c przeprowadzi\u0107 pewne inwestycje w \u015bwi\u0105tyni i na zewn\u0105trz to trudno to wszystko pogodzi\u0107. Prosz\u0119 o zrozumienie i przychylno\u015b\u0107.<\/li>\n<li>W dobie epidemii wielu osobom brakuje wody \u015bwi\u0119conej by m\u00f3c prze\u017cegna\u0107 si\u0119 wchodz\u0105c do ko\u015bcio\u0142a. W odpowiedzi na ich sugestie i pro\u015bby w ubieg\u0142ym tygodniu zakupili\u015bmy 3 bezdotykowe kropielnice, by w spos\u00f3b bezpieczny i higieniczny korzysta\u0107 z wody \u015bwi\u0119conej.<\/li>\n<li>Ju\u017c coraz bardziej czu\u0107 wiosn\u0119. Dzi\u0119kujemy panom i paniom za trud porz\u0105dkowania terenu ko\u015bcielnego. W tym tygodniu w pi\u0105tek i w sobot\u0119 r\u00f3wnie\u017c prosimy o pomoc.<\/li>\n<li>Zach\u0119camy do przekazania 1% ze swoich podatk\u00f3w na rzecz Legionowskiego Stowarzyszenia AMICUS, kt\u00f3re dzia\u0142a w parafii, w mie\u015bcie, w powiecie i poza granicami. KRS podany jest w biuletynie oraz na ulotkach.<\/li>\n<\/ol>\n<p>&nbsp;<\/p>\n","protected":false},"excerpt":{"rendered":"<p>Dzi\u015b o godzinie 10:25 katecheza dla dzieci klas trzecich szko\u0142y podstawowej przed pierwsz\u0105 Komuni\u0105 \u015awi\u0119t\u0105 &#8211; grupa druga. O godzinie 16:30 sali pod zakrysti\u0119 odb\u0119dzie si\u0119 spotkanie pielgrzym\u00f3w niedosz\u0142ej pielgrzymki do Gruzji i Armenii celem odbioru wp\u0142aconych zaliczek na pielgrzymk\u0119. Obecno\u015b\u0107 obowi\u0105zkowa W okresie Wielkiego Postu we wtorki b\u0119dzie mo\u017cliwo\u015b\u0107 dodatkowej Adoracji Naj\u015bwi\u0119tszego Sakramentu w [&hellip;]<\/p>\n","protected":false},"author":1,"featured_media":30657,"comment_status":"closed","ping_status":"closed","sticky":false,"template":"","format":"standard","meta":{"footnotes":""},"categories":[14],"tags":[],"class_list":["post-14090","post","type-post","status-publish","format-standard","has-post-thumbnail","hentry","category-ogloszenia-parafialne"],"_links":{"self":[{"href":"https:\/\/mbfatimska.ovh\/index.php\/wp-json\/wp\/v2\/posts\/14090","targetHints":{"allow":["GET"]}}],"collection":[{"href":"https:\/\/mbfatimska.ovh\/index.php\/wp-json\/wp\/v2\/posts"}],"about":[{"href":"https:\/\/mbfatimska.ovh\/index.php\/wp-json\/wp\/v2\/types\/post"}],"author":[{"embeddable":true,"href":"https:\/\/mbfatimska.ovh\/index.php\/wp-json\/wp\/v2\/users\/1"}],"replies":[{"embeddable":true,"href":"https:\/\/mbfatimska.ovh\/index.php\/wp-json\/wp\/v2\/comments?post=14090"}],"version-history":[{"count":0,"href":"https:\/\/mbfatimska.ovh\/index.php\/wp-json\/wp\/v2\/posts\/14090\/revisions"}],"wp:featuredmedia":[{"embeddable":true,"href":"https:\/\/mbfatimska.ovh\/index.php\/wp-json\/wp\/v2\/media\/30657"}],"wp:attachment":[{"href":"https:\/\/mbfatimska.ovh\/index.php\/wp-json\/wp\/v2\/media?parent=14090"}],"wp:term":[{"taxonomy":"category","embeddable":true,"href":"https:\/\/mbfatimska.ovh\/index.php\/wp-json\/wp\/v2\/categories?post=14090"},{"taxonomy":"post_tag","embeddable":true,"href":"https:\/\/mbfatimska.ovh\/index.php\/wp-json\/wp\/v2\/tags?post=14090"}],"curies":[{"name":"wp","href":"https:\/\/api.w.org\/{rel}","templated":true}]}}