{"id":14102,"date":"2021-03-14T00:00:22","date_gmt":"2021-03-13T23:00:22","guid":{"rendered":"http:\/\/www.mbfatimska.pl\/?p=14102"},"modified":"2021-03-14T00:00:22","modified_gmt":"2021-03-13T23:00:22","slug":"iv-niedziela-wielkiego-postu-2","status":"publish","type":"post","link":"https:\/\/mbfatimska.ovh\/index.php\/2021\/03\/14\/iv-niedziela-wielkiego-postu-2\/","title":{"rendered":"IV Niedziela Wielkiego Postu"},"content":{"rendered":"<ol>\n<li>Dzi\u015b o 10:25 odb\u0119dzie si\u0119 spotkanie dla dzieci przygotowuj\u0105cych si\u0119 do I Komunii \u015bw. (gr. I), a o 16:00 w ko\u015bciele spotkanie dla kandydat\u00f3w do Sakramentu Bierzmowania.<\/li>\n<li>W \u015brod\u0119 rozpocz\u0119li\u015bmy nowenn\u0119 przed uroczysto\u015bci\u0105 \u015bw. J\u00f3zefa, Oblubie\u0144ca NMP. Ka\u017cdego dnia po wieczornej Mszy \u015awi\u0119tej o 18:00 zach\u0119camy do wsp\u00f3lnego rozwa\u017cania i litanii. Dzi\u015b ta nowenna b\u0119dzie odprawiona po nabo\u017ce\u0144stwie gorzkich \u017cali.<\/li>\n<li>Jutro o godz. 7:00 zostanie odprawiona Msza \u015aw. w intencji firm dzia\u0142aj\u0105cych na legionowskim rynku. Za wstawiennictwem M. B. Fatimskiej b\u0119dziemy modli\u0107 si\u0119 o Bo\u017ce b\u0142ogos\u0142awie\u0144stwo dla w\u0142a\u015bcicieli, pracownik\u00f3w, ich rodzin i kontrahent\u00f3w<\/li>\n<li>W pi\u0105tek 19 marca b\u0119dziemy obchodzi\u0107 uroczysto\u015b\u0107 \u015bwi\u0119tego J\u00f3zefa Oblubie\u0144ca NMP. Msze \u015aw. o godz. 9:00, 17:00 i 18:00. Z racji uroczysto\u015bci nie obowi\u0105zuje tego dnia post od pokarm\u00f3w mi\u0119snych. Po Mszy \u015aw. o godz. 18:00 nast\u0105pi specjalne nabo\u017ce\u0144stwo do tego jak\u017ce wielkiego \u015bwi\u0119tego stoj\u0105cego w cieniu Matki Bo\u017cej i Pana Jezusa. Ten rok ko\u015bcielny jest po\u015bwi\u0119cony \u015bw. J\u00f3zefowi by od niego uczy\u0107 si\u0119 wiary, mi\u0142o\u015bci ma\u0142\u017ce\u0144skiej i rodzinnej.<\/li>\n<li>W przysz\u0142\u0105 niedziel\u0119 po Mszach \u015aw. o godz. 9:00, 11:00 i 12:30 Klub Seniora zaprasza na kiermasz r\u00f3\u017cnych przedmiot\u00f3w i ozd\u00f3b wykonanych w\u0142asnor\u0119cznie przez podopiecznych. Zapraszamy do zapoznania si\u0119 z dorobkiem artystycznym naszych senior\u00f3w i do zakupu prezentowanych wyrob\u00f3w.<\/li>\n<li>W przysz\u0142\u0105 niedziel\u0119 o godz. 10:25 odb\u0119dzie si\u0119 konferencja dla dzieci kl. IV SP przed rocznic\u0105 Komunii \u015aw.<\/li>\n<li>Przed ko\u015bcio\u0142em mo\u017cemy naby\u0107 Paschaliki Caritas na st\u00f3\u0142 wielkanocny. R\u00f3wnie\u017c bielanki rozprowadzaj\u0105 kartki \u015bwi\u0105teczne za dobrowoln\u0105 ofiar\u0119, kt\u00f3ra zasili ich fundusz formacyjny.<\/li>\n<li>Wczoraj Liturgiczna S\u0142u\u017cba O\u0142tarza wraz z rodzicami i ks. Marcinem prze\u017cywa\u0142a w Niepokalanowie sw\u00f3j doroczny dzie\u0144 skupienia. Zach\u0119camy ch\u0142opc\u00f3w i dziewcz\u0119ta do do\u0142\u0105czenia jako kandydaci na ministrant\u00f3w i bielanki.<\/li>\n<li>Dzi\u0119kujemy za ofiary z\u0142o\u017cone na ogrzewanie ko\u015bcio\u0142a i za wszelk\u0105 \u017cyczliwo\u015b\u0107.<\/li>\n<li>Dzi\u0119kujemy za prace porz\u0105dkowe na terenie przyko\u015bcielnym.<\/li>\n<\/ol>\n<p>&nbsp;<\/p>\n","protected":false},"excerpt":{"rendered":"<p>Dzi\u015b o 10:25 odb\u0119dzie si\u0119 spotkanie dla dzieci przygotowuj\u0105cych si\u0119 do I Komunii \u015bw. (gr. I), a o 16:00 w ko\u015bciele spotkanie dla kandydat\u00f3w do Sakramentu Bierzmowania. W \u015brod\u0119 rozpocz\u0119li\u015bmy nowenn\u0119 przed uroczysto\u015bci\u0105 \u015bw. J\u00f3zefa, Oblubie\u0144ca NMP. Ka\u017cdego dnia po wieczornej Mszy \u015awi\u0119tej o 18:00 zach\u0119camy do wsp\u00f3lnego rozwa\u017cania i litanii. Dzi\u015b ta nowenna b\u0119dzie [&hellip;]<\/p>\n","protected":false},"author":1,"featured_media":30657,"comment_status":"closed","ping_status":"closed","sticky":false,"template":"","format":"standard","meta":{"footnotes":""},"categories":[14],"tags":[],"class_list":["post-14102","post","type-post","status-publish","format-standard","has-post-thumbnail","hentry","category-ogloszenia-parafialne"],"_links":{"self":[{"href":"https:\/\/mbfatimska.ovh\/index.php\/wp-json\/wp\/v2\/posts\/14102","targetHints":{"allow":["GET"]}}],"collection":[{"href":"https:\/\/mbfatimska.ovh\/index.php\/wp-json\/wp\/v2\/posts"}],"about":[{"href":"https:\/\/mbfatimska.ovh\/index.php\/wp-json\/wp\/v2\/types\/post"}],"author":[{"embeddable":true,"href":"https:\/\/mbfatimska.ovh\/index.php\/wp-json\/wp\/v2\/users\/1"}],"replies":[{"embeddable":true,"href":"https:\/\/mbfatimska.ovh\/index.php\/wp-json\/wp\/v2\/comments?post=14102"}],"version-history":[{"count":0,"href":"https:\/\/mbfatimska.ovh\/index.php\/wp-json\/wp\/v2\/posts\/14102\/revisions"}],"wp:featuredmedia":[{"embeddable":true,"href":"https:\/\/mbfatimska.ovh\/index.php\/wp-json\/wp\/v2\/media\/30657"}],"wp:attachment":[{"href":"https:\/\/mbfatimska.ovh\/index.php\/wp-json\/wp\/v2\/media?parent=14102"}],"wp:term":[{"taxonomy":"category","embeddable":true,"href":"https:\/\/mbfatimska.ovh\/index.php\/wp-json\/wp\/v2\/categories?post=14102"},{"taxonomy":"post_tag","embeddable":true,"href":"https:\/\/mbfatimska.ovh\/index.php\/wp-json\/wp\/v2\/tags?post=14102"}],"curies":[{"name":"wp","href":"https:\/\/api.w.org\/{rel}","templated":true}]}}