{"id":14109,"date":"2021-03-21T07:19:38","date_gmt":"2021-03-21T06:19:38","guid":{"rendered":"http:\/\/www.mbfatimska.pl\/?p=14109"},"modified":"2021-03-21T07:19:38","modified_gmt":"2021-03-21T06:19:38","slug":"v-niedziela-wielkiego-postu","status":"publish","type":"post","link":"https:\/\/mbfatimska.ovh\/index.php\/2021\/03\/21\/v-niedziela-wielkiego-postu\/","title":{"rendered":"V Niedziela Wielkiego Postu"},"content":{"rendered":"<ol>\n<li>Dzi\u015b po Mszach \u015aw. o godz. 9:00, 11:00 i 12:30 Klub Seniora zaprasza na kiermasz r\u00f3\u017cnych przedmiot\u00f3w i ozd\u00f3b wykonanych w\u0142asnor\u0119cznie przez podopiecznych. Zapraszamy do zapoznania si\u0119 z dorobkiem artystycznym naszych senior\u00f3w i do zakupu prezentowanych wyrob\u00f3w.<\/li>\n<li>O godz. 10:25 odb\u0119dzie si\u0119 konferencja dla dzieci kl. IV SP przed rocznic\u0105 I Komunii \u015aw.<\/li>\n<li>Przed ko\u015bcio\u0142em mo\u017cemy naby\u0107 Paschaliki Caritas na st\u00f3\u0142 wielkanocny. R\u00f3wnie\u017c bielanki rozprowadzaj\u0105 kartki \u015bwi\u0105teczne za dobrowoln\u0105 ofiar\u0119, kt\u00f3ra zasili ich fundusz formacyjny.<\/li>\n<li>W poniedzia\u0142ek zapraszamy na kolejne nabo\u017ce\u0144stwo ku czci \u015bw. Rity, patronki spraw trudnych i beznadziejnych. O godz. 18:00 Msza \u015bw. a po niej specjalna modlitwa zanoszona do Boga za wstawiennictwem tej szczeg\u00f3lnej \u015bwi\u0119tej. Intencje b\u0119dzie mo\u017cna sk\u0142ada\u0107 do koszyka przed Msz\u0105 \u015bwi\u0119t\u0105, jak r\u00f3wnie\u017c b\u0119dzie mo\u017cna przed ko\u015bcio\u0142em naby\u0107 r\u00f3\u017ce.<\/li>\n<li>19 marca, w uroczysto\u015b\u0107 \u015bw. J\u00f3zefa rozpocz\u0105\u0142 si\u0119 tydzie\u0144 modlitw o ochron\u0119 \u017cycia i potrwa do 25 marca, do uroczysto\u015bci Zwiastowania Pa\u0144skiego . Z tej okazji zapraszamy do podj\u0119cia Duchowej Adopcji Dziecka Pocz\u0119tego we wtorek na Mszy \u015aw. o 18:00. Po Mszy \u015bw. zapraszamy na Adoracj\u0119 z modlitwami za pocz\u0119te dzieci do godz. 20.<\/li>\n<li>W nadchodz\u0105cym tygodniu zapraszamy na rekolekcje wielkopostne w czwartek, pi\u0105tek i sobot\u0119. Msze \u015bw. codziennie o godz. 9, 16:30, 18 i 19:45. Spowied\u017a podczas ka\u017cdej Mszy \u015aw. W zwi\u0105zku z kolejn\u0105 fal\u0105 zachorowa\u0144 na COVID-19 prosimy o zachowanie wszelkich obostrze\u0144 sanitarnych, zw\u0142aszcza dotycz\u0105cych dystansu. Zwykle najmniej liczn\u0105 Msza \u015aw. w planie rekolekcji jest 19:45. Msza \u015aw. o 16:30 niech b\u0119dzie tylko dla dzieci i ich rodzic\u00f3w. W czwartek i sobot\u0119 o 16:30 zapraszamy dzieci z I grupy komunijnej, w pi\u0105tek na 16:30 i w niedziel\u0119 o 10:25 dzieci z II grupy komunijnej. W pi\u0105tek ze wzgl\u0119du na rekolekcje droga krzy\u017cowa dla dzieci odb\u0119dzie si\u0119 o godz. 16, a dla doros\u0142ych o 19<\/li>\n<li>Msza \u015awi\u0119ta wypominkowa za naszych bliskich zmar\u0142ych ze wzgl\u0119du na rekolekcje b\u0119dzie odprawiona 31.03 (\u015broda) o godz. 18:00<\/li>\n<li>Za tydzie\u0144 Niedziela Palmowa M\u0119ki Pa\u0144skiej. Na ka\u017cdej Mszy \u015aw. obrz\u0119d b\u0142ogos\u0142awienia i po\u015bwi\u0119cenia palm. Ga\u0142\u0105zki palmowe b\u0119dzie mo\u017cna nabywa\u0107 przed ko\u015bcio\u0142em w czasie rekolekcji i w sam\u0105 Niedziel\u0119 Palmow\u0105<\/li>\n<li>Za tydzie\u0144 po Mszach \u015aw. o godz. 9:00, 11:00 i 12:30 Warsztat Terapii Zaj\u0119ciowej pod kopu\u0142\u0105 zaprezentuje dorobek pracy swych podopiecznych, os\u00f3b niepe\u0142nosprawnych. Zach\u0119camy do zakupu prezentowanych wyrob\u00f3w jako upominku \u015bwi\u0105tecznego.<\/li>\n<li>Dzi\u0119kujemy za prace porz\u0105dkowe na terenie przyko\u015bcielnym.<\/li>\n<\/ol>\n<p>&nbsp;<\/p>\n","protected":false},"excerpt":{"rendered":"<p>Dzi\u015b po Mszach \u015aw. o godz. 9:00, 11:00 i 12:30 Klub Seniora zaprasza na kiermasz r\u00f3\u017cnych przedmiot\u00f3w i ozd\u00f3b wykonanych w\u0142asnor\u0119cznie przez podopiecznych. Zapraszamy do zapoznania si\u0119 z dorobkiem artystycznym naszych senior\u00f3w i do zakupu prezentowanych wyrob\u00f3w. O godz. 10:25 odb\u0119dzie si\u0119 konferencja dla dzieci kl. IV SP przed rocznic\u0105 I Komunii \u015aw. Przed ko\u015bcio\u0142em [&hellip;]<\/p>\n","protected":false},"author":1,"featured_media":30657,"comment_status":"closed","ping_status":"closed","sticky":false,"template":"","format":"standard","meta":{"footnotes":""},"categories":[3,14],"tags":[],"class_list":["post-14109","post","type-post","status-publish","format-standard","has-post-thumbnail","hentry","category-bez-kategorii","category-ogloszenia-parafialne"],"_links":{"self":[{"href":"https:\/\/mbfatimska.ovh\/index.php\/wp-json\/wp\/v2\/posts\/14109","targetHints":{"allow":["GET"]}}],"collection":[{"href":"https:\/\/mbfatimska.ovh\/index.php\/wp-json\/wp\/v2\/posts"}],"about":[{"href":"https:\/\/mbfatimska.ovh\/index.php\/wp-json\/wp\/v2\/types\/post"}],"author":[{"embeddable":true,"href":"https:\/\/mbfatimska.ovh\/index.php\/wp-json\/wp\/v2\/users\/1"}],"replies":[{"embeddable":true,"href":"https:\/\/mbfatimska.ovh\/index.php\/wp-json\/wp\/v2\/comments?post=14109"}],"version-history":[{"count":0,"href":"https:\/\/mbfatimska.ovh\/index.php\/wp-json\/wp\/v2\/posts\/14109\/revisions"}],"wp:featuredmedia":[{"embeddable":true,"href":"https:\/\/mbfatimska.ovh\/index.php\/wp-json\/wp\/v2\/media\/30657"}],"wp:attachment":[{"href":"https:\/\/mbfatimska.ovh\/index.php\/wp-json\/wp\/v2\/media?parent=14109"}],"wp:term":[{"taxonomy":"category","embeddable":true,"href":"https:\/\/mbfatimska.ovh\/index.php\/wp-json\/wp\/v2\/categories?post=14109"},{"taxonomy":"post_tag","embeddable":true,"href":"https:\/\/mbfatimska.ovh\/index.php\/wp-json\/wp\/v2\/tags?post=14109"}],"curies":[{"name":"wp","href":"https:\/\/api.w.org\/{rel}","templated":true}]}}