{"id":14151,"date":"2021-03-28T19:18:14","date_gmt":"2021-03-28T17:18:14","guid":{"rendered":"http:\/\/www.mbfatimska.pl\/?p=14151"},"modified":"2021-03-28T19:18:14","modified_gmt":"2021-03-28T17:18:14","slug":"ksiadz-andrzej-przesyla-pozdrowienia-z-rpa","status":"publish","type":"post","link":"https:\/\/mbfatimska.ovh\/index.php\/2021\/03\/28\/ksiadz-andrzej-przesyla-pozdrowienia-z-rpa\/","title":{"rendered":"Ksi\u0105dz Andrzej przesy\u0142a pozdrowienia z RPA"},"content":{"rendered":"<p>Ksi\u0105dz Andrzej pe\u0142ni\u0105cy pos\u0142ug\u0119 w RPA. Przes\u0142a\u0142 kilka zdj\u0119\u0107 oraz przesympatyczne, kr\u00f3ciutkie filmy ukazuj\u0105ce nam spos\u00f3b, w jaki mieszka\u0144cy tego dalekiego kraju \u015bwi\u0119tuj\u0105 kolejn\u0105 rocznic\u0119 przybycia Jezusa Chrystusa do Jerozolimy. Ksi\u0119\u017ce Andrzeju! Bardzo serdecznie dzi\u0119kujemy za pami\u0119\u0107 i pozdrowienia (oraz oczywi\u015bcie za fotografie i filmy). My r\u00f3wnie gor\u0105co pozdrawiamy i \u017cyczymy wszystkiego najlepszego oraz nieustaj\u0105cej opieki Matki Bo\u017cej.<br \/>\n<a href=\"http:\/\/www.mbfatimska.pl\/pozdrowienia-od-ksiedza-andrzeja-z-rpa-2\/\" target=\"_blank\" rel=\"noopener\">Zdj\u0119cia<\/a><br \/>\n<a href=\"https:\/\/fb.watch\/4wtenj0m-r\/\" target=\"_blank\" rel=\"noopener\">Film-1<\/a><br \/>\n<a href=\"https:\/\/fb.watch\/4wtq5aAf52\/\" target=\"_blank\" rel=\"noopener\">Film-2<\/a><br \/>\n<a href=\"https:\/\/fb.watch\/4wtioXJ1Dw\/\" target=\"_blank\" rel=\"noopener\">Film-3<\/a><br \/>\n<a href=\"https:\/\/fb.watch\/4wtgqQLKsU\/\" target=\"_blank\" rel=\"noopener\">Film-4<\/a><\/p>\n<p>&nbsp;<\/p>\n<p>&nbsp;<\/p>\n<p>&nbsp;<\/p>\n<p>&nbsp;<\/p>\n<p>&nbsp;<\/p>\n<p>&nbsp;<\/p>\n<p>&nbsp;<\/p>\n<p>&nbsp;<\/p>\n<p>&nbsp;<\/p>\n<p>&nbsp;<\/p>\n<p>&nbsp;<\/p>\n<p>&nbsp;<\/p>\n","protected":false},"excerpt":{"rendered":"<p>Ksi\u0105dz Andrzej pe\u0142ni\u0105cy pos\u0142ug\u0119 w RPA. Przes\u0142a\u0142 kilka zdj\u0119\u0107 oraz przesympatyczne, kr\u00f3ciutkie filmy ukazuj\u0105ce nam spos\u00f3b, w jaki mieszka\u0144cy tego dalekiego kraju \u015bwi\u0119tuj\u0105 kolejn\u0105 rocznic\u0119 przybycia Jezusa Chrystusa do Jerozolimy. Ksi\u0119\u017ce Andrzeju! Bardzo serdecznie dzi\u0119kujemy za pami\u0119\u0107 i pozdrowienia (oraz oczywi\u015bcie za fotografie i filmy). My r\u00f3wnie gor\u0105co pozdrawiamy i \u017cyczymy wszystkiego najlepszego oraz nieustaj\u0105cej [&hellip;]<\/p>\n","protected":false},"author":1,"featured_media":14145,"comment_status":"closed","ping_status":"closed","sticky":false,"template":"","format":"standard","meta":{"footnotes":""},"categories":[2],"tags":[],"class_list":["post-14151","post","type-post","status-publish","format-standard","has-post-thumbnail","hentry","category-aktualnosci"],"_links":{"self":[{"href":"https:\/\/mbfatimska.ovh\/index.php\/wp-json\/wp\/v2\/posts\/14151","targetHints":{"allow":["GET"]}}],"collection":[{"href":"https:\/\/mbfatimska.ovh\/index.php\/wp-json\/wp\/v2\/posts"}],"about":[{"href":"https:\/\/mbfatimska.ovh\/index.php\/wp-json\/wp\/v2\/types\/post"}],"author":[{"embeddable":true,"href":"https:\/\/mbfatimska.ovh\/index.php\/wp-json\/wp\/v2\/users\/1"}],"replies":[{"embeddable":true,"href":"https:\/\/mbfatimska.ovh\/index.php\/wp-json\/wp\/v2\/comments?post=14151"}],"version-history":[{"count":0,"href":"https:\/\/mbfatimska.ovh\/index.php\/wp-json\/wp\/v2\/posts\/14151\/revisions"}],"wp:featuredmedia":[{"embeddable":true,"href":"https:\/\/mbfatimska.ovh\/index.php\/wp-json\/wp\/v2\/media\/14145"}],"wp:attachment":[{"href":"https:\/\/mbfatimska.ovh\/index.php\/wp-json\/wp\/v2\/media?parent=14151"}],"wp:term":[{"taxonomy":"category","embeddable":true,"href":"https:\/\/mbfatimska.ovh\/index.php\/wp-json\/wp\/v2\/categories?post=14151"},{"taxonomy":"post_tag","embeddable":true,"href":"https:\/\/mbfatimska.ovh\/index.php\/wp-json\/wp\/v2\/tags?post=14151"}],"curies":[{"name":"wp","href":"https:\/\/api.w.org\/{rel}","templated":true}]}}