{"id":14425,"date":"2021-04-11T07:09:25","date_gmt":"2021-04-11T05:09:25","guid":{"rendered":"http:\/\/www.mbfatimska.pl\/?p=14425"},"modified":"2021-04-11T07:09:25","modified_gmt":"2021-04-11T05:09:25","slug":"ii-niedziela-wielkanocna-milosierdzia-bozego","status":"publish","type":"post","link":"https:\/\/mbfatimska.ovh\/index.php\/2021\/04\/11\/ii-niedziela-wielkanocna-milosierdzia-bozego\/","title":{"rendered":"II Niedziela Wielkanocna \u2013 Mi\u0142osierdzia Bo\u017cego"},"content":{"rendered":"<ol>\n<li>Dzisiejsz\u0105 niedziel\u0105 ko\u0144czymy oktaw\u0119 wielkanocn\u0105. Nasz\u0105 rado\u015b\u0107 ze zmartwychwstania Pana Jezusa b\u0119dziemy prze\u017cywa\u0107 do Uroczysto\u015bci Zes\u0142ania Ducha \u015awi\u0119tego. Pami\u0119tajmy by w okresie wielkanocnym skorzysta\u0107 z sakramentu Pokuty i Pojednania i przyj\u0105\u0107 Komunie \u015aw. jak nakazuje Przykazanie Ko\u015bcielne.<\/li>\n<li>Prze\u017cywamy dzisiaj wa\u017cn\u0105 Uroczysto\u015b\u0107 Bo\u017cego Mi\u0142osierdzia. O godz. 15:00, w godzinie szczeg\u00f3lnych \u0142ask dla \u015bwiata, zostanie odprawiona Msza \u015aw. w intencjach zbiorowych zanoszonych do Bo\u017cego Mi\u0142osierdzia. Msz\u0119 \u015aw. rozpoczniemy wsp\u00f3ln\u0105 modlitw\u0105 \u2013 koronk\u0105 do Mi\u0142osierdzia Bo\u017cego<\/li>\n<li>Dzisiaj przed ko\u015bcio\u0142em mo\u017cemy naby\u0107 dewocjonalia \u2013 r\u00f3\u017ca\u0144ce, medaliki, obrazki i w ten spos\u00f3b wesprze\u0107 Dom Dziecka w Betlejem w Ziemi \u015awi\u0119tej prowadzony przez siostry zakonne z Polski. Kiedy odbywa\u0142y si\u0119 pielgrzymki to ka\u017cda grupa nawiedzaj\u0105c Betlejem, zatrzymywa\u0142a si\u0119 w tym domu i zostawia\u0142a swoje datki na utrzymanie. Dzisiaj sytuacja w tym miejscu jest dramatycznie trudna. Nie przejd\u017amy oboj\u0119tnie wobec tego problemu.<\/li>\n<li>R\u00f3wnie\u017c dzisiaj o godz. 19:00 w ko\u015bciele odb\u0119dzie si\u0119 pierwsze spotkanie dla narzeczonych w ramach kursu przedma\u0142\u017ce\u0144skiego<\/li>\n<li>Jutro, w poniedzia\u0142ek:\n<ul>\n<li>na godz. 8:00 \u2013 zapraszamy pan\u00f3w i panie do pomocy przy rozbi\u00f3rce dekoracji \u015bwi\u0105tecznej<\/li>\n<li>o godz. 19:00 w ko\u015bciele zebranie dla rodzic\u00f3w dzieci komunijnych.<\/li>\n<li>w godz. 18:00 \u2013 20:00 w Centrum Pomocy Rodzinie przy plebanii b\u0119d\u0105 odbywa\u0142y si\u0119 bezp\u0142atne porady psychologa<\/li>\n<\/ul>\n<\/li>\n<li>We wtorek, 13 kwietnia:\n<ul>\n<li>7:30 zostanie odprawiona Msza \u015aw. i intencji. firm, w\u0142a\u015bcicieli i ich rodzin dzia\u0142aj\u0105cych na naszym legionowskim rynku<\/li>\n<li>w godz. 17:00 \u2013 19:00 w Centrum Pomocy Rodzinie przy plebanii b\u0119d\u0105 odbywa\u0142y si\u0119 bezp\u0142atne porady prawnika<\/li>\n<\/ul>\n<\/li>\n<li>W pi\u0105tek, 16 kwietnia o godz. 19 w ko\u015bciele odb\u0119dzie si\u0119 konferencja przedchcielna dla rodzic\u00f3w, rodzic\u00f3w chrzestnych i kandydat\u00f3w na rodzic\u00f3w chrzestnych.<\/li>\n<li>Prze\u017cywamy obecnie ci\u0119\u017cki okres epidemii COVID19. Pami\u0119tajmy o zachowaniu przepis\u00f3w epidemicznych \u2013 maseczkach, dezynfekcji i zachowaniu odleg\u0142o\u015bci. Jest coraz cieplej na zewn\u0105trz. W zwi\u0105zku z tym, zach\u0119camy, ze wzgl\u0119d\u00f3w bezpiecze\u0144stwa, do uczestnictwa we Mszy \u015aw. r\u00f3wnie\u017c na zewn\u0105trz Ko\u015bcio\u0142a.<\/li>\n<li>Do przysz\u0142ej niedzieli w\u0142\u0105cznie zostaj\u0105 zawieszone wszelkie spotkania grup parafialnych.<\/li>\n<li>W IV niedziel\u0119 wielkanocn\u0105, czyli za 2 tygodnie , rozpoczniemy rekolekcje przygotowuj\u0105ce do Aktu Intronizacji Serca Pana Jezusa w naszej parafii, mie\u015bcie, ojczy\u017anie a przede wszystkim w naszych sercach i rodzinach. Ten szczeg\u00f3lny moment b\u0119dziemy prze\u017cywa\u0107 28.04. br. podczas Uroczystej Eucharystii pod przewodnictwem ks. bpa Romualda Kami\u0144skiego. Program rekolekcji wywieszony jest w gablocie parafialnej i na stronie internetowej parafii.<\/li>\n<li>W naszej ojczynie odbywa si\u0119 Spis Powszechny. W spisie musi wzi\u0105\u0107 udzia\u0142 ka\u017cdy mieszkaniec naszej ojczyzny. Mo\u017cna to uczyni\u0107 przez Internet lub telefonicznie. Wi\u0119cej informacji na plakacie w gablocie.<\/li>\n<li>Dzi\u0119kujemy tym osobom, kt\u00f3re w minionym tygodniu pospieszy\u0142y z pomoc\u0105 przy porz\u0105dkowaniu terenu ko\u015bcielnego.<\/li>\n<\/ol>\n","protected":false},"excerpt":{"rendered":"<p>Dzisiejsz\u0105 niedziel\u0105 ko\u0144czymy oktaw\u0119 wielkanocn\u0105. Nasz\u0105 rado\u015b\u0107 ze zmartwychwstania Pana Jezusa b\u0119dziemy prze\u017cywa\u0107 do Uroczysto\u015bci Zes\u0142ania Ducha \u015awi\u0119tego. Pami\u0119tajmy by w okresie wielkanocnym skorzysta\u0107 z sakramentu Pokuty i Pojednania i przyj\u0105\u0107 Komunie \u015aw. jak nakazuje Przykazanie Ko\u015bcielne. Prze\u017cywamy dzisiaj wa\u017cn\u0105 Uroczysto\u015b\u0107 Bo\u017cego Mi\u0142osierdzia. O godz. 15:00, w godzinie szczeg\u00f3lnych \u0142ask dla \u015bwiata, zostanie odprawiona Msza [&hellip;]<\/p>\n","protected":false},"author":1,"featured_media":30657,"comment_status":"closed","ping_status":"closed","sticky":false,"template":"","format":"standard","meta":{"footnotes":""},"categories":[14],"tags":[],"class_list":["post-14425","post","type-post","status-publish","format-standard","has-post-thumbnail","hentry","category-ogloszenia-parafialne"],"_links":{"self":[{"href":"https:\/\/mbfatimska.ovh\/index.php\/wp-json\/wp\/v2\/posts\/14425","targetHints":{"allow":["GET"]}}],"collection":[{"href":"https:\/\/mbfatimska.ovh\/index.php\/wp-json\/wp\/v2\/posts"}],"about":[{"href":"https:\/\/mbfatimska.ovh\/index.php\/wp-json\/wp\/v2\/types\/post"}],"author":[{"embeddable":true,"href":"https:\/\/mbfatimska.ovh\/index.php\/wp-json\/wp\/v2\/users\/1"}],"replies":[{"embeddable":true,"href":"https:\/\/mbfatimska.ovh\/index.php\/wp-json\/wp\/v2\/comments?post=14425"}],"version-history":[{"count":0,"href":"https:\/\/mbfatimska.ovh\/index.php\/wp-json\/wp\/v2\/posts\/14425\/revisions"}],"wp:featuredmedia":[{"embeddable":true,"href":"https:\/\/mbfatimska.ovh\/index.php\/wp-json\/wp\/v2\/media\/30657"}],"wp:attachment":[{"href":"https:\/\/mbfatimska.ovh\/index.php\/wp-json\/wp\/v2\/media?parent=14425"}],"wp:term":[{"taxonomy":"category","embeddable":true,"href":"https:\/\/mbfatimska.ovh\/index.php\/wp-json\/wp\/v2\/categories?post=14425"},{"taxonomy":"post_tag","embeddable":true,"href":"https:\/\/mbfatimska.ovh\/index.php\/wp-json\/wp\/v2\/tags?post=14425"}],"curies":[{"name":"wp","href":"https:\/\/api.w.org\/{rel}","templated":true}]}}