{"id":14571,"date":"2021-05-16T07:50:20","date_gmt":"2021-05-16T05:50:20","guid":{"rendered":"http:\/\/www.mbfatimska.pl\/?p=14571"},"modified":"2021-05-16T07:50:20","modified_gmt":"2021-05-16T05:50:20","slug":"wniebowstapienie-panskie","status":"publish","type":"post","link":"https:\/\/mbfatimska.ovh\/index.php\/2021\/05\/16\/wniebowstapienie-panskie\/","title":{"rendered":"Wniebowst\u0105pienie Pa\u0144skie"},"content":{"rendered":"<ol>\n<li>Ko\u0144czymy powoli okres wielkanocny. Pami\u0119tajmy, \u017ce w tym czasie nale\u017cy przyst\u0105pi\u0107 do Spowiedzi i Komunii \u015aw.<\/li>\n<li>R\u00f3wnie\u017c dzi\u015b o godz. 10:25 katecheza dla dzieci z kl. III SP przed uroczysto\u015bci\u0105 I Komunii \u015awi\u0119tej \u2013 dawna grupa II przed zmian\u0105 terminu Komunii \u015aw. O godz. 17 odb\u0119dzie si\u0119 spotkanie kandydat\u00f3w do Sakramentu bierzmowania. A o godz. 20 kolejne spotkanie formacyjne dla narzeczonych w ramach kursu przedma\u0142\u017ce\u0144skiego.<\/li>\n<li>W tym tygodniu odbywaj\u0105 si\u0119 pr\u00f3by dzieci przed Uroczysto\u015bci\u0105 przyj\u0119cia I Komunii \u015awi\u0119tej oraz rocznicy tego wydarzenia wg nast\u0119puj\u0105cego harmonogramu:<\/li>\n<\/ol>\n<ul>\n<li>w poniedzia\u0142ek o 17:00 \u2013 Rocznica I gr.<\/li>\n<li>we wtorek o 17:00 \u2013 Komunia I gr.<\/li>\n<li>w \u015brod\u0119 o 17:00 &#8211; Komunia II gr.<\/li>\n<li>w czwartek o 17:00 &#8211; Rocznica II gr.<\/li>\n<li>w pi\u0105tek o 17:00 &#8211; Komunia III gr.<\/li>\n<\/ul>\n<ol start=\"5\">\n<li>W poniedzia\u0142ek o godz. 19:45 w ko\u015bciele odb\u0119dzie si\u0119 spotkanie organizacyjne przed Uroczysto\u015bci\u0105 Bo\u017cego Cia\u0142a. Zapraszamy przedstawicieli poszczeg\u00f3lnych rejon\u00f3w do wzi\u0119cia udzia\u0142u w spotkaniu.<\/li>\n<li>We wtorek na Mszy \u015awi\u0119tej o godz. 19:00 go\u015bci\u0107 b\u0119dziemy Ojca Pedro \u2013 odpowiedzialnego za wsp\u00f3lnot\u0119 Przymierze Mi\u0142osierdzia w ca\u0142ej Polsce. Po Mszy \u015awi\u0119tej i nabo\u017ce\u0144stwie zapraszamy na Adoracj\u0119 z modlitw\u0105 o uzdrowienie poprowadzon\u0105 przez Przymierze Mi\u0142osierdzia do godz. 21.<\/li>\n<li>W \u015brod\u0119 19 maja zapraszamy na nabo\u017ce\u0144stwo do \u015bw. J\u00f3zefa na godz. 18:40. Przed nabo\u017ce\u0144stwem b\u0119dzie mo\u017cna sk\u0142ada\u0107 intencje do tego \u015bwi\u0119tego patrona rodzin i ma\u0142\u017ce\u0144stw<\/li>\n<li>W sobot\u0119 odb\u0119dzie si\u0119 spotkanie dzieci komunijnych i rodzic\u00f3w z ksi\u0119dzem Spotkanie odb\u0119dzie si\u0119 w kancelarii i zakrystii wg nast\u0119puj\u0105cego porz\u0105dku:<\/li>\n<\/ol>\n<ul>\n<li>10:00 \u2013 dzieci z gr. I i II<\/li>\n<li>11:15 \u2013 dzieci z gr. III i IV<\/li>\n<li>12:15 \u2013 dzieci z gr. V<\/li>\n<\/ul>\n<ol start=\"9\">\n<li>W przysz\u0142\u0105 niedziel\u0119 b\u0119dziemy obchodzi\u0107 Uroczysto\u015b\u0107 Zes\u0142ania Ducha \u015awi\u0119tego, kt\u00f3ra zako\u0144czy okres wielkanocny. W przeddzie\u0144, czyli w wigili\u0119 tej uroczysto\u015bci zapraszamy do naszego ko\u015bcio\u0142a na modlitewne czuwanie przygotowane przez wszystkie grupy parafialne pod kierownictwem ks. Marcina. Program Wigilii Zes\u0142ania Ducha \u015awi\u0119tego jest nast\u0119puj\u0105cy:<\/li>\n<\/ol>\n<p>19:00 \u2013 Eucharystia<\/p>\n<p>20:30 \u2013 Nabo\u017ce\u0144stwo Drogi \u015awiat\u0142a<\/p>\n<p>21:30 \u2013 Liturgia S\u0142owa<\/p>\n<p>22:00 \u2013 Uwielbienie i Dzi\u0119kczynienie<\/p>\n<ol start=\"10\">\n<li>W sobot\u0119 22 maja zapraszamy na nabo\u017ce\u0144stwo do \u015bw. Rity, kt\u00f3re b\u0119dzie sprawowane przed Msz\u0105 \u015aw. o godz. 19:00. Pocz\u0105tek nabo\u017ce\u0144stwa o godz. 18:40. Przed ko\u015bcio\u0142em b\u0119dzie mo\u017cna naby\u0107 r\u00f3\u017ce, a przed nabo\u017ce\u0144stwem z\u0142o\u017cy\u0107 swoje intencje do koszyka przed o\u0142tarzem.<\/li>\n<li>Za tydzie\u0144 w niedziel\u0119 o godz. 10:25 katecheza dla dzieci z kl. III SP przed uroczysto\u015bci\u0105 I Komunii \u015awi\u0119tej \u2013 dawna grupa I przed zmian\u0105 terminu Komunii \u015aw.<\/li>\n<li>Dzi\u0119kujemy tym osobom, kt\u00f3re w minionym tygodniu pospieszy\u0142y z pomoc\u0105 przy porz\u0105dkowaniu terenu ko\u015bcielnego. Pracy by\u0142o du\u017co, a ch\u0119tnych ma\u0142o. Dzi\u0119kujemy tym, kt\u00f3rzy czuj\u0105 potrzeb\u0119 dba\u0142o\u015bci o nasz teren, za prac\u0119 i po\u015bwi\u0119cenie. Dzi\u0119kujemy osobom niepe\u0142nosprawnym z Warsztatu Terapii Zaj\u0119ciowej \u015bw. Rity i terapeutom za pe\u0142na po\u015bwi\u0119cenie prace na rzecz parafii.<\/li>\n<\/ol>\n","protected":false},"excerpt":{"rendered":"<p>Ko\u0144czymy powoli okres wielkanocny. Pami\u0119tajmy, \u017ce w tym czasie nale\u017cy przyst\u0105pi\u0107 do Spowiedzi i Komunii \u015aw. R\u00f3wnie\u017c dzi\u015b o godz. 10:25 katecheza dla dzieci z kl. III SP przed uroczysto\u015bci\u0105 I Komunii \u015awi\u0119tej \u2013 dawna grupa II przed zmian\u0105 terminu Komunii \u015aw. O godz. 17 odb\u0119dzie si\u0119 spotkanie kandydat\u00f3w do Sakramentu bierzmowania. A o godz. [&hellip;]<\/p>\n","protected":false},"author":1,"featured_media":30657,"comment_status":"closed","ping_status":"closed","sticky":false,"template":"","format":"standard","meta":{"footnotes":""},"categories":[14],"tags":[],"class_list":["post-14571","post","type-post","status-publish","format-standard","has-post-thumbnail","hentry","category-ogloszenia-parafialne"],"_links":{"self":[{"href":"https:\/\/mbfatimska.ovh\/index.php\/wp-json\/wp\/v2\/posts\/14571","targetHints":{"allow":["GET"]}}],"collection":[{"href":"https:\/\/mbfatimska.ovh\/index.php\/wp-json\/wp\/v2\/posts"}],"about":[{"href":"https:\/\/mbfatimska.ovh\/index.php\/wp-json\/wp\/v2\/types\/post"}],"author":[{"embeddable":true,"href":"https:\/\/mbfatimska.ovh\/index.php\/wp-json\/wp\/v2\/users\/1"}],"replies":[{"embeddable":true,"href":"https:\/\/mbfatimska.ovh\/index.php\/wp-json\/wp\/v2\/comments?post=14571"}],"version-history":[{"count":0,"href":"https:\/\/mbfatimska.ovh\/index.php\/wp-json\/wp\/v2\/posts\/14571\/revisions"}],"wp:featuredmedia":[{"embeddable":true,"href":"https:\/\/mbfatimska.ovh\/index.php\/wp-json\/wp\/v2\/media\/30657"}],"wp:attachment":[{"href":"https:\/\/mbfatimska.ovh\/index.php\/wp-json\/wp\/v2\/media?parent=14571"}],"wp:term":[{"taxonomy":"category","embeddable":true,"href":"https:\/\/mbfatimska.ovh\/index.php\/wp-json\/wp\/v2\/categories?post=14571"},{"taxonomy":"post_tag","embeddable":true,"href":"https:\/\/mbfatimska.ovh\/index.php\/wp-json\/wp\/v2\/tags?post=14571"}],"curies":[{"name":"wp","href":"https:\/\/api.w.org\/{rel}","templated":true}]}}