{"id":14696,"date":"2021-05-30T00:17:13","date_gmt":"2021-05-29T22:17:13","guid":{"rendered":"http:\/\/www.mbfatimska.pl\/?p=14696"},"modified":"2021-05-30T00:17:13","modified_gmt":"2021-05-29T22:17:13","slug":"27-maja-2021-25-rocznica-swiecen-kaplanskich-ksiedza-arkadiusza-grzeszczyka-sac-2","status":"publish","type":"post","link":"https:\/\/mbfatimska.ovh\/index.php\/2021\/05\/30\/27-maja-2021-25-rocznica-swiecen-kaplanskich-ksiedza-arkadiusza-grzeszczyka-sac-2\/","title":{"rendered":"27 maja 2021. 25 Rocznica \u015awi\u0119ce\u0144 Kap\u0142a\u0144skich ksi\u0119dza Arkadiusza Grzeszczyka SAC"},"content":{"rendered":"<p>4 maja 1996 roku w O\u0142tarzewie, \u015bwi\u0119cenia kap\u0142a\u0144skie z r\u0105k bpa tarnowskiego, J\u00f3zefa \u017byci\u0144skiego, przyj\u0119li diakoni z Prowincji Chrystusa Kr\u00f3la. W\u015br\u00f3d nich znalaz\u0142 si\u0119 znany nam ksi\u0105dz Arkadiusz Grzeszczak SAC. Wczoraj, 27 maja 2021 roku o godzinie 19 w naszej \u015bwi\u0105tyni odby\u0142a si\u0119 uroczysta Msza \u015awi\u0119ta, podczas kt\u00f3rej \u015bwi\u0119towali\u015bmy dwudziest\u0105 pi\u0105t\u0105 rocznic\u0119 tego wydarzenia. To pi\u0119kne \u015bwi\u0119to zgromadzi\u0142o w ko\u015bciele nie tylko najbli\u017csz\u0105 rodzin\u0119 i znajomych ksi\u0119dza Arkadiusza, nie tylko wsp\u00f3\u0142pracownik\u00f3w z Drukarni Apostolicum, w kt\u00f3rej ksi\u0105dz pracuje ale r\u00f3wnie\u017c, a mo\u017ce przede wszystkim bardzo wielu ksi\u0119\u017cy; proboszcz parafii Matki Bo\u017cej Fatimskiej ksi\u0105dz pra\u0142at Tomasz Chcia\u0142owski, ksi\u0105dz dr. Franciszek Gomu\u0142czak SAC, kt\u00f3ry wyg\u0142osi\u0142 pi\u0119kne kazanie przybli\u017caj\u0105ce nam posta\u0107 ksi\u0119dza Arkadiusza. W\u015br\u00f3d przyby\u0142ych ksi\u0119\u017cy znalaz\u0142 si\u0119 r\u00f3wnie\u017c Rektor ksi\u0105dz Aleksander Orzech SAC, Dyrektor Drukarni Apostolicum ksi\u0105dz mgr. J\u00f3zef Nowak SAC, ksi\u0105dz kanonik Zdzis\u0142aw Bag\u0142aj, ksi\u0105dz Krystian Czerski &#8211; by\u0142y wikariusz w naszej parafii, ksi\u0105dz Piotr Doma\u0144ski &#8211; r\u00f3wnie\u017c by\u0142y wikariusz w naszej parafii i wielu innych zaproszonych przez ksi\u0119dza Arkadiusza ksi\u0119\u017cy. Ca\u0142a Msza \u015awi\u0119ta mia\u0142a bardzo uroczysty charakter, by\u0142o mn\u00f3stwo wspomnie\u0144 oraz wzrusze\u0144. Na zako\u0144czenie Mszy proboszcz naszej parafii ksi\u0105dz pra\u0142at Tomasz Chcia\u0142owski podzi\u0119kowa\u0142 za kilka lat nieocenionej pomocy oraz wr\u0119czy\u0142 ksi\u0119dzu Arkadiuszowi upominek w postaci du\u017cego plakatu sk\u0142adaj\u0105cego si\u0119 z kola\u017cu fotografii przedstawiaj\u0105cych posta\u0107 ksi\u0119dza Arkadiusza SAC na tle naszej \u015bwi\u0105tyni oraz ze s\u0142owami podzi\u0119kowa\u0144 od parafian. Skromne upominki oraz s\u0142owa podzi\u0119kowa\u0144 z\u0142o\u017cyli r\u00f3wnie\u017c przedstawiciele s\u0142u\u017cby liturgicznej, Warsztatu Terapii Zaj\u0119ciowej \u015bw. Rity a tak\u017ce r\u00f3\u017cnych grup dzia\u0142aj\u0105cych w parafii. Przed ko\u0144cowym b\u0142ogos\u0142awie\u0144stwem ksi\u0105dz Arkadiusz w kilku s\u0142owach podzi\u0119kowa\u0142 wszystkim przyby\u0142ym za uczestnictwo we Mszy \u015awi\u0119tej. Szczeg\u00f3lne, bardzo wzruszaj\u0105ce s\u0142owa podzi\u0119kowa\u0144 us\u0142ysza\u0142a mama ksi\u0119dza Arkadiusza obdarowana przez niego ogromnym bukietem pi\u0119knych czerwonych r\u00f3\u017c. I ten w\u0142a\u015bnie moment chyba najd\u0142u\u017cej zostanie w naszej pami\u0119ci &#8211; syn dzi\u0119kuj\u0105cy swojej mamie za istnienie, za wychowanie, za mi\u0142o\u015b\u0107, za wszystko! Ksi\u0119dzu Arkadiuszowi Grzeszczykowi jeszcze raz dzi\u0119kujemy za lata pomocy w naszej parafii, za obecno\u015b\u0107, za u\u015bmiech, za mi\u0142e s\u0142owa. \u017byczymy opieki Matki Bo\u017cej oraz zdrowia.<\/p>\n<p><a href=\"http:\/\/www.mbfatimska.pl\/27-maja-2021-25-rocznica-swiecen-kaplanskich-ksiedza-arkadiusza-grzeszczyka-sac\/\" target=\"_blank\" rel=\"noopener\">Galeria zdj\u0119\u0107<\/a><\/p>\n","protected":false},"excerpt":{"rendered":"<p>4 maja 1996 roku w O\u0142tarzewie, \u015bwi\u0119cenia kap\u0142a\u0144skie z r\u0105k bpa tarnowskiego, J\u00f3zefa \u017byci\u0144skiego, przyj\u0119li diakoni z Prowincji Chrystusa Kr\u00f3la. W\u015br\u00f3d nich znalaz\u0142 si\u0119 znany nam ksi\u0105dz Arkadiusz Grzeszczak SAC. Wczoraj, 27 maja 2021 roku o godzinie 19 w naszej \u015bwi\u0105tyni odby\u0142a si\u0119 uroczysta Msza \u015awi\u0119ta, podczas kt\u00f3rej \u015bwi\u0119towali\u015bmy dwudziest\u0105 pi\u0105t\u0105 rocznic\u0119 tego wydarzenia. To [&hellip;]<\/p>\n","protected":false},"author":1,"featured_media":14670,"comment_status":"closed","ping_status":"closed","sticky":false,"template":"","format":"standard","meta":{"footnotes":""},"categories":[2],"tags":[],"class_list":["post-14696","post","type-post","status-publish","format-standard","has-post-thumbnail","hentry","category-aktualnosci"],"_links":{"self":[{"href":"https:\/\/mbfatimska.ovh\/index.php\/wp-json\/wp\/v2\/posts\/14696","targetHints":{"allow":["GET"]}}],"collection":[{"href":"https:\/\/mbfatimska.ovh\/index.php\/wp-json\/wp\/v2\/posts"}],"about":[{"href":"https:\/\/mbfatimska.ovh\/index.php\/wp-json\/wp\/v2\/types\/post"}],"author":[{"embeddable":true,"href":"https:\/\/mbfatimska.ovh\/index.php\/wp-json\/wp\/v2\/users\/1"}],"replies":[{"embeddable":true,"href":"https:\/\/mbfatimska.ovh\/index.php\/wp-json\/wp\/v2\/comments?post=14696"}],"version-history":[{"count":0,"href":"https:\/\/mbfatimska.ovh\/index.php\/wp-json\/wp\/v2\/posts\/14696\/revisions"}],"wp:featuredmedia":[{"embeddable":true,"href":"https:\/\/mbfatimska.ovh\/index.php\/wp-json\/wp\/v2\/media\/14670"}],"wp:attachment":[{"href":"https:\/\/mbfatimska.ovh\/index.php\/wp-json\/wp\/v2\/media?parent=14696"}],"wp:term":[{"taxonomy":"category","embeddable":true,"href":"https:\/\/mbfatimska.ovh\/index.php\/wp-json\/wp\/v2\/categories?post=14696"},{"taxonomy":"post_tag","embeddable":true,"href":"https:\/\/mbfatimska.ovh\/index.php\/wp-json\/wp\/v2\/tags?post=14696"}],"curies":[{"name":"wp","href":"https:\/\/api.w.org\/{rel}","templated":true}]}}