{"id":14698,"date":"2021-05-30T00:19:12","date_gmt":"2021-05-29T22:19:12","guid":{"rendered":"http:\/\/www.mbfatimska.pl\/?p=14698"},"modified":"2021-05-30T00:19:12","modified_gmt":"2021-05-29T22:19:12","slug":"niedziela-trojcy-swietej","status":"publish","type":"post","link":"https:\/\/mbfatimska.ovh\/index.php\/2021\/05\/30\/niedziela-trojcy-swietej\/","title":{"rendered":"Niedziela Tr\u00f3jcy \u015awi\u0119tej"},"content":{"rendered":"<ol>\n<li>Dzisiaj po ka\u017cdej Mszy \u015aw. m\u0142odzie\u017c ze wsp\u00f3lnoty oazowej rozprowadza ciasta za dobrowoln\u0105 ofiar\u0119, kt\u00f3ra zasili ich fundusz rekolekcji wakacyjnych.<\/li>\n<li>R\u00f3wnie\u017c dzi\u015b odb\u0119d\u0105 si\u0119 nast\u0119puj\u0105ce spotkania:<\/li>\n<\/ol>\n<ul>\n<li>o godz. 10:25 katecheza dla dzieci z kl. III SP przed uroczysto\u015bci\u0105 I Komunii \u015awi\u0119tej \u2013 dawna grupa II przed zmian\u0105 terminu Komunii \u015aw.<\/li>\n<li>o 17:30 dla pielgrzym\u00f3w niedosz\u0142ej pielgrzymki do Gruzji i Armenii z wrze\u015bnia ubieg\u0142ego roku. Na spotkaniu b\u0119dzie wyp\u0142acona druga transza zaliczki na wyjazd.<\/li>\n<li>o godz. 20:00 \u2013 kurs przedma\u0142\u017ce\u0144ski dla narzeczonych<\/li>\n<\/ul>\n<ol start=\"3\">\n<li>W zwi\u0105zku ze zbli\u017caj\u0105cym si\u0119 1 czerwca Dniem Dziecka, Liturgiczna S\u0142u\u017cba O\u0142tarza serdecznie zaprasza na kiermasz ksi\u0105\u017cek, zabawek i artyku\u0142\u00f3w dzieci\u0119cych, na kt\u00f3rym na pewno ka\u017cdy z nas znajdzie co\u015b co wywo\u0142a u\u015bmiech na twarzy dziecka spragnionego mi\u0142o\u015bci i zas\u0142uguj\u0105cego cho\u0107by na najmniejszy gest serca. A dzi\u0119ki temu wesprze liturgiczn\u0105 s\u0142u\u017cb\u0119 o\u0142tarza, kt\u00f3ra chce szerzy\u0107 dobro, nie\u015b\u0107 pomoc, zara\u017ca\u0107 rado\u015bci\u0105 i obdarowywa\u0107 mi\u0142o\u015bci\u0105. Dzi\u015b kiermasz odbywa si\u0119 na placu przed ko\u015bcio\u0142em i trwa od godz. 12:00 do 18:30. Dodatkowo w godz. 13:30 &#8211; 17:00 odbywa\u0107 si\u0119 b\u0119d\u0105 gry i zabawy na boisku parafialnym. Natomiast 01.06.2021 kiermasz z zabawkami, lemoniad\u0105 i ciastem odbywa\u0107 si\u0119 b\u0119dzie od godz. 17:00 do 20:00<\/li>\n<li>Jutro, w poniedzia\u0142ek obchodzi\u0107 b\u0119dziemy \u015awi\u0119to Nawiedzenia NMP. Zapraszamy na Msze \u015aw. o godz. 18:00 i 19:00<\/li>\n<li>W poniedzia\u0142ek i wtorek dzieci rocznicowe w ramach bia\u0142ego tygodnia b\u0119d\u0105 uczestniczy\u0107 we Mszy \u015aw. o godz. 18:00<\/li>\n<li>Od wtorku rozpoczynamy nabo\u017ce\u0144stwa czerwcowe do Naj\u015bwi\u0119tszego Serca Jezusa. W dni powszednie zapraszamy na godz. 19:30, a w niedziel\u0119 i uroczysto\u015bci (np. Bo\u017ce Cia\u0142o) o godz. 18:30<\/li>\n<li>We wtorek i \u015brod\u0119 dzieci komunijne wraz z rodzinami przyst\u0105pi\u0105 do sakramentu pokuty:<\/li>\n<\/ol>\n<ul>\n<li>we wtorek o godz. 16:30 \u2013 grupa I, o 17:15 \u2013 grupa II<\/li>\n<li>w \u015brod\u0119 o godz. 16:00 \u2013 grupa III, o 16:45 \u2013 grupa IV, o 17:30 \u2013 grupa V<\/li>\n<\/ul>\n<ol start=\"8\">\n<li>W czwartek Uroczysto\u015b\u0107 Naj\u015bwi\u0119tszego Cia\u0142a i Krwi Chrystusa &#8211; Bo\u017ce Cia\u0142o. Msze \u015awi\u0119te w naszym ko\u015bciele o godz. 7:30, 9:00, 11:00 i 19:00. Po Mszy \u015aw. o godz. 11:00 odb\u0119dzie si\u0119 procesja do czterech o\u0142tarzy Eucharystycznych, kt\u00f3ra przejdzie ul. D\u0142ug\u0105 do ul. Zegrzy\u0144skiej i druga stron\u0105 ul. D\u0142ugiej wr\u00f3ci do ko\u015bcio\u0142a. Z g\u00f3ry dzi\u0119kujemy za zbudowanie o\u0142tarzy i dekoracje.<\/li>\n<li>W pi\u0105tek i sobot\u0119 grupa 115 dzieci przyst\u0105pi do I Komunii \u015awi\u0119tej. W pi\u0105tek o godz. 10 \u2013 I gr., o 11:15 \u2013 II gr. W sobot\u0119 o godz. 9:30 \u2013 III gr., o 10:45 \u2013 IV gr. i o 12 &#8211; V gr.<\/li>\n<li>W tym tygodniu przypada:<\/li>\n<\/ol>\n<ul>\n<li>I czwartek miesi\u0105ca: po Mszy \u015aw. o godz. 19:00 wystawienie Naj\u015bwi\u0119tszego Sakramentu, koronka do Bo\u017cego Mi\u0142osierdzia i mo\u017cliwo\u015b\u0107 Adoracji do godz. 22:00<\/li>\n<li>I pi\u0105tek miesi\u0105ca \u2013 spowied\u017a od 17:30 do 19:30. A o 20:00 odb\u0119dzie si\u0119 katecheza chrzcielna dla rodzic\u00f3w, chrzestnych i kandydat\u00f3w na chrzestnych<\/li>\n<li>I sobota miesi\u0105ca \u2013 po nabo\u017ce\u0144stwie czerwcowym odb\u0119dzie si\u0119 nabo\u017ce\u0144stwo wynagradzaj\u0105ce Sercu NMP i Adoracja do godz. 21<\/li>\n<li>I niedziela miesi\u0105ca \u2013 po Mszy \u015aw. o godz. 12:30 \u2013 wystawienie Naj\u015bwi\u0119tszego Sakramentu i procesja Eucharystyczna, a potem adoracja do godz. 18:30<\/li>\n<\/ul>\n<ol start=\"11\">\n<li>W sobot\u0119 5 czerwca zapraszamy na nabo\u017ce\u0144stwo pierwszych sob\u00f3t miesi\u0105ca szczeg\u00f3lnie m\u0119\u017cczyzn \u2013 M\u0119ski R\u00f3\u017caniec, kt\u00f3ry przejdzie ulicami Legionowa po Mszy \u015aw. o 7:30 z parafii Naj\u015bwi\u0119tszego Cia\u0142a i Krwi Chrystusa i wr\u00f3ci tam na Adoracj\u0119. Szczeg\u00f3\u0142y na plakacie w gablocie. Od lipca w I soboty miesi\u0105ca M\u0119ski R\u00f3\u017caniec zako\u0144czy si\u0119 w naszej parafii adoracj\u0105 od godz. 8:50 do godz. 10:10. Zach\u0119camy wszystkich m\u0119\u017cczyzn do podj\u0119cia wyzwania modlitwy r\u00f3\u017ca\u0144cowej w drodze w intencji swojego ma\u0142\u017ce\u0144stwa i rodziny<\/li>\n<li>W przysz\u0142\u0105 niedziel\u0119 b\u0119dziemy obchodzi\u0107 kolejny Dzie\u0144 Dzi\u0119kczynienia. W tym dniu w ca\u0142ej Polsce b\u0119d\u0105 zbierane ofiary na \u015awi\u0105tyni\u0119 Opatrzno\u015bci Bo\u017cej w Warszawie.<\/li>\n<li>Katolicka Odnowa w Duchu \u015awi\u0119tym Diecezji Warszawsko-Praskiej zaprasza na dzie\u0144 skupienia dla ma\u0142\u017conk\u00f3w, kt\u00f3ry odb\u0119dzie si\u0119 dnia 12.06.2021 od godz. 9.00-14.00 w naszej parafii. Tematem warsztat\u00f3w jest: \u201eJak si\u0119 dogada\u0107 w ma\u0142\u017ce\u0144stwie?\u201d Koszt 20 z\u0142\/os. Organizatorzy zapewniaj\u0105 opiek\u0119 nad dzie\u0107mi. Szczeg\u00f3\u0142owy program na plakacie w gablocie i na stronie parafialnej.<\/li>\n<li>Dzi\u0119kujemy za prace porz\u0105dkowe na naszym terenie ko\u015bcielnym w minionym tygodniu. Dzi\u0119kujemy za koszenie, zamiatanie i inne czynno\u015bci upi\u0119kszaj\u0105ce nasz teren.<\/li>\n<\/ol>\n","protected":false},"excerpt":{"rendered":"<p>Dzisiaj po ka\u017cdej Mszy \u015aw. m\u0142odzie\u017c ze wsp\u00f3lnoty oazowej rozprowadza ciasta za dobrowoln\u0105 ofiar\u0119, kt\u00f3ra zasili ich fundusz rekolekcji wakacyjnych. R\u00f3wnie\u017c dzi\u015b odb\u0119d\u0105 si\u0119 nast\u0119puj\u0105ce spotkania: o godz. 10:25 katecheza dla dzieci z kl. III SP przed uroczysto\u015bci\u0105 I Komunii \u015awi\u0119tej \u2013 dawna grupa II przed zmian\u0105 terminu Komunii \u015aw. o 17:30 dla pielgrzym\u00f3w niedosz\u0142ej [&hellip;]<\/p>\n","protected":false},"author":1,"featured_media":30657,"comment_status":"closed","ping_status":"closed","sticky":false,"template":"","format":"standard","meta":{"footnotes":""},"categories":[14],"tags":[],"class_list":["post-14698","post","type-post","status-publish","format-standard","has-post-thumbnail","hentry","category-ogloszenia-parafialne"],"_links":{"self":[{"href":"https:\/\/mbfatimska.ovh\/index.php\/wp-json\/wp\/v2\/posts\/14698","targetHints":{"allow":["GET"]}}],"collection":[{"href":"https:\/\/mbfatimska.ovh\/index.php\/wp-json\/wp\/v2\/posts"}],"about":[{"href":"https:\/\/mbfatimska.ovh\/index.php\/wp-json\/wp\/v2\/types\/post"}],"author":[{"embeddable":true,"href":"https:\/\/mbfatimska.ovh\/index.php\/wp-json\/wp\/v2\/users\/1"}],"replies":[{"embeddable":true,"href":"https:\/\/mbfatimska.ovh\/index.php\/wp-json\/wp\/v2\/comments?post=14698"}],"version-history":[{"count":0,"href":"https:\/\/mbfatimska.ovh\/index.php\/wp-json\/wp\/v2\/posts\/14698\/revisions"}],"wp:featuredmedia":[{"embeddable":true,"href":"https:\/\/mbfatimska.ovh\/index.php\/wp-json\/wp\/v2\/media\/30657"}],"wp:attachment":[{"href":"https:\/\/mbfatimska.ovh\/index.php\/wp-json\/wp\/v2\/media?parent=14698"}],"wp:term":[{"taxonomy":"category","embeddable":true,"href":"https:\/\/mbfatimska.ovh\/index.php\/wp-json\/wp\/v2\/categories?post=14698"},{"taxonomy":"post_tag","embeddable":true,"href":"https:\/\/mbfatimska.ovh\/index.php\/wp-json\/wp\/v2\/tags?post=14698"}],"curies":[{"name":"wp","href":"https:\/\/api.w.org\/{rel}","templated":true}]}}