{"id":14837,"date":"2021-06-03T20:07:54","date_gmt":"2021-06-03T18:07:54","guid":{"rendered":"http:\/\/www.mbfatimska.pl\/?p=14837"},"modified":"2021-06-03T20:07:54","modified_gmt":"2021-06-03T18:07:54","slug":"3-czerwca-2021-uroczystosc-najswietszego-ciala-i-krwi-chrystusa-2","status":"publish","type":"post","link":"https:\/\/mbfatimska.ovh\/index.php\/2021\/06\/03\/3-czerwca-2021-uroczystosc-najswietszego-ciala-i-krwi-chrystusa-2\/","title":{"rendered":"3 czerwca 2021. Uroczysto\u015b\u0107 Naj\u015bwi\u0119tszego Cia\u0142a i Krwi Chrystusa"},"content":{"rendered":"<p>Dzisiaj, my chrze\u015bcijanie prze\u017cywamy jeden z najpi\u0119kniejszych, najbardziej podnios\u0142ych dni w ci\u0105gu roku. Uroczysto\u015b\u0107 Naj\u015bwi\u0119tszego Cia\u0142a i Krwi Chrystusa. Uroczyst\u0105 Msz\u0119 \u015awi\u0119t\u0105 odprawi\u0142 proboszcz naszej parafii ksi\u0105dz pra\u0142at Tomasz Chcia\u0142owski. Po Mszy, zgodnie z wielowiekow\u0105 tradycj\u0105 wyruszyli\u015bmy z procesj\u0105, by pokaza\u0107, \u017ce Chrystus w Naj\u015bwi\u0119tszym Sakramencie w\u0119druje z nami ulicami, na kt\u00f3rych zwykle t\u0119tni codzienne \u017cycie. Idzie tam, gdzie my chodzimy, aby \u017cy\u0107 tam, gdzie my \u017cyjemy.<\/p>\n<p><a href=\"http:\/\/www.mbfatimska.pl\/3-czerwca-2021-uroczystosc-najswietszego-ciala-i-krwi-chrystusa\/\" target=\"_blank\" rel=\"noopener\">Galeria zdj\u0119\u0107<\/a><\/p>\n","protected":false},"excerpt":{"rendered":"<p>Dzisiaj, my chrze\u015bcijanie prze\u017cywamy jeden z najpi\u0119kniejszych, najbardziej podnios\u0142ych dni w ci\u0105gu roku. Uroczysto\u015b\u0107 Naj\u015bwi\u0119tszego Cia\u0142a i Krwi Chrystusa. Uroczyst\u0105 Msz\u0119 \u015awi\u0119t\u0105 odprawi\u0142 proboszcz naszej parafii ksi\u0105dz pra\u0142at Tomasz Chcia\u0142owski. Po Mszy, zgodnie z wielowiekow\u0105 tradycj\u0105 wyruszyli\u015bmy z procesj\u0105, by pokaza\u0107, \u017ce Chrystus w Naj\u015bwi\u0119tszym Sakramencie w\u0119druje z nami ulicami, na kt\u00f3rych zwykle t\u0119tni codzienne [&hellip;]<\/p>\n","protected":false},"author":1,"featured_media":14779,"comment_status":"closed","ping_status":"closed","sticky":false,"template":"","format":"standard","meta":{"footnotes":""},"categories":[2],"tags":[],"class_list":["post-14837","post","type-post","status-publish","format-standard","has-post-thumbnail","hentry","category-aktualnosci"],"_links":{"self":[{"href":"https:\/\/mbfatimska.ovh\/index.php\/wp-json\/wp\/v2\/posts\/14837","targetHints":{"allow":["GET"]}}],"collection":[{"href":"https:\/\/mbfatimska.ovh\/index.php\/wp-json\/wp\/v2\/posts"}],"about":[{"href":"https:\/\/mbfatimska.ovh\/index.php\/wp-json\/wp\/v2\/types\/post"}],"author":[{"embeddable":true,"href":"https:\/\/mbfatimska.ovh\/index.php\/wp-json\/wp\/v2\/users\/1"}],"replies":[{"embeddable":true,"href":"https:\/\/mbfatimska.ovh\/index.php\/wp-json\/wp\/v2\/comments?post=14837"}],"version-history":[{"count":0,"href":"https:\/\/mbfatimska.ovh\/index.php\/wp-json\/wp\/v2\/posts\/14837\/revisions"}],"wp:featuredmedia":[{"embeddable":true,"href":"https:\/\/mbfatimska.ovh\/index.php\/wp-json\/wp\/v2\/media\/14779"}],"wp:attachment":[{"href":"https:\/\/mbfatimska.ovh\/index.php\/wp-json\/wp\/v2\/media?parent=14837"}],"wp:term":[{"taxonomy":"category","embeddable":true,"href":"https:\/\/mbfatimska.ovh\/index.php\/wp-json\/wp\/v2\/categories?post=14837"},{"taxonomy":"post_tag","embeddable":true,"href":"https:\/\/mbfatimska.ovh\/index.php\/wp-json\/wp\/v2\/tags?post=14837"}],"curies":[{"name":"wp","href":"https:\/\/api.w.org\/{rel}","templated":true}]}}