{"id":14945,"date":"2021-06-13T15:00:20","date_gmt":"2021-06-13T13:00:20","guid":{"rendered":"http:\/\/www.mbfatimska.pl\/?p=14945"},"modified":"2021-06-13T15:00:20","modified_gmt":"2021-06-13T13:00:20","slug":"dzien-skupienia-dla-malzenstw-2","status":"publish","type":"post","link":"https:\/\/mbfatimska.ovh\/index.php\/2021\/06\/13\/dzien-skupienia-dla-malzenstw-2\/","title":{"rendered":"Dzie\u0144 skupienia dla ma\u0142\u017ce\u0144stw"},"content":{"rendered":"<div class=\"\" dir=\"auto\">\n<div id=\"jsc_c_3d\" class=\"ecm0bbzt hv4rvrfc ihqw7lf3 dati1w0a\" data-ad-comet-preview=\"message\" data-ad-preview=\"message\">\n<div class=\"j83agx80 cbu4d94t ew0dbk1b irj2b8pg\">\n<div class=\"qzhwtbm6 knvmm38d\">\n<div class=\"kvgmc6g5 cxmmr5t8 oygrvhab hcukyx3x c1et5uql ii04i59q\">\n<div dir=\"auto\">\u201e Dot\u0105d dwoje, cho\u0107 jeszcze nie jedno. Odt\u0105d jedno, cho\u0107 nadal dwoje.\u201d<\/div>\n<div dir=\"auto\">Jan Pawe\u0142 II<\/div>\n<\/div>\n<div class=\"o9v6fnle cxmmr5t8 oygrvhab hcukyx3x c1et5uql ii04i59q\">\n<div dir=\"auto\">Diakonia Odnowy Rodzin naszego dekanatu zorganizowa\u0142a Dzie\u0144 Skupienia dla ma\u0142\u017ce\u0144stw w Parafii MB Fatimskiej w Legionowie. Warsztaty prowadzili Pa\u0144stwo Joanna i Norbert Dawidczykowie. Udzia\u0142 wzi\u0119\u0142o ok. 20 par ma\u0142\u017ce\u0144skich. Ufamy, \u017ce to by\u0142 owocny i dobrze wykorzystany czas.<\/div>\n<div dir=\"auto\">Dzi\u0119kujemy wszystkim osobom zaanga\u017cowanym w organizacj\u0119 ca\u0142ego przedsi\u0119wzi\u0119cia oraz wszystkim ma\u0142\u017ce\u0144stwom, kt\u00f3re ch\u0119tnie zaproszenie przyj\u0119\u0142y. Chwa\u0142a Panu!<\/div>\n<div dir=\"auto\"><a href=\"http:\/\/www.mbfatimska.pl\/dzien-skupienia-dla-malzenstw\/\" target=\"_blank\" rel=\"noopener\">Galeria zdj\u0119\u0107<\/a><\/div>\n<\/div>\n<\/div>\n<\/div>\n<\/div>\n<\/div>\n","protected":false},"excerpt":{"rendered":"<p>\u201e Dot\u0105d dwoje, cho\u0107 jeszcze nie jedno. Odt\u0105d jedno, cho\u0107 nadal dwoje.\u201d Jan Pawe\u0142 II Diakonia Odnowy Rodzin naszego dekanatu zorganizowa\u0142a Dzie\u0144 Skupienia dla ma\u0142\u017ce\u0144stw w Parafii MB Fatimskiej w Legionowie. Warsztaty prowadzili Pa\u0144stwo Joanna i Norbert Dawidczykowie. Udzia\u0142 wzi\u0119\u0142o ok. 20 par ma\u0142\u017ce\u0144skich. Ufamy, \u017ce to by\u0142 owocny i dobrze wykorzystany czas. Dzi\u0119kujemy wszystkim [&hellip;]<\/p>\n","protected":false},"author":1,"featured_media":14893,"comment_status":"closed","ping_status":"closed","sticky":false,"template":"","format":"standard","meta":{"footnotes":""},"categories":[2],"tags":[],"class_list":["post-14945","post","type-post","status-publish","format-standard","has-post-thumbnail","hentry","category-aktualnosci"],"_links":{"self":[{"href":"https:\/\/mbfatimska.ovh\/index.php\/wp-json\/wp\/v2\/posts\/14945","targetHints":{"allow":["GET"]}}],"collection":[{"href":"https:\/\/mbfatimska.ovh\/index.php\/wp-json\/wp\/v2\/posts"}],"about":[{"href":"https:\/\/mbfatimska.ovh\/index.php\/wp-json\/wp\/v2\/types\/post"}],"author":[{"embeddable":true,"href":"https:\/\/mbfatimska.ovh\/index.php\/wp-json\/wp\/v2\/users\/1"}],"replies":[{"embeddable":true,"href":"https:\/\/mbfatimska.ovh\/index.php\/wp-json\/wp\/v2\/comments?post=14945"}],"version-history":[{"count":0,"href":"https:\/\/mbfatimska.ovh\/index.php\/wp-json\/wp\/v2\/posts\/14945\/revisions"}],"wp:featuredmedia":[{"embeddable":true,"href":"https:\/\/mbfatimska.ovh\/index.php\/wp-json\/wp\/v2\/media\/14893"}],"wp:attachment":[{"href":"https:\/\/mbfatimska.ovh\/index.php\/wp-json\/wp\/v2\/media?parent=14945"}],"wp:term":[{"taxonomy":"category","embeddable":true,"href":"https:\/\/mbfatimska.ovh\/index.php\/wp-json\/wp\/v2\/categories?post=14945"},{"taxonomy":"post_tag","embeddable":true,"href":"https:\/\/mbfatimska.ovh\/index.php\/wp-json\/wp\/v2\/tags?post=14945"}],"curies":[{"name":"wp","href":"https:\/\/api.w.org\/{rel}","templated":true}]}}