{"id":15008,"date":"2021-06-13T15:16:07","date_gmt":"2021-06-13T13:16:07","guid":{"rendered":"http:\/\/www.mbfatimska.pl\/?p=15008"},"modified":"2021-06-13T15:16:07","modified_gmt":"2021-06-13T13:16:07","slug":"29-rocznica-swiecen-kaplanskich-ksiedza-proboszcza-2","status":"publish","type":"post","link":"https:\/\/mbfatimska.ovh\/index.php\/2021\/06\/13\/29-rocznica-swiecen-kaplanskich-ksiedza-proboszcza-2\/","title":{"rendered":"29 Rocznica \u015awi\u0119ce\u0144 Kap\u0142a\u0144skich ksi\u0119dza proboszcza"},"content":{"rendered":"<p>28 maja tego roku min\u0119\u0142a 29 rocznica przyj\u0119cia \u015bwi\u0119ce\u0144 kap\u0142a\u0144skich przez naszego proboszcza, ksi\u0119dza pra\u0142ata Tomasza Chcia\u0142owskiego. 9 lat temu, 2 czerwca swoje \u015bwi\u0119cenia kap\u0142a\u0144skie przyj\u0105\u0142 ksi\u0105dz Marcin. W\u0142a\u015bnie dlatego, podczas pi\u0105tkowej Mszy \u015awi\u0119tej o godzinie 19:00 modlili\u015bmy si\u0119 w intencji ksi\u0119\u017cy pos\u0142uguj\u0105cych w naszej parafii nie zapominaj\u0105c tak\u017ce o ksi\u0119dzu Arkadiuszu niedawno \u015bwi\u0119tuj\u0105cym \u0107wierczwiecze kap\u0142a\u0144stwa. Na zako\u0144czenie Mszy \u015awi\u0119tej, tu\u017c przed b\u0142ogos\u0142awie\u0144stwem przedstawiciele r\u00f3\u017cnych grup dzia\u0142aj\u0105cych na terenie parafii z\u0142o\u017cyli ksi\u0119dzu Tomaszowi oraz ksi\u0119dzu Marcinowi serdeczne \u017cyczenia i wr\u0119czyli bukiety kwiat\u00f3w.<\/p>\n<p><a href=\"http:\/\/www.mbfatimska.pl\/29-rocznica-swiecen-kaplanskich-ksiedza-proboszcza\/\" target=\"_blank\" rel=\"noopener\">Galeria zdj\u0119\u0107<\/a><\/p>\n","protected":false},"excerpt":{"rendered":"<p>28 maja tego roku min\u0119\u0142a 29 rocznica przyj\u0119cia \u015bwi\u0119ce\u0144 kap\u0142a\u0144skich przez naszego proboszcza, ksi\u0119dza pra\u0142ata Tomasza Chcia\u0142owskiego. 9 lat temu, 2 czerwca swoje \u015bwi\u0119cenia kap\u0142a\u0144skie przyj\u0105\u0142 ksi\u0105dz Marcin. W\u0142a\u015bnie dlatego, podczas pi\u0105tkowej Mszy \u015awi\u0119tej o godzinie 19:00 modlili\u015bmy si\u0119 w intencji ksi\u0119\u017cy pos\u0142uguj\u0105cych w naszej parafii nie zapominaj\u0105c tak\u017ce o ksi\u0119dzu Arkadiuszu niedawno \u015bwi\u0119tuj\u0105cym \u0107wierczwiecze [&hellip;]<\/p>\n","protected":false},"author":1,"featured_media":14998,"comment_status":"closed","ping_status":"closed","sticky":false,"template":"","format":"standard","meta":{"footnotes":""},"categories":[2],"tags":[],"class_list":["post-15008","post","type-post","status-publish","format-standard","has-post-thumbnail","hentry","category-aktualnosci"],"_links":{"self":[{"href":"https:\/\/mbfatimska.ovh\/index.php\/wp-json\/wp\/v2\/posts\/15008","targetHints":{"allow":["GET"]}}],"collection":[{"href":"https:\/\/mbfatimska.ovh\/index.php\/wp-json\/wp\/v2\/posts"}],"about":[{"href":"https:\/\/mbfatimska.ovh\/index.php\/wp-json\/wp\/v2\/types\/post"}],"author":[{"embeddable":true,"href":"https:\/\/mbfatimska.ovh\/index.php\/wp-json\/wp\/v2\/users\/1"}],"replies":[{"embeddable":true,"href":"https:\/\/mbfatimska.ovh\/index.php\/wp-json\/wp\/v2\/comments?post=15008"}],"version-history":[{"count":0,"href":"https:\/\/mbfatimska.ovh\/index.php\/wp-json\/wp\/v2\/posts\/15008\/revisions"}],"wp:featuredmedia":[{"embeddable":true,"href":"https:\/\/mbfatimska.ovh\/index.php\/wp-json\/wp\/v2\/media\/14998"}],"wp:attachment":[{"href":"https:\/\/mbfatimska.ovh\/index.php\/wp-json\/wp\/v2\/media?parent=15008"}],"wp:term":[{"taxonomy":"category","embeddable":true,"href":"https:\/\/mbfatimska.ovh\/index.php\/wp-json\/wp\/v2\/categories?post=15008"},{"taxonomy":"post_tag","embeddable":true,"href":"https:\/\/mbfatimska.ovh\/index.php\/wp-json\/wp\/v2\/tags?post=15008"}],"curies":[{"name":"wp","href":"https:\/\/api.w.org\/{rel}","templated":true}]}}