{"id":15028,"date":"2021-07-03T21:12:38","date_gmt":"2021-07-03T19:12:38","guid":{"rendered":"http:\/\/www.mbfatimska.pl\/?p=15028"},"modified":"2021-07-03T21:12:38","modified_gmt":"2021-07-03T19:12:38","slug":"14-niedziela-zwykla","status":"publish","type":"post","link":"https:\/\/mbfatimska.ovh\/index.php\/2021\/07\/03\/14-niedziela-zwykla\/","title":{"rendered":"14 Niedziela Zwyk\u0142a"},"content":{"rendered":"<ol>\n<li>1. W dniu dzisiejszym z racji 1 Niedzieli Miesi\u0105ca, po Mszy \u015awi\u0119tej o godzinie 12:30 wystawienie Naj\u015bwi\u0119tszego Sakramentu i procesja eucharystyczna. Mo\u017cliwo\u015b\u0107 adoracji naj\u015bwi\u0119tszego Sakramentu do godziny 18:45<\/li>\n<li>2. R\u00f3wnie\u017c dzisiaj po Mszy \u015awi\u0119tej o godzinie 11:00 na placu przed ko\u015bcio\u0142em odb\u0119dzie si\u0119 obrz\u0119d po\u015bwi\u0119cenia rower\u00f3w oraz b\u0142ogos\u0142awie\u0144stwa kieruj\u0105cych jedno\u015bladami. Najm\u0142odsi u\u017cytkownicy jedno\u015blad\u00f3w otrzymaj\u0105 kaski rowerowe ufundowane przez Urz\u0105d Miasta Legionowo.<\/li>\n<li>3. Przypominamy, \u017ce w okresie wakacji spowied\u017a odbywa si\u0119 wg. nast\u0119puj\u0105cego porz\u0105dku:<\/li>\n<\/ol>\n<ul>\n<li>~ w dni powszednie 15 minut przed ka\u017cd\u0105 Msz\u0105 \u015awi\u0119t\u0105.<\/li>\n<li>~ w niedziele do po\u0142udnia podczas ka\u017cdej Mszy \u015awi\u0119tej.<\/li>\n<li>~ w niedziele po po\u0142udniu od godziny 18:30 do 18:55.<\/li>\n<\/ul>\n<ol start=\"5\">\n<li>4. Siostra Violetta Zaj\u0105c z &#8222;Pasji \u017bycia&#8221; organizuje piesz\u0105 pielgrzymk\u0119 Camino w ma\u0142ym gronie 5-6 os\u00f3b w dniach 5-15 sierpnia br na trasie Toru\u0144 &#8211; Pozna\u0144. S\u0105 jeszcze 2 wolne miejsca. Kontakt: 694 739 921<\/li>\n<li>5. Prosimy o zapoznanie si\u0119 z tre\u015bci\u0105 listu nades\u0142anego przez PCPR w Legionowie.<br \/>\nList do ludzi wielkich serc<br \/>\n<em>&#8222;To wielkie wyr\u00f3\u017cnienie mie\u0107 przy sobie takiego doros\u0142ego dla kt\u00f3rego troska, cierpliwo\u015b\u0107, wyrozumia\u0142o\u015b\u0107, po\u015bwi\u0119cenie to nie tylko puste s\u0142owa, a u\u015bmiech, przytulenie, pomocna d\u0142o\u0144, to droga do celu jakim jest szcz\u0119\u015bcie, kszta\u0142tuj\u0105ce dalsze \u017cycie dziecka&#8221;<\/em><br \/>\nSzcz\u0119\u015bliwe dzieci\u0144stwo, poczucie przynale\u017cno\u015bci, stabilizacja i bezpiecze\u0144stwo, to podstawa prawid\u0142owego rozwoju ka\u017cdego cz\u0142owieka, wp\u0142ywaj\u0105ca na ca\u0142e przysz\u0142e \u017cycie, postrzeganie \u015bwiata i ludzi. Dzieci pozbawione mi\u0142o\u015bci rodzicielskiej, prawid\u0142owej opieki, spokoju, w\u0142a\u015bciwego wychowania, wzorc\u00f3w, norm i zasad, a co za tym idzie dzieci\u0144stwa pe\u0142nego radosnych i beztroskich chwil, borykaj\u0105 si\u0119 z baga\u017cem ci\u0119\u017ckich i smutnych do\u015bwiadcze\u0144, kt\u00f3re mog\u0105 towarzyszy\u0107 im przez ca\u0142e \u017cycie. Zaniedbanym, osamotnionym dzieciom niezb\u0119dna jest pomoc odpowiedzialnych doros\u0142ych, kt\u00f3rymi mog\u0105 by\u0107 RODZICE ZAST\u0118PCZY. M\u0105drzy OPIEKUNOWIE ZAST\u0118PCZY ofiaruj\u0105c trosk\u0119, czu\u0142o\u015b\u0107 i mi\u0142o\u015b\u0107, maj\u0105 za zadanie pom\u00f3c uporz\u0105dkowa\u0107 skomplikowan\u0105 rzeczywisto\u015b\u0107 i sprawi\u0107, aby m\u0142ody cz\u0142owiek bezpiecznie przeszed\u0142 przez okres dzieci\u0144stwa i dorastania. RODZINA ZAST\u0118PCZA ma zapewni\u0107 mo\u017cliwo\u015b\u0107 w\u0142a\u015bciwego rozwoju fizycznego, psychicznego i spo\u0142ecznego dziecka. Ma sta\u0107 si\u0119 bezpieczn\u0105 przystani\u0105, w kt\u00f3rej zawsze mo\u017ce zacumowa\u0107 b\u0142\u0105dz\u0105ce dziecko. Je\u017celi chcieliby\u015bcie Pa\u0144stwo poda\u0107 pomocn\u0105 d\u0142o\u0144 osamotnionemu, zagubionemu, potrzebuj\u0105cemu dziecku, zapraszamy do Powiatowego Centrum Pomocy Rodzinie w Legionowie przy ul. Sikorskiego 11, tel. 22 7640140 \/ fax 22 7640141, email: sekretariat@pcpr.legionowski.pl www.pcpr.legionowski.plDYREKTOR<br \/>\nPowiatowego Centrum Pomocy Rodzinie<br \/>\nw Legionowie<br \/>\nMagdalena Jagnyziak<\/li>\n<\/ol>\n","protected":false},"excerpt":{"rendered":"<p>1. W dniu dzisiejszym z racji 1 Niedzieli Miesi\u0105ca, po Mszy \u015awi\u0119tej o godzinie 12:30 wystawienie Naj\u015bwi\u0119tszego Sakramentu i procesja eucharystyczna. Mo\u017cliwo\u015b\u0107 adoracji naj\u015bwi\u0119tszego Sakramentu do godziny 18:45 2. R\u00f3wnie\u017c dzisiaj po Mszy \u015awi\u0119tej o godzinie 11:00 na placu przed ko\u015bcio\u0142em odb\u0119dzie si\u0119 obrz\u0119d po\u015bwi\u0119cenia rower\u00f3w oraz b\u0142ogos\u0142awie\u0144stwa kieruj\u0105cych jedno\u015bladami. Najm\u0142odsi u\u017cytkownicy jedno\u015blad\u00f3w otrzymaj\u0105 kaski [&hellip;]<\/p>\n","protected":false},"author":1,"featured_media":13788,"comment_status":"closed","ping_status":"closed","sticky":false,"template":"","format":"standard","meta":{"footnotes":""},"categories":[14],"tags":[],"class_list":["post-15028","post","type-post","status-publish","format-standard","has-post-thumbnail","hentry","category-ogloszenia-parafialne"],"_links":{"self":[{"href":"https:\/\/mbfatimska.ovh\/index.php\/wp-json\/wp\/v2\/posts\/15028","targetHints":{"allow":["GET"]}}],"collection":[{"href":"https:\/\/mbfatimska.ovh\/index.php\/wp-json\/wp\/v2\/posts"}],"about":[{"href":"https:\/\/mbfatimska.ovh\/index.php\/wp-json\/wp\/v2\/types\/post"}],"author":[{"embeddable":true,"href":"https:\/\/mbfatimska.ovh\/index.php\/wp-json\/wp\/v2\/users\/1"}],"replies":[{"embeddable":true,"href":"https:\/\/mbfatimska.ovh\/index.php\/wp-json\/wp\/v2\/comments?post=15028"}],"version-history":[{"count":0,"href":"https:\/\/mbfatimska.ovh\/index.php\/wp-json\/wp\/v2\/posts\/15028\/revisions"}],"wp:featuredmedia":[{"embeddable":true,"href":"https:\/\/mbfatimska.ovh\/index.php\/wp-json\/wp\/v2\/media\/13788"}],"wp:attachment":[{"href":"https:\/\/mbfatimska.ovh\/index.php\/wp-json\/wp\/v2\/media?parent=15028"}],"wp:term":[{"taxonomy":"category","embeddable":true,"href":"https:\/\/mbfatimska.ovh\/index.php\/wp-json\/wp\/v2\/categories?post=15028"},{"taxonomy":"post_tag","embeddable":true,"href":"https:\/\/mbfatimska.ovh\/index.php\/wp-json\/wp\/v2\/tags?post=15028"}],"curies":[{"name":"wp","href":"https:\/\/api.w.org\/{rel}","templated":true}]}}